
{"id":9711,"date":"2017-04-06T12:01:17","date_gmt":"2017-04-06T07:04:56","guid":{"rendered":"http:\/\/blog.museunacional.cat\/?p=9711"},"modified":"2018-06-04T10:27:17","modified_gmt":"2018-06-04T10:27:17","slug":"el-compromiso-del-museu-nacional-con-el-medio-ambiente","status":"publish","type":"post","link":"https:\/\/blog.museunacional.cat\/es\/el-compromiso-del-museu-nacional-con-el-medio-ambiente\/","title":{"rendered":"El compromiso del Museu Nacional con el medio ambiente"},"content":{"rendered":"<h6>Redacci\u00f3n museo<\/h6>\n<p><a href=\"https:\/\/blog.museunacional.cat\/wp-content\/uploads\/Consells-13-a-CAST.jpg\" target=\"_blank\" rel=\"noopener noreferrer\"><img loading=\"lazy\" decoding=\"async\" class=\"alignnone wp-image-9732\" src=\"https:\/\/blog.museunacional.cat\/wp-content\/uploads\/Consells-13-a-CAST.jpg\" alt=\"\" width=\"620\" height=\"366\" srcset=\"https:\/\/blog.museunacional.cat\/wp-content\/uploads\/Consells-13-a-CAST.jpg 1000w, https:\/\/blog.museunacional.cat\/wp-content\/uploads\/Consells-13-a-CAST-300x177.jpg 300w, https:\/\/blog.museunacional.cat\/wp-content\/uploads\/Consells-13-a-CAST-768x453.jpg 768w\" sizes=\"auto, (max-width: 620px) 100vw, 620px\" \/><\/a><\/p>\n<p>Como responsables de la conservaci\u00f3n del patrimonio, el museo tenemos el compromiso de trabajar hacia una sociedad mejor tambi\u00e9n a trav\u00e9s de una pol\u00edtica medioambiental. Siendo consecuentes con la <a href=\"https:\/\/www.museunacional.cat\/sites\/default\/files\/politica_rsc.pdf\" target=\"_blank\" rel=\"noopener noreferrer\">pol\u00edtica de responsabilidad social<\/a> (pdf) y un <a href=\"https:\/\/www.museunacional.cat\/sites\/default\/files\/codigo_etico_rs.pdf\" target=\"_blank\" rel=\"noopener noreferrer\">c\u00f3digo \u00e9tico<\/a> (pdf), des del museo integramos pol\u00edticas y sistemas de gesti\u00f3n en los \u00e1mbitos econ\u00f3mico, social y medioambiental.<\/p>\n<p>Por eso hemos implementado un Sistema de Gesti\u00f3n Ambiental que nos permite desarrollar nuestra actividad con el m\u00e1ximo respeto por el entorno y minimizando el impacto sobre el medio ambiente.<\/p>\n<p>En este sentido, la <a href=\"https:\/\/issuu.com\/mnac\/docs\/declaracio___ambiental_2015\" target=\"_blank\" rel=\"noopener noreferrer\">Declaraci\u00f3n ambiental 2015<\/a> (en catal\u00e1n) acoge la diagnosis y el plan de acci\u00f3n anual del museo, de acuerdo con la norma ISO 14.001, conseguida en julio de 2011, y el Reglamento Europeo EMAS, certificaci\u00f3n conseguida en enero de 2012.<\/p>\n<p>En las ilustraciones mostramos algunas de las c\u00e1psulas de medio ambiente que hemos difundido internamente para todo el equipo del museo. Buena parte de estas recomendaciones pueden ser \u00fatiles para otras organizaciones y para el hogar.<\/p>\n<p>Para leer el texto clicad las im\u00e1genes:<\/p>\n<table style=\"height: 202px;\" border=\"0\" width=\"616\" cellspacing=\"0\" cellpadding=\"0\">\n<tbody>\n<tr>\n<td style=\"border: hidden;\" valign=\"top\"><a href=\"https:\/\/blog.museunacional.cat\/wp-content\/uploads\/Consells-2-CAST.jpg\" target=\"_blank\" rel=\"noopener noreferrer\"><img loading=\"lazy\" decoding=\"async\" class=\"alignnone wp-image-9733\" src=\"https:\/\/blog.museunacional.cat\/wp-content\/uploads\/Consells-2-CAST.jpg\" alt=\"\" width=\"281\" height=\"191\" srcset=\"https:\/\/blog.museunacional.cat\/wp-content\/uploads\/Consells-2-CAST.jpg 1000w, https:\/\/blog.museunacional.cat\/wp-content\/uploads\/Consells-2-CAST-300x205.jpg 300w, https:\/\/blog.museunacional.cat\/wp-content\/uploads\/Consells-2-CAST-768x524.jpg 768w\" sizes=\"auto, (max-width: 281px) 100vw, 281px\" \/><\/a><\/td>\n<td style=\"border: hidden;\" valign=\"top\"><a href=\"https:\/\/blog.museunacional.cat\/wp-content\/uploads\/Consells-1-DEF-CAST.jpg\" target=\"_blank\" rel=\"noopener noreferrer\"><img loading=\"lazy\" decoding=\"async\" class=\"alignnone wp-image-9734\" src=\"https:\/\/blog.museunacional.cat\/wp-content\/uploads\/Consells-1-DEF-CAST.jpg\" alt=\"\" width=\"323\" height=\"190\" srcset=\"https:\/\/blog.museunacional.cat\/wp-content\/uploads\/Consells-1-DEF-CAST.jpg 1000w, https:\/\/blog.museunacional.cat\/wp-content\/uploads\/Consells-1-DEF-CAST-300x176.jpg 300w, https:\/\/blog.museunacional.cat\/wp-content\/uploads\/Consells-1-DEF-CAST-768x452.jpg 768w\" sizes=\"auto, (max-width: 323px) 100vw, 323px\" \/><\/a><\/td>\n<\/tr>\n<\/tbody>\n<\/table>\n<table style=\"height: 193px;\" border=\"0\" width=\"612\" cellspacing=\"0\" cellpadding=\"0\">\n<tbody>\n<tr>\n<td style=\"border: hidden;\" valign=\"top\"><a href=\"https:\/\/blog.museunacional.cat\/wp-content\/uploads\/Consells-3-CAST-.jpg\" target=\"_blank\" rel=\"noopener noreferrer\"><img loading=\"lazy\" decoding=\"async\" class=\"alignnone wp-image-9735\" src=\"https:\/\/blog.museunacional.cat\/wp-content\/uploads\/Consells-3-CAST-.jpg\" alt=\"\" width=\"300\" height=\"177\" srcset=\"https:\/\/blog.museunacional.cat\/wp-content\/uploads\/Consells-3-CAST-.jpg 1000w, https:\/\/blog.museunacional.cat\/wp-content\/uploads\/Consells-3-CAST--300x177.jpg 300w, https:\/\/blog.museunacional.cat\/wp-content\/uploads\/Consells-3-CAST--768x453.jpg 768w\" sizes=\"auto, (max-width: 300px) 100vw, 300px\" \/><\/a><\/td>\n<td style=\"border: hidden;\" valign=\"top\"><a href=\"https:\/\/blog.museunacional.cat\/wp-content\/uploads\/Consells-4-def-CAST.jpg\" target=\"_blank\" rel=\"noopener noreferrer\"><img loading=\"lazy\" decoding=\"async\" class=\"alignnone wp-image-9736\" src=\"https:\/\/blog.museunacional.cat\/wp-content\/uploads\/Consells-4-def-CAST.jpg\" alt=\"\" width=\"300\" height=\"177\" srcset=\"https:\/\/blog.museunacional.cat\/wp-content\/uploads\/Consells-4-def-CAST.jpg 1000w, https:\/\/blog.museunacional.cat\/wp-content\/uploads\/Consells-4-def-CAST-300x177.jpg 300w, https:\/\/blog.museunacional.cat\/wp-content\/uploads\/Consells-4-def-CAST-768x453.jpg 768w\" sizes=\"auto, (max-width: 300px) 100vw, 300px\" \/><\/a><\/td>\n<\/tr>\n<\/tbody>\n<\/table>\n<h3>Buenas pr\u00e1cticas ambientales<\/h3>\n<p>Somos a primera entidad cultural en Catalu\u00f1a que ha puesto en pr\u00e1ctica un plan de ambientalizaci\u00f3n en materia de residuos. Trabajamos sobre la base de un <strong>Manual de Buenas Pr\u00e1cticas Ambientales, de uso interno,<\/strong> que tiene como prioridad la reducci\u00f3n, la reutilizaci\u00f3n y el reciclaje de los residuos en todos los \u00e1mbitos, y sobre los\u00a0<strong>principios de la Pol\u00edtica de Gesti\u00f3n Ambiental, que se basan en la difusi\u00f3n ambiental, la prevenci\u00f3n de la <\/strong><strong>contaminaci\u00f3n y la mejora continua:<\/strong><\/p>\n<ul>\n<li>Establecer un proceso de mejora continua de la gesti\u00f3n ambiental mediante la dotaci\u00f3n de recursos necesaria.<\/li>\n<li>Conocer y cumplir las normativas y los requisitos legales presentes y futuros, y otros que la organizaci\u00f3n suscriba.<\/li>\n<li>Informar, formar y sensibilizar al personal para incorporar los criterios de sostenibilidad en todas las actividades.<\/li>\n<li>Difundir y fomentar, entre los proveedores, colaboradores y p\u00fablico, las pol\u00edticas ambientales del museo.<\/li>\n<li>Utilizar de forma eficiente los recursos naturales, las materias primas y la energ\u00eda, fomentar la reducci\u00f3n, la reutilizaci\u00f3n y el reciclaje de residuos como forma de prevenci\u00f3n de la contaminaci\u00f3n.<\/li>\n<\/ul>\n<table style=\"height: 228px;\" border=\"0\" width=\"619\" cellspacing=\"0\" cellpadding=\"0\">\n<tbody>\n<tr>\n<td style=\"border: hidden;\" valign=\"top\"><a href=\"https:\/\/blog.museunacional.cat\/wp-content\/uploads\/Consells-6-DEF-CAST.jpg\" target=\"_blank\" rel=\"noopener noreferrer\"><img loading=\"lazy\" decoding=\"async\" class=\"alignnone wp-image-9738\" src=\"https:\/\/blog.museunacional.cat\/wp-content\/uploads\/Consells-6-DEF-CAST.jpg\" alt=\"\" width=\"292\" height=\"219\" srcset=\"https:\/\/blog.museunacional.cat\/wp-content\/uploads\/Consells-6-DEF-CAST.jpg 1000w, https:\/\/blog.museunacional.cat\/wp-content\/uploads\/Consells-6-DEF-CAST-300x225.jpg 300w, https:\/\/blog.museunacional.cat\/wp-content\/uploads\/Consells-6-DEF-CAST-768x576.jpg 768w\" sizes=\"auto, (max-width: 292px) 100vw, 292px\" \/><\/a><\/td>\n<td style=\"border: hidden;\" valign=\"top\"><a href=\"https:\/\/blog.museunacional.cat\/wp-content\/uploads\/Consells-11-CAST.jpg\" target=\"_blank\" rel=\"noopener noreferrer\"><img loading=\"lazy\" decoding=\"async\" class=\"alignnone wp-image-9739\" src=\"https:\/\/blog.museunacional.cat\/wp-content\/uploads\/Consells-11-CAST.jpg\" alt=\"\" width=\"313\" height=\"218\" srcset=\"https:\/\/blog.museunacional.cat\/wp-content\/uploads\/Consells-11-CAST.jpg 1000w, https:\/\/blog.museunacional.cat\/wp-content\/uploads\/Consells-11-CAST-300x209.jpg 300w, https:\/\/blog.museunacional.cat\/wp-content\/uploads\/Consells-11-CAST-768x535.jpg 768w\" sizes=\"auto, (max-width: 313px) 100vw, 313px\" \/><\/a><\/td>\n<\/tr>\n<\/tbody>\n<\/table>\n<table style=\"height: 229px;\" border=\"0\" width=\"620\" cellspacing=\"0\" cellpadding=\"0\">\n<tbody>\n<tr>\n<td style=\"border: hidden;\" valign=\"top\"><a href=\"https:\/\/blog.museunacional.cat\/wp-content\/uploads\/Consells-9-CAST.jpg\" target=\"_blank\" rel=\"noopener noreferrer\"><img loading=\"lazy\" decoding=\"async\" class=\"alignnone wp-image-9740\" src=\"https:\/\/blog.museunacional.cat\/wp-content\/uploads\/Consells-9-CAST.jpg\" alt=\"\" width=\"300\" height=\"225\" srcset=\"https:\/\/blog.museunacional.cat\/wp-content\/uploads\/Consells-9-CAST.jpg 1000w, https:\/\/blog.museunacional.cat\/wp-content\/uploads\/Consells-9-CAST-300x225.jpg 300w, https:\/\/blog.museunacional.cat\/wp-content\/uploads\/Consells-9-CAST-768x576.jpg 768w\" sizes=\"auto, (max-width: 300px) 100vw, 300px\" \/><\/a><\/td>\n<td style=\"border: hidden;\" valign=\"top\"><a href=\"https:\/\/blog.museunacional.cat\/wp-content\/uploads\/Consells-10-CAST.jpg\" target=\"_blank\" rel=\"noopener noreferrer\"><img loading=\"lazy\" decoding=\"async\" class=\"alignnone wp-image-9741\" src=\"https:\/\/blog.museunacional.cat\/wp-content\/uploads\/Consells-10-CAST.jpg\" alt=\"\" width=\"300\" height=\"224\" srcset=\"https:\/\/blog.museunacional.cat\/wp-content\/uploads\/Consells-10-CAST.jpg 1000w, https:\/\/blog.museunacional.cat\/wp-content\/uploads\/Consells-10-CAST-300x224.jpg 300w, https:\/\/blog.museunacional.cat\/wp-content\/uploads\/Consells-10-CAST-768x574.jpg 768w\" sizes=\"auto, (max-width: 300px) 100vw, 300px\" \/><\/a><\/td>\n<\/tr>\n<\/tbody>\n<\/table>\n<h3>\u00bfCu\u00e1l puede ser nuestro compromiso personal con el medio ambiente?<\/h3>\n<p>Nuestro compromiso no finaliza aqu\u00ed, en el \u00e1mbito y el espacio laboral, sino que nuestra tarea de implicaci\u00f3n y participaci\u00f3n para\u00a0conservar lo que es de todos, la hacemos extensiva tambi\u00e9n a casa y a todos vosotros. Son peque\u00f1os gestos que cada uno de nosotros puede aplicar en el trabajo y en casa.<\/p>\n<ul>\n<li><strong>Segregaci\u00f3n: <\/strong>el papel se ha de depositar, sin arrugar, en los contenedores para optimizar el espacio y el coste del transporte. No se pueden tirar ni papeles plastificados, ni ensuciados con sustancias org\u00e1nicas, ni grapas, ni clips, ni aluminio.<\/li>\n<li><strong>Climatizaci\u00f3n: <\/strong>las puertas y ventanas deber\u00e1n permanecer cerradas mientras funcione la climatizaci\u00f3n y se deber\u00e1 regular el termostato a 20\u00baC en invierno y a 25\u00baC en verano.<\/li>\n<li><strong>Equipos inform\u00e1ticos: <\/strong>deber\u00e1n apagarse los monitores de los ordenadores que no se utilicen y los ordenadores al acabar la jornada laboral. La conexi\u00f3n en red de los equipos de imagen (fotocopiadoras, impresoras, etc.) reduce el n\u00famero de unidades y hace que sean m\u00e1s eficientes.<\/li>\n<li><strong>Energ\u00eda: <\/strong>es necesario desenchufar los aparatos de la corriente, utilizar bombillas de bajo consumo y encender las luces solo cuando sea necesario.<\/li>\n<li><strong>Reducir, reutilizar y reciclar: <\/strong>se ha de potenciar la minimizaci\u00f3n de residuos volviendo a utilizar las cosas en buen estado y evitando los productos de un solo uso. Una vez que ya hemos producido residuos, es necesario recogerlos selectivamente para reciclarlos: les dar\u00e1 un nuevo valor.<\/li>\n<li><strong>Compra verde:<\/strong> adquirir productos que eviten sustancias t\u00f3xicas y contaminantes, como compuestos org\u00e1nicos vol\u00e1tiles o fosfatos; dosificar a partir de lo que necesitamos y de lo que nos recomiendan los fabricantes y limpiar a baja temperatura y con los electrodom\u00e9sticos llenos. As\u00ed, minimizamos los residuos y el consumo de recursos naturales, y trabajamos para nuestra salud y la del medio ambiente.<\/li>\n<li><strong>Compartir coche:<\/strong> compartir el coche con otros compa\u00f1eros ayuda a reducir los gastos y la contaminaci\u00f3n.<\/li>\n<\/ul>\n<table style=\"height: 212px;\" border=\"0\" width=\"617\" cellspacing=\"0\" cellpadding=\"0\">\n<tbody>\n<tr>\n<td style=\"border: hidden;\" valign=\"top\"><a href=\"https:\/\/blog.museunacional.cat\/wp-content\/uploads\/Consells-12-CAST.jpg\" target=\"_blank\" rel=\"noopener noreferrer\"><img loading=\"lazy\" decoding=\"async\" class=\"alignnone wp-image-9743\" src=\"https:\/\/blog.museunacional.cat\/wp-content\/uploads\/Consells-12-CAST.jpg\" alt=\"\" width=\"300\" height=\"209\" srcset=\"https:\/\/blog.museunacional.cat\/wp-content\/uploads\/Consells-12-CAST.jpg 1000w, https:\/\/blog.museunacional.cat\/wp-content\/uploads\/Consells-12-CAST-300x209.jpg 300w, https:\/\/blog.museunacional.cat\/wp-content\/uploads\/Consells-12-CAST-768x535.jpg 768w\" sizes=\"auto, (max-width: 300px) 100vw, 300px\" \/><\/a><\/td>\n<td style=\"border: hidden;\" valign=\"top\"><a href=\"https:\/\/blog.museunacional.cat\/wp-content\/uploads\/Consells-14-CAST.jpg\" target=\"_blank\" rel=\"noopener noreferrer\"><img loading=\"lazy\" decoding=\"async\" class=\"alignnone wp-image-9744\" src=\"https:\/\/blog.museunacional.cat\/wp-content\/uploads\/Consells-14-CAST.jpg\" alt=\"\" width=\"300\" height=\"209\" srcset=\"https:\/\/blog.museunacional.cat\/wp-content\/uploads\/Consells-14-CAST.jpg 1000w, https:\/\/blog.museunacional.cat\/wp-content\/uploads\/Consells-14-CAST-300x209.jpg 300w, https:\/\/blog.museunacional.cat\/wp-content\/uploads\/Consells-14-CAST-768x535.jpg 768w\" sizes=\"auto, (max-width: 300px) 100vw, 300px\" \/><\/a><\/td>\n<\/tr>\n<\/tbody>\n<\/table>\n<p><strong>Un petit gest&#8230; un gran ajut!<\/strong><\/p>\n<h3>Enlaces relacionados<\/h3>\n<p><a href=\"https:\/\/www.museunacional.cat\/sites\/default\/files\/memoria_rs_2015.pdf\" target=\"_blank\" rel=\"noopener noreferrer\">Mem\u00f2ria de Responsabiblitat Social 2015 (pdf &#8211; 1,01 Mb, en catal\u00e1n)<\/a>,<\/p>\n<p><em>Quorum<\/em>:\u00a0<a href=\"http:\/\/www.quorum.bsm.upf.edu\/temas\/cat-el-museu-nacional-dart-de-catalunya-i-la-responsabilitat-social-corporativa\/\" target=\"_blank\" rel=\"noopener noreferrer\">El Museu Nacional d\u2019Art de Catalunya y la responsabilidad social corporativa<\/a><\/p>\n<p>Programa de\u00a0<a href=\"http:\/\/www.ccma.cat\/tv3\/alacarta\/valor-afegit\/responsabilitat-social-corporativa-un-nou-model-de-gestio\/video\/5482776\/\" target=\"_blank\" rel=\"noopener noreferrer\">TV3\u00a0<em>Valor afegit<\/em>\u00a0(11\/03\/2015, en catal\u00e1n)<\/a><\/p>\n<p><a href=\"https:\/\/issuu.com\/mnac\/docs\/comite_medi_ambient_febrer_2014_cas\" target=\"_blank\" rel=\"noopener noreferrer\">\u00bfC\u00f3mo ahorramos energ\u00eda?<\/a>\u00a0(Issuu)<\/p>\n<p class=\"single-entry-title\"><a href=\"https:\/\/blog.museunacional.cat\/es\/museo-mas-ecologico-y-mas-economico-nuevas-instalaciones-en-arte-moderno\/\" target=\"_blank\" rel=\"noopener noreferrer\">Museo m\u00e1s ecol\u00f3gico y m\u00e1s econ\u00f3mico: nuevas instalaciones en arte moderno<\/a><\/p>\n","protected":false},"excerpt":{"rendered":"<p>Redacci\u00f3n museo Como responsables de la conservaci\u00f3n del patrimonio, el museo tenemos el compromiso de trabajar hacia una sociedad mejor tambi\u00e9n a trav\u00e9s de una pol\u00edtica medioambiental. Siendo consecuentes con la pol\u00edtica de responsabilidad social (pdf) y un c\u00f3digo \u00e9tico (pdf), des del museo integramos pol\u00edticas y sistemas de gesti\u00f3n en los \u00e1mbitos econ\u00f3mico, social&#8230;<\/p>\n","protected":false},"author":21,"featured_media":9731,"comment_status":"open","ping_status":"open","sticky":false,"template":"","format":"standard","meta":{"_jetpack_memberships_contains_paid_content":false,"footnotes":""},"categories":[3,35],"tags":[646,1320],"class_list":["post-9711","post","type-post","status-publish","format-standard","has-post-thumbnail","hentry","category-general-es","category-gestion","tag-medio-ambiente","tag-responsabilidad-social","author-redacciomuseu"],"jetpack_featured_media_url":"https:\/\/blog.museunacional.cat\/wp-content\/uploads\/Cap\u00e7alera-CAST.jpg","jetpack_sharing_enabled":true,"jetpack_shortlink":"https:\/\/wp.me\/p4tWCI-2wD","_links":{"self":[{"href":"https:\/\/blog.museunacional.cat\/es\/wp-json\/wp\/v2\/posts\/9711","targetHints":{"allow":["GET"]}}],"collection":[{"href":"https:\/\/blog.museunacional.cat\/es\/wp-json\/wp\/v2\/posts"}],"about":[{"href":"https:\/\/blog.museunacional.cat\/es\/wp-json\/wp\/v2\/types\/post"}],"author":[{"embeddable":true,"href":"https:\/\/blog.museunacional.cat\/es\/wp-json\/wp\/v2\/users\/21"}],"replies":[{"embeddable":true,"href":"https:\/\/blog.museunacional.cat\/es\/wp-json\/wp\/v2\/comments?post=9711"}],"version-history":[{"count":10,"href":"https:\/\/blog.museunacional.cat\/es\/wp-json\/wp\/v2\/posts\/9711\/revisions"}],"predecessor-version":[{"id":13525,"href":"https:\/\/blog.museunacional.cat\/es\/wp-json\/wp\/v2\/posts\/9711\/revisions\/13525"}],"wp:featuredmedia":[{"embeddable":true,"href":"https:\/\/blog.museunacional.cat\/es\/wp-json\/wp\/v2\/media\/9731"}],"wp:attachment":[{"href":"https:\/\/blog.museunacional.cat\/es\/wp-json\/wp\/v2\/media?parent=9711"}],"wp:term":[{"taxonomy":"category","embeddable":true,"href":"https:\/\/blog.museunacional.cat\/es\/wp-json\/wp\/v2\/categories?post=9711"},{"taxonomy":"post_tag","embeddable":true,"href":"https:\/\/blog.museunacional.cat\/es\/wp-json\/wp\/v2\/tags?post=9711"}],"curies":[{"name":"wp","href":"https:\/\/api.w.org\/{rel}","templated":true}]}}