
{"id":9333,"date":"2017-03-30T10:44:29","date_gmt":"2017-02-21T11:07:46","guid":{"rendered":"http:\/\/blog.museunacional.cat\/?p=9333"},"modified":"2017-05-04T12:32:50","modified_gmt":"2017-05-04T12:32:50","slug":"donde-nos-lleva-la-colera","status":"publish","type":"post","link":"https:\/\/blog.museunacional.cat\/es\/donde-nos-lleva-la-colera\/","title":{"rendered":"\u00bfD\u00f3nde nos lleva la c\u00f3lera?"},"content":{"rendered":"<h6>Georges Didi-Hubermann<\/h6>\n<p><em>El siguiente texto es un extracto de la conferencia inaugural de la exposici\u00f3n <a href=\"https:\/\/www.museunacional.cat\/es\/insurrecciones\" target=\"_blank\" rel=\"noopener noreferrer\">Insurrecciones<\/a>\u00a0que tuvo lugar en el museo el 23 de febrero de 2017. V\u00eddeo completo de la conferencia al final del art\u00edculo.<br \/>\n<\/em><\/p>\n<div id=\"attachment_9341\" style=\"width: 608px\" class=\"wp-caption alignnone\"><a href=\"https:\/\/blog.museunacional.cat\/wp-content\/uploads\/212790-000.jpg\" target=\"_blank\" rel=\"noopener noreferrer\"><img loading=\"lazy\" decoding=\"async\" aria-describedby=\"caption-attachment-9341\" class=\"wp-image-9341\" src=\"https:\/\/blog.museunacional.cat\/wp-content\/uploads\/212790-000.jpg\" alt=\"\" width=\"598\" height=\"400\" srcset=\"https:\/\/blog.museunacional.cat\/wp-content\/uploads\/212790-000.jpg 3000w, https:\/\/blog.museunacional.cat\/wp-content\/uploads\/212790-000-300x201.jpg 300w, https:\/\/blog.museunacional.cat\/wp-content\/uploads\/212790-000-768x514.jpg 768w, https:\/\/blog.museunacional.cat\/wp-content\/uploads\/212790-000-1024x685.jpg 1024w\" sizes=\"auto, (max-width: 598px) 100vw, 598px\" \/><\/a><p id=\"caption-attachment-9341\" class=\"wp-caption-text\">Manel Armengol, <a href=\"https:\/\/www.museunacional.cat\/es\/colleccio\/manifestaciones-del-1-de-febrero-de-1976-convocatoria-para-llibertat-amnistia-estatut-dautonomia\/manel-armengol\/212790-000\" target=\"_blank\" rel=\"noopener noreferrer\"><em>Manifestaciones del 1 de febrero de 1976 en Barcelona. Convocatoria por la \u00ablibertad, amnist\u00eda, estatuto de autonom\u00eda\u00bb<\/em><\/a>. Concentraci\u00f3n en la calle Consell de Cent, 1976 (tiraje 2003). \u00a9 Manel Armengol, 2017<\/p><\/div>\n<p>Hay c\u00f3leras que son \u00absantas\u00bb, c\u00f3leras justas. Pero, \u00bfc\u00f3mo discernir entre la pertinencia de una c\u00f3lera o el acto de justicia que reivindica? \u00bfC\u00f3mo ser justos con las insurrecciones y los arrebatos pasionales que siempre conlleva? \u00bfC\u00f3mo legislar la c\u00f3lera? \u00bfQu\u00e9 se quiere decir cu\u00e1ndo se tilda de leg\u00edtima? <strong>\u00bfQu\u00e9 ser\u00eda un derecho de insurrecci\u00f3n<\/strong>? En 1795, apareci\u00f3 en la casa parisina de Jacquot un fasc\u00edculo de cinco p\u00e1ginas titulado <em>Insurrection en faveur des droits du peuple souverain<\/em> (Insurrecci\u00f3n en favor de los derechos del pueblo soberano<em>). <\/em>Pon\u00eda de relieve el art\u00edculo trig\u00e9simo quinto de la <a href=\"https:\/\/fr.wikipedia.org\/wiki\/D%C3%A9claration_des_droits_et_des_devoirs_de_l'homme_et_du_citoyen_de_1795\" target=\"_blank\" rel=\"noopener noreferrer\"><em>Declaraci\u00f3n francesa de derechos humanos y del ciudadano<\/em><\/a>: \u00abCuando el gobierno viola los derechos del pueblo, la insurrecci\u00f3n es para el pueblo y para cada porci\u00f3n del pueblo, el m\u00e1s sagrado de los derechos y el m\u00e1s indispensable de los deberes\u00bb. Entretanto, es decir, entre 1792 y 1793, los \u00abenojados\u00bb de la Revoluci\u00f3n Francesa publicaron sus escritos, discursos o panfletos que, finalmente, se reunieron bajo el t\u00edtulo de <em>Notre patience est \u00e0 bout<\/em> (Nuestra paciencia se est\u00e1 acabando<em>). <\/em><\/p>\n<table style=\"height: 299px;\" border=\"0\" width=\"619\" cellspacing=\"0\" cellpadding=\"0\">\n<tbody>\n<tr>\n<td style=\"border: hidden;\" valign=\"top\">\n<p><div id=\"attachment_9654\" style=\"width: 386px\" class=\"wp-caption alignnone\"><a href=\"https:\/\/blog.museunacional.cat\/wp-content\/uploads\/214588-000_064293-1.jpg\" target=\"_blank\" rel=\"noopener noreferrer\"><img loading=\"lazy\" decoding=\"async\" aria-describedby=\"caption-attachment-9654\" class=\"wp-image-9654\" src=\"https:\/\/blog.museunacional.cat\/wp-content\/uploads\/214588-000_064293-1.jpg\" alt=\"\" width=\"376\" height=\"231\" srcset=\"https:\/\/blog.museunacional.cat\/wp-content\/uploads\/214588-000_064293-1.jpg 1500w, https:\/\/blog.museunacional.cat\/wp-content\/uploads\/214588-000_064293-1-300x184.jpg 300w, https:\/\/blog.museunacional.cat\/wp-content\/uploads\/214588-000_064293-1-768x472.jpg 768w, https:\/\/blog.museunacional.cat\/wp-content\/uploads\/214588-000_064293-1-1024x629.jpg 1024w\" sizes=\"auto, (max-width: 376px) 100vw, 376px\" \/><\/a><p id=\"caption-attachment-9654\" class=\"wp-caption-text\">Ramon Mart\u00ed i Alsina, Estudio para el cuadro \u201c<em>El gran dia de Girona<\/em>\u201d, hacia 1863-1864<\/p><\/div><\/td>\n<td style=\"border: hidden;\" valign=\"top\">\n<p><div id=\"attachment_9346\" style=\"width: 236px\" class=\"wp-caption alignnone\"><a href=\"https:\/\/blog.museunacional.cat\/wp-content\/uploads\/113432-000.jpg\" target=\"_blank\" rel=\"noopener noreferrer\"><img loading=\"lazy\" decoding=\"async\" aria-describedby=\"caption-attachment-9346\" class=\"wp-image-9346\" src=\"https:\/\/blog.museunacional.cat\/wp-content\/uploads\/113432-000.jpg\" alt=\"\" width=\"226\" height=\"232\" srcset=\"https:\/\/blog.museunacional.cat\/wp-content\/uploads\/113432-000.jpg 1462w, https:\/\/blog.museunacional.cat\/wp-content\/uploads\/113432-000-292x300.jpg 292w, https:\/\/blog.museunacional.cat\/wp-content\/uploads\/113432-000-768x788.jpg 768w, https:\/\/blog.museunacional.cat\/wp-content\/uploads\/113432-000-998x1024.jpg 998w\" sizes=\"auto, (max-width: 226px) 100vw, 226px\" \/><\/a><p id=\"caption-attachment-9346\" class=\"wp-caption-text\">Julio Gonz\u00e1lez, <a href=\"https:\/\/www.museunacional.cat\/es\/colleccio\/mano-izquierda-levantada\/juli-gonzalez\/113432-000\" target=\"_blank\" rel=\"noopener noreferrer\"><em>Mano izquierda levantada,<\/em><\/a> hacia 1942. \u00a9 Julio Gonz\u00e1lez, VEGAP, Barcelona, 2017<\/p><\/div><\/td>\n<\/tr>\n<\/tbody>\n<\/table>\n<p>Mucho m\u00e1s tarde, en el Congreso Anarquista Internacional de Amsterdam de 1907, se vio como <a href=\"https:\/\/es.wikipedia.org\/wiki\/Emma_Goldman\">Emma Goldman<\/a> se puso de pie durante la pen\u00faltima sesi\u00f3n y propuso a la asamblea la aprobaci\u00f3n de un texto en favor del <em>derecho de rebeli\u00f3n, <\/em>que su compa\u00f1ero Max Baginski tambi\u00e9n hab\u00eda firmado. Ley\u00f3: \u00abEl Congreso Anarquista Internacional est\u00e1 a favor del derecho de rebeli\u00f3n por parte del individuo como por parte de la masa entera. [&#8230;] Los actos de rebeli\u00f3n [&#8230;] son el resultado de la profunda impresi\u00f3n hecha sobre la psicolog\u00eda del individuo por la terrible presi\u00f3n de nuestra injusticia social, [&#8230;] [y] se pueden caracterizar como las consecuencias socio-psicol\u00f3gicas de un sistema insostenible; y como tales, estos actos, con sus causas y motivos, que deben entenderse m\u00e1s que alabarse o condenarse.\u00bb<\/p>\n<div id=\"attachment_9345\" style=\"width: 336px\" class=\"wp-caption alignnone\"><a href=\"https:\/\/blog.museunacional.cat\/wp-content\/uploads\/2-11-KORDA.jpg\" target=\"_blank\" rel=\"noopener noreferrer\"><img loading=\"lazy\" decoding=\"async\" aria-describedby=\"caption-attachment-9345\" class=\"wp-image-9345\" src=\"https:\/\/blog.museunacional.cat\/wp-content\/uploads\/2-11-KORDA.jpg\" alt=\"\" width=\"326\" height=\"400\" srcset=\"https:\/\/blog.museunacional.cat\/wp-content\/uploads\/2-11-KORDA.jpg 1223w, https:\/\/blog.museunacional.cat\/wp-content\/uploads\/2-11-KORDA-245x300.jpg 245w, https:\/\/blog.museunacional.cat\/wp-content\/uploads\/2-11-KORDA-768x942.jpg 768w, https:\/\/blog.museunacional.cat\/wp-content\/uploads\/2-11-KORDA-835x1024.jpg 835w\" sizes=\"auto, (max-width: 326px) 100vw, 326px\" \/><\/a><p id=\"caption-attachment-9345\" class=\"wp-caption-text\">Alberto Korda, <em>El Quijote de la farola, Plaza de la Revoluci\u00f3n, La Habana, Cuba<\/em>, 1959. \u00a9 ADAGP, Par\u00eds, 2017<\/p><\/div>\n<p>Sometida a votaci\u00f3n, esta declaraci\u00f3n fue aprobada por unanimidad. Sin embargo, no deja de sorprender por el \u00abpunto de vista psicol\u00f3gico\u00bb que asum\u00eda de antemano.<\/p>\n<p><strong>Por lo tanto, hay c\u00f3leras hist\u00f3ricamente justas, <em>c\u00f3leras pol\u00edticas<\/em><\/strong><em> <strong>justas<\/strong>. <\/em>Se deber\u00eda tener en cuenta que la <a href=\"https:\/\/es.wikipedia.org\/wiki\/Il%C3%ADada\" target=\"_blank\" rel=\"noopener noreferrer\"><em>Il\u00edada<\/em><\/a> de Homero, la primera cr\u00f3nica pol\u00edtico-militar de Occidente, datada en el siglo VIII antes de Cristo, incluye en su inicio, en su primera frase, la palabra \u00abc\u00f3lera\u00bb: \u00abCanta, oh musa, la c\u00f3lera del Pelida Aquiles\u2026 \u00ab.<\/p>\n<div id=\"attachment_9347\" style=\"width: 630px\" class=\"wp-caption alignnone\"><a href=\"https:\/\/blog.museunacional.cat\/wp-content\/uploads\/33-COUV-Gilles-Caron.jpg\" target=\"_blank\" rel=\"noopener noreferrer\"><img loading=\"lazy\" decoding=\"async\" aria-describedby=\"caption-attachment-9347\" class=\"wp-image-9347\" src=\"https:\/\/blog.museunacional.cat\/wp-content\/uploads\/33-COUV-Gilles-Caron.jpg\" alt=\"\" width=\"620\" height=\"409\" srcset=\"https:\/\/blog.museunacional.cat\/wp-content\/uploads\/33-COUV-Gilles-Caron.jpg 1500w, https:\/\/blog.museunacional.cat\/wp-content\/uploads\/33-COUV-Gilles-Caron-300x198.jpg 300w, https:\/\/blog.museunacional.cat\/wp-content\/uploads\/33-COUV-Gilles-Caron-768x506.jpg 768w, https:\/\/blog.museunacional.cat\/wp-content\/uploads\/33-COUV-Gilles-Caron-1024x675.jpg 1024w\" sizes=\"auto, (max-width: 620px) 100vw, 620px\" \/><\/a><p id=\"caption-attachment-9347\" class=\"wp-caption-text\">Gilles Caron, <em>Manifestaciones anticat\u00f3licas en Londonderry,<\/em> 1969 (copia moderna, 2016). Fondation Gilles Caron. \u00a9 Gilles Caron \/ Fondation Gilles Caron \/ Gamma Rapho<\/p><\/div>\n<p><a href=\"https:\/\/es.wikipedia.org\/wiki\/Peter_Sloterdijk\">Peter Sloterdijk<\/a>, en 2006, en un libro titulado <em>Zorn und Zeit<\/em> (traducido al espa\u00f1ol en 2010: <em>Ira y tiempo. Ensayo psicopol\u00edtico<\/em>)<em>, <\/em>juega pol\u00e9micamente con el <em>Sein und Zeit <\/em>de Heidegger, y propone un an\u00e1lisis \u00abpol\u00edtico-psicol\u00f3gico\u00bb de la civilizaci\u00f3n occidental: <strong>desde Homero a Lenin, por lo tanto, la c\u00f3lera ser\u00eda la que conmueve y mueve a las sociedades<\/strong>, salvo que el destino de la c\u00f3lera sea encontrar su forma solo en un \u00abproyecto\u00bb. Pero si sumamos la c\u00f3lera a un proyecto, \u00bfesto no da lugar a la venganza y el resentimiento? Es como si las c\u00f3leras solo encontrasen su \u00abeconom\u00eda pol\u00edtica\u00bb en lo que Sloterdijk denomina \u00abel banco mundial de la c\u00f3lera\u00bb, que representa el proyecto revolucionario por s\u00ed mismo.<\/p>\n<table style=\"height: 381px;\" border=\"0\" width=\"618\" cellspacing=\"0\" cellpadding=\"0\">\n<tbody>\n<tr>\n<td style=\"border: hidden;\" valign=\"top\">\n<p><div id=\"attachment_9349\" style=\"width: 216px\" class=\"wp-caption alignnone\"><a href=\"https:\/\/blog.museunacional.cat\/wp-content\/uploads\/219089-000_080668_2.jpg\" target=\"_blank\" rel=\"noopener noreferrer\"><img loading=\"lazy\" decoding=\"async\" aria-describedby=\"caption-attachment-9349\" class=\"wp-image-9349\" src=\"https:\/\/blog.museunacional.cat\/wp-content\/uploads\/219089-000_080668_2.jpg\" alt=\"\" width=\"206\" height=\"312\" srcset=\"https:\/\/blog.museunacional.cat\/wp-content\/uploads\/219089-000_080668_2.jpg 989w, https:\/\/blog.museunacional.cat\/wp-content\/uploads\/219089-000_080668_2-198x300.jpg 198w, https:\/\/blog.museunacional.cat\/wp-content\/uploads\/219089-000_080668_2-768x1165.jpg 768w, https:\/\/blog.museunacional.cat\/wp-content\/uploads\/219089-000_080668_2-675x1024.jpg 675w\" sizes=\"auto, (max-width: 206px) 100vw, 206px\" \/><\/a><p id=\"caption-attachment-9349\" class=\"wp-caption-text\">Pere Catal\u00e0 Pic, <a href=\"https:\/\/www.museunacional.cat\/es\/colleccio\/aplastemos-el-fascismo\/pere-catala-pic\/219089-000\" target=\"_blank\" rel=\"noopener noreferrer\"><em>Aplastemos el fascismo<\/em><\/a>, 1936. \u00a9 Arxiu Pere Catal\u00e0, 2017<\/p><\/div><\/td>\n<td style=\"border: hidden;\" valign=\"top\">\n<p><div id=\"attachment_9348\" style=\"width: 399px\" class=\"wp-caption alignnone\"><a href=\"https:\/\/blog.museunacional.cat\/wp-content\/uploads\/113554-d.jpg\" target=\"_blank\" rel=\"noopener noreferrer\"><img loading=\"lazy\" decoding=\"async\" aria-describedby=\"caption-attachment-9348\" class=\"wp-image-9348\" src=\"https:\/\/blog.museunacional.cat\/wp-content\/uploads\/113554-d.jpg\" alt=\"\" width=\"389\" height=\"313\" srcset=\"https:\/\/blog.museunacional.cat\/wp-content\/uploads\/113554-d.jpg 1500w, https:\/\/blog.museunacional.cat\/wp-content\/uploads\/113554-d-300x242.jpg 300w, https:\/\/blog.museunacional.cat\/wp-content\/uploads\/113554-d-768x619.jpg 768w, https:\/\/blog.museunacional.cat\/wp-content\/uploads\/113554-d-1024x825.jpg 1024w\" sizes=\"auto, (max-width: 389px) 100vw, 389px\" \/><\/a><p id=\"caption-attachment-9348\" class=\"wp-caption-text\">Julio Gonz\u00e1lez, <a href=\"https:\/\/www.museunacional.cat\/es\/colleccio\/montserrat-asustada\/juli-gonzalez\/113554-d\" target=\"_blank\" rel=\"noopener noreferrer\"><em>Montserrat asustada<\/em><\/a>, 1940. \u00a9 Julio Gonz\u00e1lez, VEGAP, Barcelona, 2017<\/p><\/div><\/td>\n<\/tr>\n<\/tbody>\n<\/table>\n<p>La impresi\u00f3n que se desprende de esta descripci\u00f3n muy general es que <strong>la c\u00f3lera, apenas reconocida en su potencia hist\u00f3rica, se ve inmediatamente refutada<\/strong>, ya que se resigna a los nefastos designios o los negros destinos (venganza, resentimiento, paranoia\u2026) que la canalizan inevitablemente. <strong>\u00bfD\u00f3nde nos lleva la c\u00f3lera? <\/strong><\/p>\n<p>La tradici\u00f3n filos\u00f3fica parece responder que va mal en todos los casos. Pese a que hay una historia filos\u00f3fica de la Revoluci\u00f3n, de Kant a Marx y m\u00e1s all\u00e1, <strong>no habr\u00eda de levantamientos, con sus correspondientes c\u00f3leras \u00abpsicol\u00f3gicas\u00bb, sino solo una serie sin continuidad de <em>crisis anacr\u00f3nicas.<\/em><\/strong> Es como si la c\u00f3lera por s\u00ed misma contribuyese a acentuar la diferencia y, por lo tanto, la oposici\u00f3n entre <strong>revoluci\u00f3n<\/strong> y <strong>revuelta<\/strong>.<\/p>\n<div id=\"attachment_9351\" style=\"width: 630px\" class=\"wp-caption alignnone\"><a href=\"https:\/\/blog.museunacional.cat\/wp-content\/uploads\/4-21.1-CHEN.jpg\" target=\"_blank\" rel=\"noopener noreferrer\"><img loading=\"lazy\" decoding=\"async\" aria-describedby=\"caption-attachment-9351\" class=\"wp-image-9351\" src=\"https:\/\/blog.museunacional.cat\/wp-content\/uploads\/4-21.1-CHEN.jpg\" alt=\"\" width=\"620\" height=\"369\" srcset=\"https:\/\/blog.museunacional.cat\/wp-content\/uploads\/4-21.1-CHEN.jpg 1500w, https:\/\/blog.museunacional.cat\/wp-content\/uploads\/4-21.1-CHEN-300x179.jpg 300w, https:\/\/blog.museunacional.cat\/wp-content\/uploads\/4-21.1-CHEN-768x457.jpg 768w, https:\/\/blog.museunacional.cat\/wp-content\/uploads\/4-21.1-CHEN-1024x610.jpg 1024w\" sizes=\"auto, (max-width: 620px) 100vw, 620px\" \/><\/a><p id=\"caption-attachment-9351\" class=\"wp-caption-text\">Chieh-Jen Chen, <em>El itinerario<\/em>, 2006. Chieh-Jen Chen \/ Galerie Lily Robert. \u00a9 Chieh-Jen Chen, courtesy galerie Lily Robert<\/p><\/div>\n<p>Volver\u00eda a una antropolog\u00eda pol\u00edtica de concebir la c\u00f3lera como la inductora de los gestos de las insurrecciones: concebir la potencia intr\u00ednseca de su <strong>movimiento<\/strong> antes de postular su <strong>proyecto<\/strong> en el orden de las relaciones de fuerza o las cuestiones de poder. \u00bfNo se podr\u00eda imaginar una fenomenolog\u00eda de las c\u00f3leras pol\u00edticas?<\/p>\n<p><a href=\"https:\/\/es.wikipedia.org\/wiki\/Georges_Bataille\">Georges Bataille<\/a> se\u00f1ala un movimiento de exceso que el genio hegeliano, seg\u00fan \u00e9l, hab\u00eda dejado entrever: se da cuando el propio pensamiento entra en c\u00f3lera sin soltar su consistencia y su rigor. Este es un punto de vista anarquista, sin duda.<\/p>\n<p>No es casualidad que los textos de <a href=\"https:\/\/es.wikipedia.org\/wiki\/Mija%C3%ADl_Bakunin\">Michel Bakounine<\/a> no duden en construir algo parecido a una <strong>equivalencia antropol\u00f3gica entre el acto de pensar y sublevarse<\/strong><em>. <\/em>Ambas facultades preciosas y concomitantes concedidas a la especie humana ser\u00edan la facultad de pensar y la facultad, la necesidad de sublevarse. Bakounine conclu\u00eda que, en definitiva, la revuelta solo es la otra cara, expresada de forma negativa, de lo que designa positivamente la palabra disfrute.<\/p>\n<div id=\"attachment_9350\" style=\"width: 504px\" class=\"wp-caption alignnone\"><a href=\"https:\/\/blog.museunacional.cat\/wp-content\/uploads\/5-25-HAMBLIN.jpg\" target=\"_blank\" rel=\"noopener noreferrer\"><img loading=\"lazy\" decoding=\"async\" aria-describedby=\"caption-attachment-9350\" class=\"wp-image-9350\" src=\"https:\/\/blog.museunacional.cat\/wp-content\/uploads\/5-25-HAMBLIN.jpg\" alt=\"\" width=\"494\" height=\"400\" srcset=\"https:\/\/blog.museunacional.cat\/wp-content\/uploads\/5-25-HAMBLIN.jpg 1500w, https:\/\/blog.museunacional.cat\/wp-content\/uploads\/5-25-HAMBLIN-300x243.jpg 300w, https:\/\/blog.museunacional.cat\/wp-content\/uploads\/5-25-HAMBLIN-768x622.jpg 768w, https:\/\/blog.museunacional.cat\/wp-content\/uploads\/5-25-HAMBLIN-1024x829.jpg 1024w\" sizes=\"auto, (max-width: 494px) 100vw, 494px\" \/><\/a><p id=\"caption-attachment-9350\" class=\"wp-caption-text\">Ken Hamblin,<em> Beaubien Street<\/em>, 1971. Joseph A. Labadie Collection, Special Collections Library, University of Michigan, Estados Unidos<\/p><\/div>\n<p>En 1871, <a href=\"https:\/\/es.wikipedia.org\/wiki\/Jules_Vall%C3%A8s\">Jules Vall\u00e8s<\/a> desacredit\u00f3 la Comuna de Par\u00eds desde el punto de vista (entre otros) de una especie de <em>kermesse<\/em> alocada. Una forma de indicar que, <strong>en cualquier insurrecci\u00f3n, la c\u00f3lera por s\u00ed misma es la fiesta<\/strong><em>, <\/em>sin olvidar que tambi\u00e9n hay fiestas de ritos expiatorios (hechas de llanto colectivo), fiestas f\u00fanebres, fiestas militares, fiestas salvajes, etc. La imagen festiva de la insurrecci\u00f3n pertenece sin duda a la mitolog\u00eda que se atribuyen a s\u00ed mismos, en el momento o bien m\u00e1s tarde, los actores de cualquier revuelta.<\/p>\n<p>Sin embargo, <strong>la fiesta es intr\u00ednsecamente poder<\/strong>. Precisamente por ello tiene a Dioniso como divinidad protectora. Transforma la c\u00f3lera en poder expansivo, e incluso en poder de alegr\u00eda. Transforma el gesto de miedo o de agresi\u00f3n en poder coreogr\u00e1fico. En tiempo de fiesta, que es como un tiempo fuera del tiempo, la c\u00f3lera se convierte en alegr\u00eda y la violencia en parodia. Sin embargo, escribe <a href=\"https:\/\/fr.wikipedia.org\/wiki\/Yves-Marie_Berc%C3%A9\">Yves-Marie Berc\u00e9<\/a>, sigue siendo indiscutible que \u00abla fiesta pueda ser peligrosa\u00bb, en el sentido del peligro m\u00e1s trivial o inmediato sobre las personas. Berc\u00e9 describe c\u00f3mo la fiesta no tarda nada en poner los signos del poder patas arriba. En espera de poner al propio poder patas arriba.<\/p>\n<p>No hay quiz\u00e1s nada mejor que una fiesta tradicional (aceptada por todos, y por lo tanto permitida por el gobierno) para transmitir los deseos e incluso las consignas de una insurrecci\u00f3n. Durante los dos siglos que precedieron a la Revoluci\u00f3n Francesa, <strong>la utilizaci\u00f3n pol\u00edtica de las fiestas ha ido en ambas direcciones contrarias: para establecer o inhabilitar el poder establecido<\/strong>.<\/p>\n<div id=\"attachment_9343\" style=\"width: 404px\" class=\"wp-caption alignnone\"><a href=\"https:\/\/blog.museunacional.cat\/wp-content\/uploads\/2-14-VOSTELL.jpg\" target=\"_blank\" rel=\"noopener noreferrer\"><img loading=\"lazy\" decoding=\"async\" aria-describedby=\"caption-attachment-9343\" class=\"wp-image-9343\" src=\"https:\/\/blog.museunacional.cat\/wp-content\/uploads\/2-14-VOSTELL.jpg\" alt=\"\" width=\"394\" height=\"400\" srcset=\"https:\/\/blog.museunacional.cat\/wp-content\/uploads\/2-14-VOSTELL.jpg 1500w, https:\/\/blog.museunacional.cat\/wp-content\/uploads\/2-14-VOSTELL-296x300.jpg 296w, https:\/\/blog.museunacional.cat\/wp-content\/uploads\/2-14-VOSTELL-768x779.jpg 768w, https:\/\/blog.museunacional.cat\/wp-content\/uploads\/2-14-VOSTELL-1010x1024.jpg 1010w\" sizes=\"auto, (max-width: 394px) 100vw, 394px\" \/><\/a><p id=\"caption-attachment-9343\" class=\"wp-caption-text\">Wolf Vostell, <em>Dutschke<\/em>, 1968. Haus der Geschichte der Bundesrepublik Deutschland, Bonn, \u00a9 Wolf Vostell, VEGAP, Barcelona, 2017<\/p><\/div>\n<p>Y es as\u00ed como <strong>la fiesta genera violencia ejercida<\/strong><em>, <\/em>por medio de un movimiento rec\u00edproco respecto al duelo experimentado tras haber sufrido violencia. Pero la violencia act\u00faa en todos los sentidos: no es ni un valor ni un no-valor en s\u00ed mismo.<\/p>\n<p>En su libro <em>R\u00e9voltes et r\u00e9volutions dans l<\/em>\u2019<em>Europe moderne<\/em> (Revueltas y revoluciones en la Europa moderna<em>), <\/em>Yves-Marie Berc\u00e9 presenta suficientes casos para que se comprenda la complejidad de los destinos hacia los cuales cualquier insurrecci\u00f3n es susceptible de bifurcarse. <strong>Una insurrecci\u00f3n se levanta:<\/strong> brota, explota en primer lugar. Es un acontecimiento extraordinario e imprevisible. <strong>\u00bfY despu\u00e9s?<\/strong> Despu\u00e9s, <strong>puede dispersarse<\/strong> por s\u00ed misma, apagarse por s\u00ed misma como las cenizas de un fuego artificial. O bien <strong>puede ser que la aplaste<\/strong> la autoridad a la cual hab\u00eda cuestionado de forma espont\u00e1nea. En muchos casos, <strong>acaba canalizada<\/strong><em>, <\/em>es decir, contenida, desviada o rechazada por su propio brote. Cuando la revuelta pasa a ser organizada o jerarquizada, a menudo significa que est\u00e1 sometida a los fines de unos aparatos y que a menudo termina someti\u00e9ndose a un poder, cualquiera que sea. O bien se pierde y <em>se desv\u00eda, se <\/em>orienta hacia un objetivo que no era el inicial.<\/p>\n<p><strong>\u00bfNo habr\u00eda otros destinos de la c\u00f3lera de los pueblos que no fuesen la sumisi\u00f3n, por una parte, y el resentimiento, por otra?<\/strong> Es cierto que un libro como el de Barrington Moore sobre <em>Les Origines sociales<\/em> de la dictature et de la d\u00e9mocratie (Los or\u00edgenes sociales de la dictadura y la democracia<em>) <\/em>lleva a pensar que las insurrecciones han generado indistintamente lo peor y lo mejor.<\/p>\n<div id=\"attachment_9352\" style=\"width: 630px\" class=\"wp-caption alignnone\"><a href=\"https:\/\/blog.museunacional.cat\/wp-content\/uploads\/5-31.2-KOURKOUTA.jpg\" target=\"_blank\" rel=\"noopener noreferrer\"><img loading=\"lazy\" decoding=\"async\" aria-describedby=\"caption-attachment-9352\" class=\"wp-image-9352\" src=\"https:\/\/blog.museunacional.cat\/wp-content\/uploads\/5-31.2-KOURKOUTA.jpg\" alt=\"\" width=\"620\" height=\"351\" srcset=\"https:\/\/blog.museunacional.cat\/wp-content\/uploads\/5-31.2-KOURKOUTA.jpg 1500w, https:\/\/blog.museunacional.cat\/wp-content\/uploads\/5-31.2-KOURKOUTA-300x170.jpg 300w, https:\/\/blog.museunacional.cat\/wp-content\/uploads\/5-31.2-KOURKOUTA-768x435.jpg 768w, https:\/\/blog.museunacional.cat\/wp-content\/uploads\/5-31.2-KOURKOUTA-1024x580.jpg 1024w\" sizes=\"auto, (max-width: 620px) 100vw, 620px\" \/><\/a><p id=\"caption-attachment-9352\" class=\"wp-caption-text\">Maria Kourkouta Idomeni, 14 de marzo de 2016. <em>Frontera grecomacedonia<\/em>, 2016, Producci\u00f3n Jeu de Paume, Par\u00eds. \u00a9 Maria Kourkouta.<\/p><\/div>\n<p>En cualquier caso, hemos de estar prevenidos de que las palabras \u00absublevaci\u00f3n\u00bb, \u00abinsurrecci\u00f3n\u00bb o \u00abrevuelta\u00bb no pueden dar las claves (como si se tratase de palabras m\u00e1gicas) para todo lo que afecta a los deseos de emancipaci\u00f3n y, en general, a la constituci\u00f3n del \u00e1mbito pol\u00edtico. En este punto, nos equivocamos completamente (la modestia ser\u00e1 adecuada). <strong>\u00bfD\u00f3nde nos lleva la c\u00f3lera?<\/strong> Es una cuesti\u00f3n que no depende unilateralmente de la potencia que su torrente arrastra. <strong>Es una cuesti\u00f3n dial\u00e9ctica, o que apela a una respuesta dial\u00e9ctica<\/strong>. <a href=\"https:\/\/es.wikipedia.org\/wiki\/Bertolt_Brecht\">Bertolt Brecht<\/a> nos da un enfoque muy simple y muy sutil, a su vez, cuando, en su <em>Diario de trabajo,<\/em> reflexiona (el 28 de junio de 1942) sobre la paradoja de que \u00abel odio no es especialmente necesario para la guerra moderna\u00bb. As\u00ed pues, \u00bfd\u00f3nde nos lleva la c\u00f3lera en los totalitarismos guerreros? \u00abEl fascismo, responde Brecht, es un sistema de gobierno capaz de subyugar a un pueblo a tal punto que se puede abusar de \u00e9l para subyugar a otros.\u00bb<\/p>\n<p>Y no me vaya a decir que se trata solo de historias pasadas.<\/p>\n<h6>Georges Didi-Hubermann<br \/>\nComisario de la exposici\u00f3n Insurrecciones<\/h6>\n<p><iframe loading=\"lazy\" src=\"https:\/\/www.youtube.com\/embed\/CUJMmn719gQ\" width=\"560\" height=\"315\" frameborder=\"0\" allowfullscreen=\"allowfullscreen\"><\/iframe><\/p>\n<h3>Enlaces relacionados<\/h3>\n<p><a href=\"http:\/\/www.monde-diplomatique.fr\/2016\/05\/DIDI_HUBERMAN\/55440\" target=\"_blank\" rel=\"noopener noreferrer\">O\u00f9 va donc la col\u00e8re\u00a0?<\/a>, Georges Didi-Huberman (<em>Le Monde diplomatique<\/em>)<\/p>\n<p><a href=\"https:\/\/www.museunacional.cat\/es\/insurrecciones\" target=\"_blank\" rel=\"noopener noreferrer\">Insurrecciones<\/a>. Museu Nacional d\u2019Art de Catalunya, Barcelona. Exposici\u00f3n comisariada por Georges Didi-Huberman, del 24\/02\/2017 al 21\/05\/2017<\/p>\n<p><em><a href=\"http:\/\/soulevements.jeudepaume.org\/\" target=\"_blank\" rel=\"noopener noreferrer\">Soul\u00e8vements<\/a>.\u00a0<\/em>\u00a0Jeu de Paume, Par\u00eds. Exposici\u00f3n comisariada por Georges Didi-Huberman, del 8\/10\/2016 al 15\/01\/2017<\/p>\n<p><a href=\"http:\/\/cultura.elpais.com\/cultura\/2017\/02\/22\/actualidad\/1487787836_901676.html\" target=\"_blank\" rel=\"noopener noreferrer\">Im\u00e1genes de la revoluci\u00f3n<\/a>, \u00c0lex Vicente, <em>El Pa\u00eds<\/em>, 23702\/2017<\/p>\n<p><a href=\"http:\/\/ctxt.es\/es\/20170307\/Culturas\/11570\/Georges-Didi-Hubernman-Arte-Insurrecciones-Cultura-MNAC.htm\" target=\"_blank\" rel=\"noopener noreferrer\">Entrevista a Georges Didi-Huberman<\/a> por Aurora Fern\u00e1ndez Polanco, a <em>CTXT- Contexto y Acci\u00f3n<\/em>, 17\/03\/2017<\/p>\n<p><a href=\"http:\/\/rwm.macba.cat\/en\/sonia\/georges-didi-huberman\/capsula\" target=\"_blank\" rel=\"noopener noreferrer\">Entrevista G. Didi-Huberman<\/a>, Radio Web Macba, 2015, audio 21min, en ingl\u00e9s<\/p>\n<p>&nbsp;<\/p>\n","protected":false},"excerpt":{"rendered":"<p>Georges Didi-Hubermann El siguiente texto es un extracto de la conferencia inaugural de la exposici\u00f3n Insurrecciones\u00a0que tuvo lugar en el museo el 23 de febrero de 2017. V\u00eddeo completo de la conferencia al final del art\u00edculo. Hay c\u00f3leras que son \u00absantas\u00bb, c\u00f3leras justas. Pero, \u00bfc\u00f3mo discernir entre la pertinencia de una c\u00f3lera o el acto&#8230;<\/p>\n","protected":false},"author":47,"featured_media":9354,"comment_status":"open","ping_status":"open","sticky":false,"template":"","format":"standard","meta":{"_jetpack_memberships_contains_paid_content":false,"footnotes":""},"categories":[19,3],"tags":[1081],"class_list":["post-9333","post","type-post","status-publish","format-standard","has-post-thumbnail","hentry","category-exposiciones","category-general-es","tag-insurrecciones","author-guest"],"jetpack_featured_media_url":"https:\/\/blog.museunacional.cat\/wp-content\/uploads\/cap\u00e7alera-2-1.jpg","jetpack_sharing_enabled":true,"jetpack_shortlink":"https:\/\/wp.me\/p4tWCI-2qx","_links":{"self":[{"href":"https:\/\/blog.museunacional.cat\/es\/wp-json\/wp\/v2\/posts\/9333","targetHints":{"allow":["GET"]}}],"collection":[{"href":"https:\/\/blog.museunacional.cat\/es\/wp-json\/wp\/v2\/posts"}],"about":[{"href":"https:\/\/blog.museunacional.cat\/es\/wp-json\/wp\/v2\/types\/post"}],"author":[{"embeddable":true,"href":"https:\/\/blog.museunacional.cat\/es\/wp-json\/wp\/v2\/users\/47"}],"replies":[{"embeddable":true,"href":"https:\/\/blog.museunacional.cat\/es\/wp-json\/wp\/v2\/comments?post=9333"}],"version-history":[{"count":19,"href":"https:\/\/blog.museunacional.cat\/es\/wp-json\/wp\/v2\/posts\/9333\/revisions"}],"predecessor-version":[{"id":10015,"href":"https:\/\/blog.museunacional.cat\/es\/wp-json\/wp\/v2\/posts\/9333\/revisions\/10015"}],"wp:featuredmedia":[{"embeddable":true,"href":"https:\/\/blog.museunacional.cat\/es\/wp-json\/wp\/v2\/media\/9354"}],"wp:attachment":[{"href":"https:\/\/blog.museunacional.cat\/es\/wp-json\/wp\/v2\/media?parent=9333"}],"wp:term":[{"taxonomy":"category","embeddable":true,"href":"https:\/\/blog.museunacional.cat\/es\/wp-json\/wp\/v2\/categories?post=9333"},{"taxonomy":"post_tag","embeddable":true,"href":"https:\/\/blog.museunacional.cat\/es\/wp-json\/wp\/v2\/tags?post=9333"}],"curies":[{"name":"wp","href":"https:\/\/api.w.org\/{rel}","templated":true}]}}