
{"id":7421,"date":"2016-07-28T10:58:59","date_gmt":"2016-07-27T09:34:24","guid":{"rendered":"http:\/\/blog.museunacional.cat\/?p=7421"},"modified":"2018-06-04T10:38:24","modified_gmt":"2018-06-04T10:38:24","slug":"el-museo-en-familia-una-fiesta-de-verano","status":"publish","type":"post","link":"https:\/\/blog.museunacional.cat\/es\/el-museo-en-familia-una-fiesta-de-verano\/","title":{"rendered":"\u201cEl museo en familia\u201d, una fiesta de verano"},"content":{"rendered":"<h6>Cristina Riera<\/h6>\n<p>Hoy os hablamos de una actividad l\u00fadica y veraniega. Este mes de julio hemos celebrado la quinta edici\u00f3n de la fiesta <em>El museo en familia<\/em>, en la que los trabajadores del museo podemos participar acompa\u00f1ados de nuestros hijos, nietos, sobrinos, etc.<\/p>\n<p>La fiesta sigui\u00f3 el mismo formato que en ediciones anteriores, con algunas novedades. La primera actividad estuvo relacionada con el museo para que los m\u00e1s peque\u00f1os conocieran aspectos nuevos de las colecciones o de las instalaciones. Este a\u00f1o organizamos un concurso de pintura para familias en la Sala Oval. A continuaci\u00f3n, el relato de la experiencia.<\/p>\n<p>A cada grupo de <em>artistas<\/em> se le entreg\u00f3 un pack de material formado por un caballete, un lienzo, varios pinceles, un l\u00e1piz, goma de borrar, vasos con pinturas de diferentes tonalidades, una paleta para poder hacer mezclas de colores y un delantal de pl\u00e1stico para no mancharse.<\/p>\n<div id=\"attachment_7379\" style=\"width: 630px\" class=\"wp-caption alignnone\"><img loading=\"lazy\" decoding=\"async\" aria-describedby=\"caption-attachment-7379\" class=\"wp-image-7379\" src=\"https:\/\/blog.museunacional.cat\/wp-content\/uploads\/1020948.jpg\" alt=\"\" width=\"620\" height=\"465\" srcset=\"https:\/\/blog.museunacional.cat\/wp-content\/uploads\/1020948.jpg 2816w, https:\/\/blog.museunacional.cat\/wp-content\/uploads\/1020948-300x225.jpg 300w, https:\/\/blog.museunacional.cat\/wp-content\/uploads\/1020948-768x576.jpg 768w, https:\/\/blog.museunacional.cat\/wp-content\/uploads\/1020948-1024x768.jpg 1024w\" sizes=\"auto, (max-width: 620px) 100vw, 620px\" \/><p id=\"caption-attachment-7379\" class=\"wp-caption-text\">Punto de acogida de los participantes en la Sala Oval<\/p><\/div>\n<p>Cada familia ten\u00eda que escoger una obra del museo entre varias reproducciones de piezas de diferentes \u00e9pocas distribuidas por las paredes de la Sala Oval, y hacer su propia interpretaci\u00f3n. As\u00ed, se convirtieron en artistas, dejando fluir su talento y haciendo volar la imaginaci\u00f3n.<\/p>\n<div id=\"attachment_7380\" style=\"width: 630px\" class=\"wp-caption alignnone\"><img loading=\"lazy\" decoding=\"async\" aria-describedby=\"caption-attachment-7380\" class=\"wp-image-7380\" src=\"https:\/\/blog.museunacional.cat\/wp-content\/uploads\/1020950.jpg\" alt=\"\" width=\"620\" height=\"465\" srcset=\"https:\/\/blog.museunacional.cat\/wp-content\/uploads\/1020950.jpg 2816w, https:\/\/blog.museunacional.cat\/wp-content\/uploads\/1020950-300x225.jpg 300w, https:\/\/blog.museunacional.cat\/wp-content\/uploads\/1020950-768x576.jpg 768w, https:\/\/blog.museunacional.cat\/wp-content\/uploads\/1020950-1024x768.jpg 1024w\" sizes=\"auto, (max-width: 620px) 100vw, 620px\" \/><p id=\"caption-attachment-7380\" class=\"wp-caption-text\">Concurso de pintura por familias<\/p><\/div>\n<p>Joan Yeguas, conservador de las colecciones de Renacimiento y Barroco del Museu Nacional, fue la persona encargada de valorar las pinturas presentadas a concurso y decidir los ganadores. Hay que decir que, dada la creatividad y la calidad de las pinturas, lo tuvo muy dif\u00edcil para escoger s\u00f3lo tres obras.<\/p>\n<table style=\"height: 198px;\" border=\"0\" width=\"618\" cellspacing=\"0\" cellpadding=\"0\">\n<tbody>\n<tr>\n<td style=\"border: hidden;\" valign=\"top\">\n<p><div id=\"attachment_7388\" style=\"width: 351px\" class=\"wp-caption alignnone\"><img loading=\"lazy\" decoding=\"async\" aria-describedby=\"caption-attachment-7388\" class=\"wp-image-7388\" src=\"https:\/\/blog.museunacional.cat\/wp-content\/uploads\/DSC_4544.jpg\" alt=\"\" width=\"341\" height=\"183\" srcset=\"https:\/\/blog.museunacional.cat\/wp-content\/uploads\/DSC_4544.jpg 2558w, https:\/\/blog.museunacional.cat\/wp-content\/uploads\/DSC_4544-300x161.jpg 300w, https:\/\/blog.museunacional.cat\/wp-content\/uploads\/DSC_4544-768x412.jpg 768w, https:\/\/blog.museunacional.cat\/wp-content\/uploads\/DSC_4544-1024x549.jpg 1024w\" sizes=\"auto, (max-width: 341px) 100vw, 341px\" \/><p id=\"caption-attachment-7388\" class=\"wp-caption-text\">Algunas de las pinturas participantes<\/p><\/div><\/td>\n<td style=\"border: hidden;\" valign=\"top\">\n<p><div id=\"attachment_7387\" style=\"width: 281px\" class=\"wp-caption alignnone\"><img loading=\"lazy\" decoding=\"async\" aria-describedby=\"caption-attachment-7387\" class=\"wp-image-7387\" src=\"https:\/\/blog.museunacional.cat\/wp-content\/uploads\/DSC_4543.jpg\" alt=\"\" width=\"271\" height=\"185\" srcset=\"https:\/\/blog.museunacional.cat\/wp-content\/uploads\/DSC_4543.jpg 2801w, https:\/\/blog.museunacional.cat\/wp-content\/uploads\/DSC_4543-300x205.jpg 300w, https:\/\/blog.museunacional.cat\/wp-content\/uploads\/DSC_4543-768x525.jpg 768w, https:\/\/blog.museunacional.cat\/wp-content\/uploads\/DSC_4543-1024x699.jpg 1024w\" sizes=\"auto, (max-width: 271px) 100vw, 271px\" \/><p id=\"caption-attachment-7387\" class=\"wp-caption-text\"><span style=\"color: #ffffff;\">&#8211;<\/span><\/p><\/div><\/td>\n<\/tr>\n<\/tbody>\n<\/table>\n<p>Primer premio: familia Roca Almirall<\/p>\n<table style=\"height: 262px;\" border=\"0\" width=\"617\" cellspacing=\"0\" cellpadding=\"0\">\n<tbody>\n<tr>\n<td style=\"border: hidden;\" valign=\"top\"><img loading=\"lazy\" decoding=\"async\" class=\"alignnone wp-image-7381\" src=\"https:\/\/blog.museunacional.cat\/wp-content\/uploads\/1020991.jpg\" alt=\"\" width=\"220\" height=\"256\" srcset=\"https:\/\/blog.museunacional.cat\/wp-content\/uploads\/1020991.jpg 1397w, https:\/\/blog.museunacional.cat\/wp-content\/uploads\/1020991-257x300.jpg 257w, https:\/\/blog.museunacional.cat\/wp-content\/uploads\/1020991-768x895.jpg 768w, https:\/\/blog.museunacional.cat\/wp-content\/uploads\/1020991-879x1024.jpg 879w\" sizes=\"auto, (max-width: 220px) 100vw, 220px\" \/><\/td>\n<td style=\"border: hidden;\" valign=\"top\"><img loading=\"lazy\" decoding=\"async\" class=\"alignnone wp-image-7394\" src=\"https:\/\/blog.museunacional.cat\/wp-content\/uploads\/DSC_4558.jpg\" alt=\"\" width=\"200\" height=\"258\" srcset=\"https:\/\/blog.museunacional.cat\/wp-content\/uploads\/DSC_4558.jpg 2430w, https:\/\/blog.museunacional.cat\/wp-content\/uploads\/DSC_4558-233x300.jpg 233w, https:\/\/blog.museunacional.cat\/wp-content\/uploads\/DSC_4558-768x990.jpg 768w, https:\/\/blog.museunacional.cat\/wp-content\/uploads\/DSC_4558-794x1024.jpg 794w\" sizes=\"auto, (max-width: 200px) 100vw, 200px\" \/><\/td>\n<td style=\"border: hidden;\" valign=\"top\"><a href=\"https:\/\/www.museunacional.cat\/sites\/default\/files\/064056-000_002103.jpg\" target=\"_blank\" rel=\"noopener noreferrer\"><img loading=\"lazy\" decoding=\"async\" class=\"alignnone wp-image-7385\" src=\"https:\/\/blog.museunacional.cat\/wp-content\/uploads\/064056-000_002103.jpg\" alt=\"\" width=\"176\" height=\"258\" srcset=\"https:\/\/blog.museunacional.cat\/wp-content\/uploads\/064056-000_002103.jpg 2047w, https:\/\/blog.museunacional.cat\/wp-content\/uploads\/064056-000_002103-205x300.jpg 205w, https:\/\/blog.museunacional.cat\/wp-content\/uploads\/064056-000_002103-768x1126.jpg 768w, https:\/\/blog.museunacional.cat\/wp-content\/uploads\/064056-000_002103-699x1024.jpg 699w\" sizes=\"auto, (max-width: 176px) 100vw, 176px\" \/><\/a><\/td>\n<\/tr>\n<\/tbody>\n<\/table>\n<h6>Interpretaci\u00f3n de la familia Roca Almirall de la obra\u00a0<em><a href=\"https:\/\/www.museunacional.cat\/es\/colleccio\/san-jorge-matando-al-dragon\/anonim-catalunya\/064056-000\" target=\"_blank\" rel=\"noopener noreferrer\">San Jorge matando al drag\u00f3n<\/a>\u00a0<\/em>(An\u00f3nimo, finales del siglo XV)<\/h6>\n<p>Segundo premio: familia\u00a0Ruiz<\/p>\n<table style=\"height: 246px;\" border=\"0\" width=\"619\" cellspacing=\"0\" cellpadding=\"0\">\n<tbody>\n<tr>\n<td style=\"border: hidden;\" valign=\"top\"><img loading=\"lazy\" decoding=\"async\" class=\"alignnone wp-image-7382\" src=\"https:\/\/blog.museunacional.cat\/wp-content\/uploads\/1020992.jpg\" alt=\"\" width=\"211\" height=\"258\" srcset=\"https:\/\/blog.museunacional.cat\/wp-content\/uploads\/1020992.jpg 1230w, https:\/\/blog.museunacional.cat\/wp-content\/uploads\/1020992-245x300.jpg 245w, https:\/\/blog.museunacional.cat\/wp-content\/uploads\/1020992-768x942.jpg 768w, https:\/\/blog.museunacional.cat\/wp-content\/uploads\/1020992-835x1024.jpg 835w\" sizes=\"auto, (max-width: 211px) 100vw, 211px\" \/><\/td>\n<td style=\"border: hidden;\" valign=\"top\"><img loading=\"lazy\" decoding=\"async\" class=\"alignnone wp-image-7393\" src=\"https:\/\/blog.museunacional.cat\/wp-content\/uploads\/DSC_4555.jpg\" alt=\"\" width=\"190\" height=\"259\" srcset=\"https:\/\/blog.museunacional.cat\/wp-content\/uploads\/DSC_4555.jpg 2202w, https:\/\/blog.museunacional.cat\/wp-content\/uploads\/DSC_4555-220x300.jpg 220w, https:\/\/blog.museunacional.cat\/wp-content\/uploads\/DSC_4555-768x1049.jpg 768w, https:\/\/blog.museunacional.cat\/wp-content\/uploads\/DSC_4555-750x1024.jpg 750w\" sizes=\"auto, (max-width: 190px) 100vw, 190px\" \/><\/td>\n<td style=\"border: hidden;\" valign=\"top\"><a href=\"https:\/\/www.museunacional.cat\/sites\/default\/files\/213721-000.JPG\" target=\"_blank\" rel=\"noopener noreferrer\"><img loading=\"lazy\" decoding=\"async\" class=\"alignnone wp-image-7386\" src=\"https:\/\/blog.museunacional.cat\/wp-content\/uploads\/213721-000.jpg\" alt=\"\" width=\"179\" height=\"255\" srcset=\"https:\/\/blog.museunacional.cat\/wp-content\/uploads\/213721-000.jpg 2104w, https:\/\/blog.museunacional.cat\/wp-content\/uploads\/213721-000-210x300.jpg 210w, https:\/\/blog.museunacional.cat\/wp-content\/uploads\/213721-000-768x1095.jpg 768w, https:\/\/blog.museunacional.cat\/wp-content\/uploads\/213721-000-718x1024.jpg 718w\" sizes=\"auto, (max-width: 179px) 100vw, 179px\" \/><\/a><\/td>\n<\/tr>\n<\/tbody>\n<\/table>\n<h6>Interpretaci\u00f3n de la obra\u00a0<a href=\"https:\/\/www.museunacional.cat\/es\/colleccio\/tournee-du-chat-noir\/theophile-alexandre-steinlen\/213721-000\" target=\"_blank\" rel=\"noopener noreferrer\"><em>Tourn\u00e9e du Chat Noir<\/em> <\/a>(Th\u00e9ophile Alexandre Steinlen, 1896)<\/h6>\n<p>Tercer\u00a0premio: familia Roig Baquero<\/p>\n<table style=\"height: 180px;\" border=\"0\" width=\"623\" cellspacing=\"0\" cellpadding=\"0\">\n<tbody>\n<tr>\n<td style=\"border: hidden;\" valign=\"top\"><img loading=\"lazy\" decoding=\"async\" class=\"alignnone wp-image-7383\" src=\"https:\/\/blog.museunacional.cat\/wp-content\/uploads\/1020993.jpg\" alt=\"_1020993\" width=\"226\" height=\"170\" srcset=\"https:\/\/blog.museunacional.cat\/wp-content\/uploads\/1020993.jpg 2254w, https:\/\/blog.museunacional.cat\/wp-content\/uploads\/1020993-300x226.jpg 300w, https:\/\/blog.museunacional.cat\/wp-content\/uploads\/1020993-768x578.jpg 768w, https:\/\/blog.museunacional.cat\/wp-content\/uploads\/1020993-1024x771.jpg 1024w\" sizes=\"auto, (max-width: 226px) 100vw, 226px\" \/><\/td>\n<td style=\"border: hidden;\" valign=\"top\"><img loading=\"lazy\" decoding=\"async\" class=\"alignnone wp-image-7395\" src=\"https:\/\/blog.museunacional.cat\/wp-content\/uploads\/DSC_4560.jpg\" alt=\"DSC_4560\" width=\"167\" height=\"170\" srcset=\"https:\/\/blog.museunacional.cat\/wp-content\/uploads\/DSC_4560.jpg 1912w, https:\/\/blog.museunacional.cat\/wp-content\/uploads\/DSC_4560-295x300.jpg 295w, https:\/\/blog.museunacional.cat\/wp-content\/uploads\/DSC_4560-768x781.jpg 768w, https:\/\/blog.museunacional.cat\/wp-content\/uploads\/DSC_4560-1007x1024.jpg 1007w\" sizes=\"auto, (max-width: 167px) 100vw, 167px\" \/><\/td>\n<td style=\"border: hidden;\" valign=\"top\"><a href=\"https:\/\/www.museunacional.cat\/sites\/default\/files\/043886-000_0025-024.jpg\" target=\"_blank\" rel=\"noopener noreferrer\"><img loading=\"lazy\" decoding=\"async\" class=\"wp-image-7384\" src=\"https:\/\/blog.museunacional.cat\/wp-content\/uploads\/043886-000_0025-024-1.jpg\" alt=\"043886-000_0025-024\" width=\"231\" height=\"171\" srcset=\"https:\/\/blog.museunacional.cat\/wp-content\/uploads\/043886-000_0025-024-1.jpg 3000w, https:\/\/blog.museunacional.cat\/wp-content\/uploads\/043886-000_0025-024-1-300x222.jpg 300w, https:\/\/blog.museunacional.cat\/wp-content\/uploads\/043886-000_0025-024-1-768x567.jpg 768w, https:\/\/blog.museunacional.cat\/wp-content\/uploads\/043886-000_0025-024-1-1024x756.jpg 1024w\" sizes=\"auto, (max-width: 231px) 100vw, 231px\" \/><\/a><\/td>\n<\/tr>\n<\/tbody>\n<\/table>\n<h6>Interpretaci\u00f3n de la obra <a href=\"https:\/\/www.museunacional.cat\/es\/colleccio\/naturaleza-muerta-con-flores-en-una-cesta-y-pajaro-exotico\/pedro-de-camprobin\/043886-000\" target=\"_blank\" rel=\"noopener noreferrer\"><em>Naturaleza muerta con flores en una cesta y p\u00e1jaro ex\u00f3tico<\/em><\/a> (Pedro de Camprob\u00edn, hacia 1640)<\/h6>\n<p>Terminada la sesi\u00f3n de pintura, la fiesta continu\u00f3 al aire libre. A la cincuentena de participantes -29 ni\u00f1os y 22 adultos- nos esperaba la tradicional merienda. Los ni\u00f1os pudieron jugar a f\u00fatbol, baloncesto, juegos de mesa gigantes, hacer burbujas de jab\u00f3n, pintura de caras, y saltar y bajar por el tobog\u00e1n del inflable, en el que este a\u00f1o incluso los adultos nos atrevimos a subir para convertirnos en ni\u00f1os durante un rato.<\/p>\n<div id=\"attachment_7396\" style=\"width: 630px\" class=\"wp-caption alignnone\"><img loading=\"lazy\" decoding=\"async\" aria-describedby=\"caption-attachment-7396\" class=\"wp-image-7396\" src=\"https:\/\/blog.museunacional.cat\/wp-content\/uploads\/DSC_4561.jpg\" alt=\"\" width=\"620\" height=\"411\" srcset=\"https:\/\/blog.museunacional.cat\/wp-content\/uploads\/DSC_4561.jpg 3696w, https:\/\/blog.museunacional.cat\/wp-content\/uploads\/DSC_4561-300x199.jpg 300w, https:\/\/blog.museunacional.cat\/wp-content\/uploads\/DSC_4561-768x509.jpg 768w, https:\/\/blog.museunacional.cat\/wp-content\/uploads\/DSC_4561-1024x678.jpg 1024w\" sizes=\"auto, (max-width: 620px) 100vw, 620px\" \/><p id=\"caption-attachment-7396\" class=\"wp-caption-text\">Taller de maquillaje<\/p>\n<dd class=\"wp-caption-dd\"><\/p><\/div>\n<div id=\"attachment_7397\" style=\"width: 630px\" class=\"wp-caption alignnone\"><img loading=\"lazy\" decoding=\"async\" aria-describedby=\"caption-attachment-7397\" class=\"wp-image-7397\" src=\"https:\/\/blog.museunacional.cat\/wp-content\/uploads\/DSC_4588.jpg\" alt=\"\" width=\"620\" height=\"411\" srcset=\"https:\/\/blog.museunacional.cat\/wp-content\/uploads\/DSC_4588.jpg 3696w, https:\/\/blog.museunacional.cat\/wp-content\/uploads\/DSC_4588-300x199.jpg 300w, https:\/\/blog.museunacional.cat\/wp-content\/uploads\/DSC_4588-768x509.jpg 768w, https:\/\/blog.museunacional.cat\/wp-content\/uploads\/DSC_4588-1024x678.jpg 1024w\" sizes=\"auto, (max-width: 620px) 100vw, 620px\" \/><p id=\"caption-attachment-7397\" class=\"wp-caption-text\">Juegos de mesa<\/p><\/div>\n<table style=\"height: 300px;\" border=\"0\" width=\"620\" cellspacing=\"0\" cellpadding=\"0\">\n<tbody>\n<tr>\n<td style=\"border: hidden;\" valign=\"top\">\n<p><div id=\"attachment_7391\" style=\"width: 310px\" class=\"wp-caption alignnone\"><img loading=\"lazy\" decoding=\"async\" aria-describedby=\"caption-attachment-7391\" class=\"wp-image-7391\" src=\"https:\/\/blog.museunacional.cat\/wp-content\/uploads\/DSC_4551.jpg\" alt=\"\" width=\"300\" height=\"453\" srcset=\"https:\/\/blog.museunacional.cat\/wp-content\/uploads\/DSC_4551.jpg 2448w, https:\/\/blog.museunacional.cat\/wp-content\/uploads\/DSC_4551-199x300.jpg 199w, https:\/\/blog.museunacional.cat\/wp-content\/uploads\/DSC_4551-768x1160.jpg 768w, https:\/\/blog.museunacional.cat\/wp-content\/uploads\/DSC_4551-678x1024.jpg 678w\" sizes=\"auto, (max-width: 300px) 100vw, 300px\" \/><p id=\"caption-attachment-7391\" class=\"wp-caption-text\">M\u00e1s actividades al exterior<\/p><\/div><\/td>\n<td style=\"border: hidden;\" valign=\"top\">\n<p><div id=\"attachment_7390\" style=\"width: 310px\" class=\"wp-caption alignnone\"><img loading=\"lazy\" decoding=\"async\" aria-describedby=\"caption-attachment-7390\" class=\"wp-image-7390\" src=\"https:\/\/blog.museunacional.cat\/wp-content\/uploads\/DSC_4550.jpg\" alt=\"\" width=\"300\" height=\"453\" srcset=\"https:\/\/blog.museunacional.cat\/wp-content\/uploads\/DSC_4550.jpg 2448w, https:\/\/blog.museunacional.cat\/wp-content\/uploads\/DSC_4550-199x300.jpg 199w, https:\/\/blog.museunacional.cat\/wp-content\/uploads\/DSC_4550-768x1160.jpg 768w, https:\/\/blog.museunacional.cat\/wp-content\/uploads\/DSC_4550-678x1024.jpg 678w\" sizes=\"auto, (max-width: 300px) 100vw, 300px\" \/><p id=\"caption-attachment-7390\" class=\"wp-caption-text\"><span style=\"color: #ffffff;\">&#8211;<\/span><\/p><\/div><\/td>\n<\/tr>\n<\/tbody>\n<\/table>\n<p>Como siempre, la experiencia ha sido fant\u00e1stica y muy enriquecedora. Los ni\u00f1os han aprendido muchas cosas de la actividad que se lleva a cabo en el museo y tanto peque\u00f1os como mayores hemos disfrutado juntos de una tarde de entretenimiento y diversi\u00f3n, fortaleciendo nuestras relaciones, en el marco incomparable del museo.<\/p>\n<p><div id=\"attachment_7392\" style=\"width: 610px\" class=\"wp-caption alignnone\"><img loading=\"lazy\" decoding=\"async\" aria-describedby=\"caption-attachment-7392\" class=\"wp-image-7392\" src=\"https:\/\/blog.museunacional.cat\/wp-content\/uploads\/DSC_4554.jpg\" alt=\"\" width=\"600\" height=\"397\" srcset=\"https:\/\/blog.museunacional.cat\/wp-content\/uploads\/DSC_4554.jpg 3696w, https:\/\/blog.museunacional.cat\/wp-content\/uploads\/DSC_4554-300x199.jpg 300w, https:\/\/blog.museunacional.cat\/wp-content\/uploads\/DSC_4554-768x509.jpg 768w, https:\/\/blog.museunacional.cat\/wp-content\/uploads\/DSC_4554-1024x678.jpg 1024w\" sizes=\"auto, (max-width: 600px) 100vw, 600px\" \/><p id=\"caption-attachment-7392\" class=\"wp-caption-text\">Vista general del espacio exterior de la fiesta<\/p><\/div><\/dd>\n","protected":false},"excerpt":{"rendered":"<p>Cristina Riera Hoy os hablamos de una actividad l\u00fadica y veraniega. Este mes de julio hemos celebrado la quinta edici\u00f3n de la fiesta El museo en familia, en la que los trabajadores del museo podemos participar acompa\u00f1ados de nuestros hijos, nietos, sobrinos, etc. La fiesta sigui\u00f3 el mismo formato que en ediciones anteriores, con algunas&#8230;<\/p>\n","protected":false},"author":39,"featured_media":7403,"comment_status":"open","ping_status":"open","sticky":false,"template":"","format":"standard","meta":{"_jetpack_memberships_contains_paid_content":false,"footnotes":""},"categories":[26],"tags":[627,754,56,1320],"class_list":["post-7421","post","type-post","status-publish","format-standard","has-post-thumbnail","hentry","category-actividades","tag-actividades-familiares","tag-aprendizaje","tag-publicos","tag-responsabilidad-social","author-cristina-riera"],"jetpack_featured_media_url":"https:\/\/blog.museunacional.cat\/wp-content\/uploads\/Cap\u00e7alera-1.jpg","jetpack_sharing_enabled":true,"jetpack_shortlink":"https:\/\/wp.me\/p4tWCI-1VH","_links":{"self":[{"href":"https:\/\/blog.museunacional.cat\/es\/wp-json\/wp\/v2\/posts\/7421","targetHints":{"allow":["GET"]}}],"collection":[{"href":"https:\/\/blog.museunacional.cat\/es\/wp-json\/wp\/v2\/posts"}],"about":[{"href":"https:\/\/blog.museunacional.cat\/es\/wp-json\/wp\/v2\/types\/post"}],"author":[{"embeddable":true,"href":"https:\/\/blog.museunacional.cat\/es\/wp-json\/wp\/v2\/users\/39"}],"replies":[{"embeddable":true,"href":"https:\/\/blog.museunacional.cat\/es\/wp-json\/wp\/v2\/comments?post=7421"}],"version-history":[{"count":5,"href":"https:\/\/blog.museunacional.cat\/es\/wp-json\/wp\/v2\/posts\/7421\/revisions"}],"predecessor-version":[{"id":13528,"href":"https:\/\/blog.museunacional.cat\/es\/wp-json\/wp\/v2\/posts\/7421\/revisions\/13528"}],"wp:featuredmedia":[{"embeddable":true,"href":"https:\/\/blog.museunacional.cat\/es\/wp-json\/wp\/v2\/media\/7403"}],"wp:attachment":[{"href":"https:\/\/blog.museunacional.cat\/es\/wp-json\/wp\/v2\/media?parent=7421"}],"wp:term":[{"taxonomy":"category","embeddable":true,"href":"https:\/\/blog.museunacional.cat\/es\/wp-json\/wp\/v2\/categories?post=7421"},{"taxonomy":"post_tag","embeddable":true,"href":"https:\/\/blog.museunacional.cat\/es\/wp-json\/wp\/v2\/tags?post=7421"}],"curies":[{"name":"wp","href":"https:\/\/api.w.org\/{rel}","templated":true}]}}