
{"id":6638,"date":"2016-04-28T11:11:23","date_gmt":"2016-04-28T11:11:23","guid":{"rendered":"http:\/\/blog.museunacional.cat\/?p=6638"},"modified":"2022-02-23T10:17:58","modified_gmt":"2022-02-23T10:17:58","slug":"comic-y-museo-una-historia-pendiente","status":"publish","type":"post","link":"https:\/\/blog.museunacional.cat\/es\/comic-y-museo-una-historia-pendiente\/","title":{"rendered":"C\u00f3mic y museo. Una historia pendiente"},"content":{"rendered":"\n<h6 class=\"wp-block-heading\">Llu\u00eds Alabern<\/h6>\n\n\n\n<figure class=\"wp-block-image size-full\"><a href=\"https:\/\/blog.museunacional.cat\/wp-content\/uploads\/salo_comic_ES.jpg\" rel=\"attachment wp-att-6603\"><img loading=\"lazy\" decoding=\"async\" width=\"620\" height=\"442\" src=\"https:\/\/blog.museunacional.cat\/wp-content\/uploads\/salo_comic_ES.jpg\" alt=\"Sal\u00f3 Internacional del C\u00f3mic Barcelona\" class=\"wp-image-6603\" srcset=\"https:\/\/blog.museunacional.cat\/wp-content\/uploads\/salo_comic_ES.jpg 620w, https:\/\/blog.museunacional.cat\/wp-content\/uploads\/salo_comic_ES-300x214.jpg 300w\" sizes=\"auto, (max-width: 620px) 100vw, 620px\" \/><\/a><\/figure>\n\n\n\n<p>Abrir las puertas del museo a la comunidad, incorporar la mirada del otro, repensar las museograf\u00edas en clave pol\u00edglota, generar propuestas desde la pluralidad en un momento en el que no parece haber ni un discurso ni un modelo predominante al que acogerse. El debate est\u00e1 abierto en buena parte de nuestros museos. Tambi\u00e9n en este.<\/p>\n\n\n\n<p>Trazar un eje transversal entre los programas p\u00fablicos, las museograf\u00edas, la colecci\u00f3n permanente, los enlaces educativos. Tender puentes entre la denominada cultura de masas y la mal llamada \u201calta cultura\u201d sin caer en t\u00f3picos ni clich\u00e9s. Hay m\u00e1s preguntas que respuestas:<\/p>\n\n\n\n<ul class=\"wp-block-list\"><li>\u00bfqu\u00e9 v\u00ednculos establecer con las artes no acad\u00e9micas, con el grafiti, la fotograf\u00eda documental, la <em>performance<\/em>, el c\u00f3mic, etc.?<\/li><li>\u00bfqu\u00e9 historias explicar para que el gran p\u00fablico entienda que un museo como el nuestro es una colecci\u00f3n de historias inexploradas, de iconograf\u00edas con las que conquistar nuevas narraciones, y tiene el deber p\u00fablico de ser un archivo al servicio de la ciudadan\u00eda?<\/li><\/ul>\n\n\n\n<h3 class=\"wp-block-heading\">En busca de v\u00ednculos entre arte consensuado y arte refugiado<\/h3>\n\n\n\n<p>La <a href=\"https:\/\/www.museunacional.cat\/es\/nueva-presentacion-de-arte-moderno\" target=\"_blank\" rel=\"noopener noreferrer\">nueva museograf\u00eda<\/a> que el museo propone en su colecci\u00f3n, en algunas de las exposiciones temporales y en no pocas de las actividades formuladas en su programa intenta empezar a dar respuestas a estas preguntas.<\/p>\n\n\n\n<figure class=\"wp-block-image alignnone size-full\"><a href=\"https:\/\/www.museunacional.cat\/es\/colleccio\/larrencaqueixals-el-sacamuelas\/isidre-nonell\/214196-000\" target=\"_blank\" rel=\"attachment wp-att-6611 noopener\"><img loading=\"lazy\" decoding=\"async\" width=\"316\" height=\"450\" src=\"https:\/\/blog.museunacional.cat\/wp-content\/uploads\/Isidre-Nonell-L\u2019arrencaqueixals-El-sacamuelas-1909..jpg\" alt=\"Isidre Nonell, L\u2019arrencaqueixals (El sacamuelas), 1909. Dibujo publicado en la revista Papitu el 8\/12\/1909, de la que Nonell fue colaborador habitual entre 1908-1911\" class=\"wp-image-21713\" srcset=\"https:\/\/blog.museunacional.cat\/wp-content\/uploads\/Isidre-Nonell-L\u2019arrencaqueixals-El-sacamuelas-1909..jpg 316w, https:\/\/blog.museunacional.cat\/wp-content\/uploads\/Isidre-Nonell-L\u2019arrencaqueixals-El-sacamuelas-1909.-211x300.jpg 211w\" sizes=\"auto, (max-width: 316px) 100vw, 316px\" \/><\/a><figcaption>Isidre Nonell,<a rel=\"noreferrer noopener\" href=\"https:\/\/www.museunacional.cat\/es\/colleccio\/larrencaqueixals-el-sacamuelas\/isidre-nonell\/214196-000\" target=\"_blank\"> <em>L\u2019arrencaqueixals (El sacamuelas)<\/em><\/a>, 1909. Dibujo&nbsp;publicado en la revista <em>Papitu<\/em> el 8\/12\/1909, de la que&nbsp;Nonell&nbsp;fue&nbsp;colaborador habitual entre 1908-1911<\/figcaption><\/figure>\n\n\n\n<p>Los c\u00f3mics son un artefacto cultural impreso, \u00edntimamente ligado a los medios masivos de comunicaci\u00f3n y quiz\u00e1s por eso a menudo apartados de las salas del museo. Las instituciones a\u00fan tenemos pendiente abrir nuestros almacenes y espacios a este fen\u00f3meno cultural centenario.<\/p>\n\n\n\n<figure class=\"wp-block-image alignnone size-full\"><a href=\"https:\/\/www.museunacional.cat\/es\/colleccio\/el-entierro-del-ano-1926\/ricard-opisso\/077022-d\" target=\"_blank\" rel=\"attachment wp-att-6610 noopener\"><img loading=\"lazy\" decoding=\"async\" width=\"600\" height=\"308\" src=\"https:\/\/blog.museunacional.cat\/wp-content\/uploads\/Ricard-Opisso-Despedida-del-a\u00f1o-1926.jpg\" alt=\"Ricard Opisso, Despedida del a\u00f1o 1926\" class=\"wp-image-21714\" srcset=\"https:\/\/blog.museunacional.cat\/wp-content\/uploads\/Ricard-Opisso-Despedida-del-a\u00f1o-1926.jpg 600w, https:\/\/blog.museunacional.cat\/wp-content\/uploads\/Ricard-Opisso-Despedida-del-a\u00f1o-1926-300x154.jpg 300w\" sizes=\"auto, (max-width: 600px) 100vw, 600px\" \/><\/a><figcaption>Ricard Opisso, <em><a href=\"https:\/\/www.museunacional.cat\/es\/colleccio\/despedida-del-ano-1926\/ricard-opisso\/077022-d\" target=\"_blank\" rel=\"noopener noreferrer\">Despedida del a\u00f1o 1926<\/a><\/em><\/figcaption><\/figure>\n\n\n\n<p>Quiz\u00e1s, como apunta Ana Merino en su preciso estudio sobre <em>El c\u00f3mic hisp\u00e1nico<\/em> (C\u00e1tedra, 2003), esto se deba en parte a las dificultades del c\u00f3mic para encontrar su propio espacio: \u201cpara que el c\u00f3mic sobreviva al acoso de otros medios necesita primero reconocer su espacio dentro de la historia cultural de la modernidad\u201d. En eso los museos tenemos mucho que decir. Toca catalogar, documentar esta historia reciente, <strong>abrir los espacios museogr\u00e1ficos a un lenguaje cuya dimensi\u00f3n masiva y popular es innegable<\/strong>. Debemos buscar los v\u00ednculos entre el arte consensuado en los cen\u00e1culos de la Historia oficial, y el subrepticio, el arte refugiado en los distritos de la cultura popular.<\/p>\n\n\n\n<figure class=\"wp-block-image alignnone size-full\"><a href=\"https:\/\/www.museunacional.cat\/es\/colleccio\/la-primavera-y-el-pintor-de-sant-lluc\/feliu-elias\/072375-d\" target=\"_blank\" rel=\"attachment wp-att-6615 noopener\"><img loading=\"lazy\" decoding=\"async\" width=\"3000\" height=\"2336\" src=\"https:\/\/blog.museunacional.cat\/wp-content\/uploads\/072375-d_007049.jpg\" alt=\"Feliu Elias, Apa, La primavera i el pintor de \u201cSant Lluch\u201d, cap a 1909\" class=\"wp-image-6615\" srcset=\"https:\/\/blog.museunacional.cat\/wp-content\/uploads\/072375-d_007049.jpg 3000w, https:\/\/blog.museunacional.cat\/wp-content\/uploads\/072375-d_007049-300x234.jpg 300w, https:\/\/blog.museunacional.cat\/wp-content\/uploads\/072375-d_007049-768x598.jpg 768w, https:\/\/blog.museunacional.cat\/wp-content\/uploads\/072375-d_007049-1024x797.jpg 1024w\" sizes=\"auto, (max-width: 3000px) 100vw, 3000px\" \/><\/a><figcaption>Feliu Elias, Apa, <a href=\"https:\/\/www.museunacional.cat\/es\/colleccio\/la-primavera-y-el-pintor-de-sant-lluch\/feliu-elias\/072375-d\" target=\"_blank\" rel=\"noopener noreferrer\"><em>La primavera y el pintor de \u201cSant Lluch\u201d<\/em><\/a>, hacia 1909<\/figcaption><\/figure>\n\n\n\n<h3 class=\"wp-block-heading\">Colecci\u00f3n gr\u00e1fica del Museu Nacional<\/h3>\n\n\n\n<p>El Museu Nacional dispone de una amplia <a href=\"https:\/\/www.museunacional.cat\/es\/taxonomy\/term\/16\" target=\"_blank\" rel=\"noopener noreferrer\">colecci\u00f3n gr\u00e1fica<\/a> que incluye desde <strong>originales de casi todos los dibujantes del cambio de siglo<\/strong> \u2013mostrados a menudo en las presentaciones de la colecci\u00f3n permanente as\u00ed como en varias exposiciones temporales\u2013, hasta las principales publicaciones que vieron nacer lo que podr\u00edamos denominar un precedente art\u00edstico de lo que hoy conocemos como c\u00f3mic. La prensa sat\u00edrica del siglo XIX preconiz\u00f3 en gran medida el mundo del c\u00f3mic. Es algo que, sin embargo, los museos parecen haber olvidado, y que resulta casi ignoto para el joven lector de <em>comic-books<\/em> y novelas gr\u00e1ficas. Estudiosos como Josep M. Cadena o instituciones como el Cercle Art\u00edstic de Sant Lluc llevan a\u00f1os presentando los v\u00ednculos entre el dibujo, las artes populares y el arte may\u00fasculo. Pero <strong>nadie ha tomado a\u00fan las riendas de un an\u00e1lisis profundo que permita establecer los criterios y espacios propios del c\u00f3mic, y su relaci\u00f3n con el resto de las artes<\/strong>.<\/p>\n\n\n\n<figure class=\"wp-block-image alignnone size-full\"><a href=\"https:\/\/blog.museunacional.cat\/wp-content\/uploads\/041295-D.jpg\" rel=\"attachment wp-att-6613\"><img loading=\"lazy\" decoding=\"async\" width=\"600\" height=\"415\" src=\"https:\/\/blog.museunacional.cat\/wp-content\/uploads\/041295-D.jpg\" alt=\"Picarol, L\u2019expedici\u00f3 d\u2019en Rusi\u00f1ol, Casas i companyia, sense data\" class=\"wp-image-6613\" srcset=\"https:\/\/blog.museunacional.cat\/wp-content\/uploads\/041295-D.jpg 600w, https:\/\/blog.museunacional.cat\/wp-content\/uploads\/041295-D-300x208.jpg 300w\" sizes=\"auto, (max-width: 600px) 100vw, 600px\" \/><\/a><figcaption>Picarol, <em>L\u2019expedici\u00f3 d\u2019en Rusi\u00f1ol, Casas i companyia<\/em>, sin fecha. Museu Nacional d&#8217;Art de Catalunya<\/figcaption><\/figure>\n\n\n\n<p>En nuestro \u00e1mbito cultural se puede trazar un hilo conductor que se inicia en dibujantes como Manuel Molin\u00e9, Josep Llu\u00eds Pellicer, Josep Costa <em>Picarol<\/em>; revistas como <em>\u00a1Cu-Cut!, <a href=\"https:\/\/www.museunacional.cat\/es\/colleccio\/la-esquella-de-la-torratxa-almanaque-para-1905\/pere-ynglada\/000419-c\" target=\"_blank\" rel=\"noopener noreferrer\">L\u2019Esquella de la Torratxa<\/a>, La Campana de Gr\u00e0cia, Gil Blas, La Tomasa, Papitu<\/em>, etc.; pasando por maestros de la gr\u00e1fica popular como <a href=\"https:\/\/www.museunacional.cat\/es\/advanced-piece-search?title_1=apel%C2%B7les&amp;title=&amp;field_piece_inventory_number_value=&amp;keys=&amp;field_piece_type_value_i18n%5b%5d=dibuix\" target=\"_blank\" rel=\"noopener noreferrer\">Apel\u00b7les Mestres<\/a>, Joan G. Junceda, <a href=\"https:\/\/www.museunacional.cat\/es\/advanced-piece-search?title_1=ramon+casas&amp;title=&amp;field_piece_inventory_number_value=&amp;keys=&amp;field_piece_type_value_i18n%5b%5d=dibuix\" target=\"_blank\" rel=\"noopener noreferrer\">Ramon Casas<\/a>, <a href=\"https:\/\/www.museunacional.cat\/es\/advanced-piece-search?title_1=gos%C3%A9&amp;title=&amp;field_piece_inventory_number_value=&amp;keys=&amp;field_piece_type_value_i18n%5b%5d=dibuix\" target=\"_blank\" rel=\"noopener noreferrer\">Xavier Gos\u00e9<\/a>, <a href=\"https:\/\/www.museunacional.cat\/es\/advanced-piece-search?title_1=Feliu+Elias&amp;title=&amp;field_piece_inventory_number_value=&amp;keys=&amp;field_piece_type_value_i18n%5b%5d=dibuix\" target=\"_blank\" rel=\"noopener noreferrer\">Feliu Elias<\/a> <em>Apa<\/em> o el gran <a href=\"https:\/\/www.museunacional.cat\/es\/advanced-piece-search?title_1=Opisso&amp;title=&amp;field_piece_inventory_number_value=&amp;keys=&amp;field_piece_type_value_i18n%5b%5d=dibuix\" target=\"_blank\" rel=\"noopener noreferrer\">Ricard Opisso<\/a>. Pere Ynglada, Llu\u00eds Bagaria, Josep Mompou, Emili Freixas, <a href=\"https:\/\/www.museunacional.cat\/es\/advanced-piece-search?title_1=Ramon+calsina&amp;title=&amp;field_piece_inventory_number_value=&amp;keys=\" target=\"_blank\" rel=\"noopener noreferrer\">Ramon Calsina<\/a>\u2026 antecesores de los dibujantes del <em>TBO<\/em>, de los tebeos de posguerra, de las colecciones de la Editorial Bruguera, de Cesc, el Perich, el Roto, de las publicaciones pol\u00edticas de la Transici\u00f3n, del <em>c\u00f3mix<\/em> <em>underground,<\/em> <em>Nazario<\/em>, <em>Makoki<\/em>, <em>El V\u00edbora<\/em><\/p>\n\n\n\n<figure class=\"wp-block-gallery columns-2 is-cropped wp-block-gallery-2 is-layout-flex wp-block-gallery-is-layout-flex\"><ul class=\"blocks-gallery-grid\"><li class=\"blocks-gallery-item\"><figure><a href=\"https:\/\/blog.museunacional.cat\/wp-content\/uploads\/Ramon-Casas-Ciclista.-L\u2019anada-La-ida-y-Ciclista.-La-tornada-La-vuelta.jpg\"><img loading=\"lazy\" decoding=\"async\" width=\"400\" height=\"253\" src=\"https:\/\/blog.museunacional.cat\/wp-content\/uploads\/Ramon-Casas-Ciclista.-L\u2019anada-La-ida-y-Ciclista.-La-tornada-La-vuelta.jpg\" alt=\"\" data-id=\"21715\" data-full-url=\"https:\/\/blog.museunacional.cat\/wp-content\/uploads\/Ramon-Casas-Ciclista.-L\u2019anada-La-ida-y-Ciclista.-La-tornada-La-vuelta.jpg\" data-link=\"https:\/\/blog.museunacional.cat\/es\/comic-y-museo-una-historia-pendiente\/imagen-154-4\/\" class=\"wp-image-21715\" srcset=\"https:\/\/blog.museunacional.cat\/wp-content\/uploads\/Ramon-Casas-Ciclista.-L\u2019anada-La-ida-y-Ciclista.-La-tornada-La-vuelta.jpg 400w, https:\/\/blog.museunacional.cat\/wp-content\/uploads\/Ramon-Casas-Ciclista.-L\u2019anada-La-ida-y-Ciclista.-La-tornada-La-vuelta-300x190.jpg 300w\" sizes=\"auto, (max-width: 400px) 100vw, 400px\" \/><\/a><figcaption class=\"blocks-gallery-item__caption\">Imagen 154<\/figcaption><\/figure><\/li><li class=\"blocks-gallery-item\"><figure><a href=\"https:\/\/blog.museunacional.cat\/wp-content\/uploads\/Ramon-Casas-Ciclista.-L\u2019anada-i-Ciclista.-La-tornada.jpg\"><img loading=\"lazy\" decoding=\"async\" width=\"400\" height=\"255\" src=\"https:\/\/blog.museunacional.cat\/wp-content\/uploads\/Ramon-Casas-Ciclista.-L\u2019anada-i-Ciclista.-La-tornada.jpg\" alt=\"\" data-id=\"21716\" data-full-url=\"https:\/\/blog.museunacional.cat\/wp-content\/uploads\/Ramon-Casas-Ciclista.-L\u2019anada-i-Ciclista.-La-tornada.jpg\" data-link=\"https:\/\/blog.museunacional.cat\/es\/comic-y-museo-una-historia-pendiente\/imagen-153-2\/\" class=\"wp-image-21716\" srcset=\"https:\/\/blog.museunacional.cat\/wp-content\/uploads\/Ramon-Casas-Ciclista.-L\u2019anada-i-Ciclista.-La-tornada.jpg 400w, https:\/\/blog.museunacional.cat\/wp-content\/uploads\/Ramon-Casas-Ciclista.-L\u2019anada-i-Ciclista.-La-tornada-300x191.jpg 300w\" sizes=\"auto, (max-width: 400px) 100vw, 400px\" \/><\/a><figcaption class=\"blocks-gallery-item__caption\">Imagen 153<\/figcaption><\/figure><\/li><\/ul><\/figure>\n\n\n\n<h6 class=\"wp-block-heading\">Ramon Casas, <a href=\"https:\/\/www.museunacional.cat\/es\/colleccio\/ciclista-lanada-la-ida\/ramon-casas\/041270-d\" target=\"_blank\" rel=\"noopener noreferrer\"><em>Ciclista. L\u2019anada (La ida)<\/em><\/a> y <a href=\"https:\/\/www.museunacional.cat\/es\/colleccio\/ciclista-la-tornada-la-vuelta\/ramon-casas\/041271-d\" target=\"_blank\" rel=\"noopener noreferrer\"><em>Ciclista. La tornada (La vuelta)<\/em><\/a>. Primera y segunda parte de&nbsp;una historieta publicada en el&nbsp;<em>Almanac de <\/em><em>l&#8217;Esquella de la Torratxa <\/em>(1890, p. 110 y 111). Al&nbsp;pie de las ilustraciones dec\u00eda: \u00abAl mont\u00e0 a la bicicleta -per emprendre un passeig llarch-, deya: Avuy de quans me vegin, l&#8217;atenci\u00f3 tinch de cridar\u00bb y \u00abY amb l&#8217;aparato fet a trossos y un gran nyanyo al mig del front tornant a burro&#8230; en efecte, -cridava molt l&#8217;atenci\u00f3\u00bb.<\/h6>\n\n\n\n<h3 class=\"wp-block-heading\"><strong>El Sal\u00f3n del C\u00f3mic entra en el Museu Nacional<\/strong><\/h3>\n\n\n\n<p>Parece l\u00f3gico pues, que el museo establezca pasarelas con el mundo del c\u00f3mic, y qu\u00e9 mejor manera de hacerlo en estos d\u00edas que invitando al <a href=\"http:\/\/ficomic.com\/inicio.cfm\" target=\"_blank\" rel=\"noopener noreferrer\">Sal\u00f3n del C\u00f3mic<\/a> y a Santiago Garc\u00eda y Javier Olivares, ganadores del <a href=\"https:\/\/es.wikipedia.org\/wiki\/Premio_Nacional_del_C%C3%B3mic_%28Espa%C3%B1a%29\" target=\"_blank\" rel=\"noopener noreferrer\">Premio Nacional de C\u00f3mic<\/a> con su magn\u00edfica novela gr\u00e1fica <em>Las Meninas<\/em>, a presentar algunos de sus trabajos.<\/p>\n\n\n\n<p>En uno de los espacios que el museo ha decidido dedicar a incorporar la mirada del otro, a conjugar esfuerzos educativos que permitan vincularnos con los p\u00fablicos menos probables, presentamos el proyecto <span style=\"color: #000000;\"><a href=\"https:\/\/www.museunacional.cat\/es\/garciaolivaresvinetas-0\" target=\"_blank\" rel=\"noopener noreferrer\">Garc\u00eda\/Olivares: Vi\u00f1etas<\/a><\/span><i>.&nbsp;<\/i>Podemos ver algunos esbozos, descartes, procesos gr\u00e1ficos, obras publicadas junto a otras no publicadas del dueto que forman guionista y dibujante, todas, jugando a lo hermen\u00e9utico, <strong>disolviendo fronteras entre c\u00f3mic, literatura y arte<\/strong>.<\/p>\n\n\n\n<figure class=\"wp-block-image alignnone size-full\"><a href=\"https:\/\/blog.museunacional.cat\/wp-content\/uploads\/041324-D.jpg\" rel=\"attachment wp-att-6614\"><img loading=\"lazy\" decoding=\"async\" width=\"343\" height=\"500\" src=\"https:\/\/blog.museunacional.cat\/wp-content\/uploads\/Pere-Ynglada-P\u00fablico-de-Exposici\u00f3n-primera-mitad-del-siglo-XX.-Museu-Nacional-dArt-de-Catalunya.jpg\" alt=\"Pere Ynglada, P\u00fablico de Exposici\u00f3n, primera mitad del siglo XX. Museu Nacional d'Art de Catalunya\" class=\"wp-image-21717\" srcset=\"https:\/\/blog.museunacional.cat\/wp-content\/uploads\/Pere-Ynglada-P\u00fablico-de-Exposici\u00f3n-primera-mitad-del-siglo-XX.-Museu-Nacional-dArt-de-Catalunya.jpg 343w, https:\/\/blog.museunacional.cat\/wp-content\/uploads\/Pere-Ynglada-P\u00fablico-de-Exposici\u00f3n-primera-mitad-del-siglo-XX.-Museu-Nacional-dArt-de-Catalunya-206x300.jpg 206w\" sizes=\"auto, (max-width: 343px) 100vw, 343px\" \/><\/a><figcaption>Pere Ynglada, <em>P\u00fablico de Exposici\u00f3n<\/em>, primera mitad del siglo&nbsp;XX. Museu Nacional d&#8217;Art de Catalunya<\/figcaption><\/figure>\n\n\n\n<p>Invitamos, adem\u00e1s, al escritor, periodista cultural y guionista <a href=\"https:\/\/www.museunacional.cat\/es\/conferencia-comics-un-lenguaje-artistico-transversal-cargo-de-jordi-carrion\" target=\"_blank\" rel=\"noopener noreferrer\">Jorge Carri\u00f3n a reflexionar sobre la entrada del c\u00f3mic en el \u00e1mbito muse\u00edstico<\/a>. Es un primer encuentro c\u00f3mic-museo, pero habr\u00e1 m\u00e1s. El acuerdo de colaboraci\u00f3n entre el Sal\u00f3n del C\u00f3mic de Barcelona y el Museu Nacional augura propuestas continuadas y proyectos de envergadura para despabilar todas las conjeturas posibles.<\/p>\n\n\n\n<h3 class=\"wp-block-heading\">Enlaces relacionados<\/h3>\n\n\n\n<p><a href=\"http:\/\/javierolivaresblog.blogspot.com.es\/\" target=\"_blank\" rel=\"noopener noreferrer\">Blog personal de Javier Olivares<\/a><\/p>\n\n\n\n<p><a href=\"http:\/\/santiagogarciablog.blogspot.com.es\/\" target=\"_blank\" rel=\"noopener noreferrer\">Blog personal de Santiago Garc\u00eda<\/a><\/p>\n","protected":false},"excerpt":{"rendered":"<p>Llu\u00eds Alabern Abrir las puertas del museo a la comunidad, incorporar la mirada del otro, repensar las museograf\u00edas en clave pol\u00edglota, generar propuestas desde la pluralidad en un momento en el que no parece haber ni un discurso ni un modelo predominante al que acogerse. El debate est\u00e1 abierto en buena parte de nuestros museos&#8230;.<\/p>\n","protected":false},"author":22,"featured_media":6603,"comment_status":"open","ping_status":"open","sticky":false,"template":"","format":"standard","meta":{"_jetpack_memberships_contains_paid_content":false,"footnotes":""},"categories":[14,19],"tags":[963,358,965],"class_list":["post-6638","post","type-post","status-publish","format-standard","has-post-thumbnail","hentry","category-coleccion","category-exposiciones","tag-comic-es","tag-dibujo","tag-grafismo","author-lluis-alabern"],"jetpack_featured_media_url":"https:\/\/blog.museunacional.cat\/wp-content\/uploads\/salo_comic_ES.jpg","jetpack_sharing_enabled":true,"jetpack_shortlink":"https:\/\/wp.me\/p4tWCI-1J4","_links":{"self":[{"href":"https:\/\/blog.museunacional.cat\/es\/wp-json\/wp\/v2\/posts\/6638","targetHints":{"allow":["GET"]}}],"collection":[{"href":"https:\/\/blog.museunacional.cat\/es\/wp-json\/wp\/v2\/posts"}],"about":[{"href":"https:\/\/blog.museunacional.cat\/es\/wp-json\/wp\/v2\/types\/post"}],"author":[{"embeddable":true,"href":"https:\/\/blog.museunacional.cat\/es\/wp-json\/wp\/v2\/users\/22"}],"replies":[{"embeddable":true,"href":"https:\/\/blog.museunacional.cat\/es\/wp-json\/wp\/v2\/comments?post=6638"}],"version-history":[{"count":12,"href":"https:\/\/blog.museunacional.cat\/es\/wp-json\/wp\/v2\/posts\/6638\/revisions"}],"predecessor-version":[{"id":31733,"href":"https:\/\/blog.museunacional.cat\/es\/wp-json\/wp\/v2\/posts\/6638\/revisions\/31733"}],"wp:featuredmedia":[{"embeddable":true,"href":"https:\/\/blog.museunacional.cat\/es\/wp-json\/wp\/v2\/media\/6603"}],"wp:attachment":[{"href":"https:\/\/blog.museunacional.cat\/es\/wp-json\/wp\/v2\/media?parent=6638"}],"wp:term":[{"taxonomy":"category","embeddable":true,"href":"https:\/\/blog.museunacional.cat\/es\/wp-json\/wp\/v2\/categories?post=6638"},{"taxonomy":"post_tag","embeddable":true,"href":"https:\/\/blog.museunacional.cat\/es\/wp-json\/wp\/v2\/tags?post=6638"}],"curies":[{"name":"wp","href":"https:\/\/api.w.org\/{rel}","templated":true}]}}