
{"id":5307,"date":"2015-11-26T11:59:27","date_gmt":"2015-11-23T10:11:21","guid":{"rendered":"http:\/\/blog.museunacional.cat\/?p=5307"},"modified":"2018-06-04T11:37:45","modified_gmt":"2018-06-04T11:37:45","slug":"los-amigos-del-museu-nacional-nos-sumamos-al-givingtuesday","status":"publish","type":"post","link":"https:\/\/blog.museunacional.cat\/es\/los-amigos-del-museu-nacional-nos-sumamos-al-givingtuesday\/","title":{"rendered":"Los Amigos del Museu Nacional nos sumamos al #GivingTuesday"},"content":{"rendered":"<h6>Anna Fabra<\/h6>\n<table style=\"height: 155px;\" border=\"0\" width=\"638\" cellspacing=\"0\" cellpadding=\"0\">\n<tbody>\n<tr>\n<td style=\"border: hidden;\" valign=\"top\"><a href=\"https:\/\/blog.museunacional.cat\/wp-content\/uploads\/cap1.jpg\"><img loading=\"lazy\" decoding=\"async\" class=\"alignnone wp-image-5292\" src=\"https:\/\/blog.museunacional.cat\/wp-content\/uploads\/cap1.jpg\" alt=\"\" width=\"610\" height=\"178\" srcset=\"https:\/\/blog.museunacional.cat\/wp-content\/uploads\/cap1.jpg 800w, https:\/\/blog.museunacional.cat\/wp-content\/uploads\/cap1-300x87.jpg 300w\" sizes=\"auto, (max-width: 610px) 100vw, 610px\" \/><\/a><\/td>\n<\/tr>\n<\/tbody>\n<\/table>\n<p>Por primera vez en nuestro pa\u00eds, el 1 de diciembre de 2015 se celebra el <em><a href=\"https:\/\/en.wikipedia.org\/wiki\/Giving_Tuesday\" target=\"_blank\" rel=\"noopener noreferrer\">#GivingTuesday<\/a><\/em>, <em>Un d\u00eda para dar<\/em>, el d\u00eda mundial dedicado a la acci\u00f3n de dar. Se trata de un movimiento global con presencia de m\u00e1s de 70 pa\u00edses que, desde hace 4 a\u00f1os, se celebra el primer martes de diciembre.<\/p>\n<p><strong>El <em>#GivingTuesday <\/em>tiene el objetivo de dedicar un d\u00eda en todo el mundo a celebrar la acci\u00f3n de dar<\/strong>, ya sean alimentos, dinero, tiempo (voluntariado), objetos de segunda mano, etc., con la perspectiva, sobre todo, de ser el punto de partida para seguir donando y promoviendo la filantrop\u00eda los otros 364 d\u00edas del a\u00f1o.<\/p>\n<h3>\u00bfDe d\u00f3nde surge la iniciativa?<\/h3>\n<p>La idea del <em>#GivingTuesday <\/em>surgi\u00f3 en 2012 de la ONG <em>92Y Street<\/em> de Nueva York, dedicada durante m\u00e1s de 100 a\u00f1os a las obras sociales, y de la Fundaci\u00f3n de las Naciones Unidas, que ha aportado su experiencia en la estrategia y difusi\u00f3n de proyectos solidarios.<\/p>\n<p>La iniciativa se articula a trav\u00e9s de una plataforma web que da visibilidad de manera conjunta a proyectos solidarios y busca movilizar a todos los ciudadanos, las familias, organizaciones y empresas para que contribuyan a este d\u00eda mundial de la donaci\u00f3n. Cada pa\u00eds participante tiene su propia plataforma y en Catalu\u00f1a es <a href=\"http:\/\/givingtuesday.es\/\" target=\"_blank\" rel=\"noopener noreferrer\">givingtuesday.cat.<\/a><\/p>\n<p>Entre los proyectos que tienen presencia en esta iniciativa, se encuentran de car\u00e1cter social, educativos, deportivos, medioambientales, de salud, investigaci\u00f3n cient\u00edfica, cooperaci\u00f3n internacional, y tambi\u00e9n <strong>culturales<\/strong>, \u00a1como el de los Amigos del Museu Nacional!<\/p>\n<h3>La participaci\u00f3n de los Amigos del Museu Nacional<\/h3>\n<p><a href=\"https:\/\/blog.museunacional.cat\/wp-content\/uploads\/cares_Amics.jpg\"><img loading=\"lazy\" decoding=\"async\" class=\"alignnone size-large wp-image-5294\" src=\"https:\/\/blog.museunacional.cat\/wp-content\/uploads\/cares_Amics-1024x461.jpg\" alt=\"\" width=\"620\" height=\"279\" srcset=\"https:\/\/blog.museunacional.cat\/wp-content\/uploads\/cares_Amics-1024x461.jpg 1024w, https:\/\/blog.museunacional.cat\/wp-content\/uploads\/cares_Amics-300x135.jpg 300w, https:\/\/blog.museunacional.cat\/wp-content\/uploads\/cares_Amics.jpg 1326w\" sizes=\"auto, (max-width: 620px) 100vw, 620px\" \/><\/a><\/p>\n<p><strong>\u00bfCu\u00e1l es nuestro objetivo?<\/strong><\/p>\n<p>Los Amigos del Museu Nacional participamos en esta primera edici\u00f3n del <em>#GivingTuesday<\/em> con la finalidad de <strong>recaudar fondos para los <a href=\"https:\/\/www.museunacional.cat\/es\/patrocinio-y-empresas\" target=\"_blank\" rel=\"noopener noreferrer\">proyectos educativos y sociales del museo<\/a><\/strong>. Todo el dinero que se consiga en forma de nuevos Amigos se destinar\u00e1 \u00edntegramente a estos proyectos tan vitales para el museo. Las adhesiones van de los 18 hasta los 2.000 \u20ac, pod\u00e9is <a href=\"http:\/\/www.amicsdelmnac.org\/?op=membres&amp;op1=beneficis&amp;lang=esp\" target=\"_blank\" rel=\"noopener noreferrer\">consultar todas las categor\u00edas<\/a>.<\/p>\n<div id=\"attachment_5297\" style=\"width: 384px\" class=\"wp-caption alignnone\"><a href=\"https:\/\/blog.museunacional.cat\/wp-content\/uploads\/110.jpg\"><img loading=\"lazy\" decoding=\"async\" aria-describedby=\"caption-attachment-5297\" class=\"wp-image-5297\" src=\"https:\/\/blog.museunacional.cat\/wp-content\/uploads\/110.jpg\" alt=\"\" width=\"374\" height=\"400\" srcset=\"https:\/\/blog.museunacional.cat\/wp-content\/uploads\/110.jpg 480w, https:\/\/blog.museunacional.cat\/wp-content\/uploads\/110-280x300.jpg 280w\" sizes=\"auto, (max-width: 374px) 100vw, 374px\" \/><\/a><p id=\"caption-attachment-5297\" class=\"wp-caption-text\">Foto: Museu Nacional d&#8217;Art de Catalunya<\/p><\/div>\n<p><strong>Los Amigos del Museu Nacional d\u2019Art de Catalunya<\/strong><\/p>\n<p>Desde hace casi 20 a\u00f1os, los Amigos del Museu Nacional trabajamos para difundir y hacer m\u00e1s pr\u00f3ximo nuestro patrimonio art\u00edstico. Con esta finalidad organizamos diferentes actividades (visitas comentadas, charlas y conferencias, salidas, viajes&#8230;). Esta <strong>participaci\u00f3n de los ciudadanos en la vida cultural<\/strong> produce unos beneficios intangibles que se traducen, sin duda, en un <strong>impacto positivo en nuestra sociedad<\/strong>.<\/p>\n<p>Por un lado, los Amigos contribuimos tambi\u00e9n a <strong>generar una cultura ciudadana filantr\u00f3pica<\/strong>, gracias a campa\u00f1as de financiaci\u00f3n colectiva para adquirir o restaurar obras de arte, para comprar libros para la biblioteca o para apoyar los proyectos educativos y sociales del Museu Nacional.<\/p>\n<p>Hasta ahora, los Amigos del Museu Nacional hemos llevado a cabo diferentes <strong>campa\u00f1as de apoyo al museo<\/strong> como las siguientes:<\/p>\n<ul>\n<li>Campa\u00f1a de financiaci\u00f3n colectiva para adquirir <em><a href=\"https:\/\/www.museunacional.cat\/es\/colleccio\/la-plegaria\/maria-fortuny\/240017-000\">La plegaria<\/a><\/em> de Mari\u00e0 Fortuny, de abril a septiembre de 2013. Participaron m\u00e1s de 240 mecenas y conseguimos recaudar los 45.000 \u20ac necesarios para comprar ese dibujo de 1872 que, durante muchos a\u00f1os, hab\u00eda permanecido en manos de coleccionistas privados.<\/li>\n<\/ul>\n<div id=\"attachment_5298\" style=\"width: 293px\" class=\"wp-caption alignnone\"><a href=\"https:\/\/www.museunacional.cat\/sites\/default\/files\/240017-000.JPG\"><img loading=\"lazy\" decoding=\"async\" aria-describedby=\"caption-attachment-5298\" class=\"wp-image-5298\" src=\"https:\/\/blog.museunacional.cat\/wp-content\/uploads\/LaPregaria_Fortuny-723x1024.jpg\" alt=\"\" width=\"283\" height=\"400\" \/><\/a><p id=\"caption-attachment-5298\" class=\"wp-caption-text\">Mari\u00e0 Fortuny, <a href=\"https:\/\/www.museunacional.cat\/es\/colleccio\/la-plegaria\/maria-fortuny\/240017-000\" target=\"_blank\" rel=\"noopener noreferrer\"><em>La plegaria<\/em><\/a>, hacia 1871-1872<\/p><\/div>\n<ul>\n<li>Campa\u00f1a <a href=\"https:\/\/blog.museunacional.cat\/es\/amigos-libros-como-adquirir-nuevos-libros-para-la-biblioteca-del-museo\/\" target=\"_blank\" rel=\"noopener noreferrer\">\u00a1+Amigos, +libros!<\/a> de captaci\u00f3n de fondos para hacer frente a la adquisici\u00f3n prioritaria de libros para la Biblioteca Folch i Torres de historia del arte del museo, en abril de 2015, en el marco del D\u00eda del Libro. Participaron m\u00e1s de 180 mecenas y se recaudaron 7.781 \u20ac, \u00a1superando el objetivo inicial de 6.000 \u20ac!<\/li>\n<li>Y, para este mes de diciembre, estamos preparando una campa\u00f1a de recaudaci\u00f3n de fondos destinada a los <a href=\"https:\/\/www.museunacional.cat\/es\/patrocinio-y-empresas\" target=\"_blank\" rel=\"noopener noreferrer\">proyectos educativos y sociales del Museu Nacional<\/a>. Esta campa\u00f1a se articula a trav\u00e9s de dos acciones concretas: adem\u00e1s de la que estamos comentando de nuevos Amigos que realizaremos el pr\u00f3ximo <em>#GivingTuesday<\/em>, la otra acci\u00f3n tendr\u00e1 lugar el fin de semana del 19 y 20 de diciembre, durante La Navidad del Museu Nacional con espect\u00e1culos gratuitos en la Sala Oval del museo para toda la familia.<\/li>\n<\/ul>\n<h3>Y, adem\u00e1s, el <em>#GivingTuesday Challenge<\/em><\/h3>\n<p>El <em>#GivingTuesday<\/em> es un movimiento que se articula principalmente a trav\u00e9s de las redes sociales, y se acompa\u00f1a de una acci\u00f3n que todos podemos hacer para dar a conocer el movimiento y su propia campa\u00f1a.<\/p>\n<table style=\"height: 288px;\" border=\"0\" width=\"618\" cellspacing=\"0\" cellpadding=\"0\">\n<tbody>\n<tr>\n<td style=\"border: hidden;\" valign=\"top\">\n<p><div id=\"attachment_5302\" style=\"width: 198px\" class=\"wp-caption alignnone\"><a href=\"https:\/\/blog.museunacional.cat\/wp-content\/uploads\/giving_tuesday_Getty.jpg\"><img loading=\"lazy\" decoding=\"async\" aria-describedby=\"caption-attachment-5302\" class=\"wp-image-5302\" src=\"https:\/\/blog.museunacional.cat\/wp-content\/uploads\/giving_tuesday_Getty.jpg\" alt=\"Foto: The Getty Iris\" width=\"188\" height=\"240\" srcset=\"https:\/\/blog.museunacional.cat\/wp-content\/uploads\/giving_tuesday_Getty.jpg 600w, https:\/\/blog.museunacional.cat\/wp-content\/uploads\/giving_tuesday_Getty-235x300.jpg 235w\" sizes=\"auto, (max-width: 188px) 100vw, 188px\" \/><\/a><p id=\"caption-attachment-5302\" class=\"wp-caption-text\">Foto: <a href=\"http:\/\/blogs.getty.edu\/iris\/support-the-arts-in-l-a-this-givingtuesday\/\" target=\"_blank\" rel=\"noopener noreferrer\">The Getty Iris<\/a><\/p><\/div><\/td>\n<td style=\"border: hidden;\" valign=\"top\">\n<p><div id=\"attachment_5320\" style=\"width: 370px\" class=\"wp-caption alignnone\"><a href=\"https:\/\/blog.museunacional.cat\/wp-content\/uploads\/giving.jpg\"><img loading=\"lazy\" decoding=\"async\" aria-describedby=\"caption-attachment-5320\" class=\"wp-image-5320\" src=\"https:\/\/blog.museunacional.cat\/wp-content\/uploads\/giving.jpg\" alt=\"Foto: #GivingTuesday\" width=\"360\" height=\"240\" srcset=\"https:\/\/blog.museunacional.cat\/wp-content\/uploads\/giving.jpg 1024w, https:\/\/blog.museunacional.cat\/wp-content\/uploads\/giving-300x200.jpg 300w\" sizes=\"auto, (max-width: 360px) 100vw, 360px\" \/><\/a><p id=\"caption-attachment-5320\" class=\"wp-caption-text\">Foto: #GivingTuesday<\/p><\/div><\/td>\n<\/tr>\n<\/tbody>\n<\/table>\n<p>Se trata de hacerse un <em>selfie <\/em>con el cartel del <em>#GivingTuesday<\/em>, que se puede descargar en la plataforma <a href=\"http:\/\/givingtuesday.cat\/\" target=\"_blank\" rel=\"noopener noreferrer\">givingtuesday.cat<\/a>, y colgarlo en las redes sociales con el <em>hashtag<\/em> <em>#GivingTuesday<\/em>. \u00bfOs anim\u00e1is?<\/p>\n<p>En resumen, el 1 de diciembre, hacerse Amigo del Museu Nacional \u00a1tiene m\u00e1s sentido que nunca! Todas las donaciones que recibamos ese d\u00eda se destinar\u00e1n \u00edntegramente a los proyectos educativos y sociales del Museu Nacional d\u2019Art de Catalunya.<\/p>\n<p><strong>\u00a1Juntos hacemos museo!<\/strong><\/p>\n<p><strong>Anna Fabra<\/strong>,<strong>\u00a0<\/strong>Amigos del Museu Nacional<\/p>\n","protected":false},"excerpt":{"rendered":"<p>Anna Fabra Por primera vez en nuestro pa\u00eds, el 1 de diciembre de 2015 se celebra el #GivingTuesday, Un d\u00eda para dar, el d\u00eda mundial dedicado a la acci\u00f3n de dar. Se trata de un movimiento global con presencia de m\u00e1s de 70 pa\u00edses que, desde hace 4 a\u00f1os, se celebra el primer martes de&#8230;<\/p>\n","protected":false},"author":47,"featured_media":5292,"comment_status":"open","ping_status":"open","sticky":false,"template":"","format":"standard","meta":{"_jetpack_memberships_contains_paid_content":false,"footnotes":""},"categories":[26,35],"tags":[882,627,885,259,879,1320],"class_list":["post-5307","post","type-post","status-publish","format-standard","has-post-thumbnail","hentry","category-actividades","category-gestion","tag-givingtuesday","tag-actividades-familiares","tag-amigos-del-museu-nacional","tag-eventos","tag-filantropia","tag-responsabilidad-social","author-guest"],"jetpack_featured_media_url":"https:\/\/blog.museunacional.cat\/wp-content\/uploads\/cap1.jpg","jetpack_sharing_enabled":true,"jetpack_shortlink":"https:\/\/wp.me\/p4tWCI-1nB","_links":{"self":[{"href":"https:\/\/blog.museunacional.cat\/es\/wp-json\/wp\/v2\/posts\/5307","targetHints":{"allow":["GET"]}}],"collection":[{"href":"https:\/\/blog.museunacional.cat\/es\/wp-json\/wp\/v2\/posts"}],"about":[{"href":"https:\/\/blog.museunacional.cat\/es\/wp-json\/wp\/v2\/types\/post"}],"author":[{"embeddable":true,"href":"https:\/\/blog.museunacional.cat\/es\/wp-json\/wp\/v2\/users\/47"}],"replies":[{"embeddable":true,"href":"https:\/\/blog.museunacional.cat\/es\/wp-json\/wp\/v2\/comments?post=5307"}],"version-history":[{"count":12,"href":"https:\/\/blog.museunacional.cat\/es\/wp-json\/wp\/v2\/posts\/5307\/revisions"}],"predecessor-version":[{"id":13532,"href":"https:\/\/blog.museunacional.cat\/es\/wp-json\/wp\/v2\/posts\/5307\/revisions\/13532"}],"wp:featuredmedia":[{"embeddable":true,"href":"https:\/\/blog.museunacional.cat\/es\/wp-json\/wp\/v2\/media\/5292"}],"wp:attachment":[{"href":"https:\/\/blog.museunacional.cat\/es\/wp-json\/wp\/v2\/media?parent=5307"}],"wp:term":[{"taxonomy":"category","embeddable":true,"href":"https:\/\/blog.museunacional.cat\/es\/wp-json\/wp\/v2\/categories?post=5307"},{"taxonomy":"post_tag","embeddable":true,"href":"https:\/\/blog.museunacional.cat\/es\/wp-json\/wp\/v2\/tags?post=5307"}],"curies":[{"name":"wp","href":"https:\/\/api.w.org\/{rel}","templated":true}]}}