
{"id":4205,"date":"2015-07-02T10:56:50","date_gmt":"2015-07-01T10:33:26","guid":{"rendered":"http:\/\/blog.museunacional.cat\/?p=4205"},"modified":"2020-04-03T09:20:38","modified_gmt":"2020-04-03T09:20:38","slug":"genesis-y-proceso-de-los-catalogos-digitales-en-la-fundacion-juan-march","status":"publish","type":"post","link":"https:\/\/blog.museunacional.cat\/es\/genesis-y-proceso-de-los-catalogos-digitales-en-la-fundacion-juan-march\/","title":{"rendered":"G\u00e9nesis y proceso de los cat\u00e1logos digitales en la Fundaci\u00f3n Juan March"},"content":{"rendered":"<h5>Montse Gum\u00e0<\/h5>\n<table style=\"height: 300px;\" border=\"0\" width=\"620\" cellspacing=\"0\" cellpadding=\"0\">\n<tbody>\n<tr>\n<td style=\"border: hidden;\" valign=\"top\">\n<p><div id=\"attachment_4189\" style=\"width: 609px\" class=\"wp-caption alignleft\"><a href=\"https:\/\/blog.museunacional.cat\/wp-content\/uploads\/12.jpg\"><img loading=\"lazy\" decoding=\"async\" aria-describedby=\"caption-attachment-4189\" class=\"wp-image-4189 size-full\" src=\"https:\/\/blog.museunacional.cat\/wp-content\/uploads\/12.jpg\" alt=\"Grupos de los museos de Articket en la videoconferencia con la Fundaci\u00f3n Juan March, celebrada en la Fundaci\u00f3 Mir\u00f3.\" width=\"599\" height=\"337\" srcset=\"https:\/\/blog.museunacional.cat\/wp-content\/uploads\/12.jpg 599w, https:\/\/blog.museunacional.cat\/wp-content\/uploads\/12-300x168.jpg 300w\" sizes=\"auto, (max-width: 599px) 100vw, 599px\" \/><\/a><p id=\"caption-attachment-4189\" class=\"wp-caption-text\">Grupo de los museos en la videoconferencia con la Fundaci\u00f3n Juan March, celebrada en la Fundaci\u00f3 Mir\u00f3. Foto: Conxa Rod\u00e0<\/p><\/div><\/td>\n<\/tr>\n<\/tbody>\n<\/table>\n<p>Hacer accesibles todos los cat\u00e1logos de arte de la Fundaci\u00f3n desde 1973 hasta la actualidad ha sido el objetivo que ha conseguido en menos de dos a\u00f1os un equipo multidisciplinar. Nos lo explicaron en una sesi\u00f3n de trabajo entre profesionales de los museos -la mayor\u00eda de los cuales formamos parte de <a href=\"http:\/\/www.articketbcn.org\/es\/barcelona-museos-entrada\" target=\"_blank\" rel=\"noopener noreferrer\">Articket-<\/a> con los responsables de \u201c<a href=\"http:\/\/www.march.es\/arte\/catalogos\/catalogos.aspx\" target=\"_blank\" rel=\"noopener noreferrer\">Todos nuestros cat\u00e1logos de arte desde 1973<\/a>\u201d de la Fundaci\u00f3n Juan March. Pudimos ver c\u00f3mo una necesidad muy concreta, tener un repositorio digital, se ha acabado convirtiendo en un proyecto de envergadura que ha hecho, de la instituci\u00f3n, un referente en el terreno digital. La finalidad b\u00e1sica: que los usuarios se puedan descargar de \u00e9l los textos y navegar por los cat\u00e1logos, para la investigaci\u00f3n o ense\u00f1anza. Los objetivos:<\/p>\n<ul>\n<li>difusi\u00f3n<\/li>\n<li>acceso abierto<\/li>\n<li>divulgaci\u00f3n del conocimiento<\/li>\n<li>herramienta para la investigaci\u00f3n y la docencia<\/li>\n<li>preservaci\u00f3n digital<\/li>\n<\/ul>\n<h3>Un proyecto interdisciplinario<\/h3>\n<p>\u201cTodos nuestros cat\u00e1logos de arte desde 1973\u201d es un proyecto muy bien trabado, liderado desde la Biblioteca y el Departamento de Arte, donde se detecta la necesidad del repositorio digital para preservar los archivos y garantizar su accesibilidad, y donde se consigue que el proyecto se convierta en troncal e interdisciplinario. Desde su gestaci\u00f3n, en julio de 2012, hasta su puesta en marcha en febrero de 2014, han trabajado en \u00e9l diversos departamentos, de forma coordinada:<\/p>\n<ul>\n<li>la Biblioteca recopila todos los cat\u00e1logos y realiza una recatalogaci\u00f3n exhaustiva pensando en los metadatos necesarios para su archivado y la recuperaci\u00f3n de los archivos digitales, y analiza los formatos y los datos con los que se trabaja;<\/li>\n<li>Exposiciones (incluye Publicaciones) aporta y decide el contenido, tanto de los cat\u00e1logos como de las publicaciones complementarias a digitalizar, y realiza la gesti\u00f3n de los derechos de autor y de las im\u00e1genes;<\/li>\n<li>Digitalizaci\u00f3n coordina la digitalizaci\u00f3n de los contenidos y las publicaciones complementarias y gestiona la aplicaci\u00f3n del OCR y las marcas de agua en las im\u00e1genes, e<\/li>\n<li>Inform\u00e1tica se ocupa de la gesti\u00f3n y mantenimiento del repositorio digital y del desarrollo y la implementaci\u00f3n de la web.<\/li>\n<\/ul>\n<table style=\"height: 300px;\" border=\"0\" width=\"620\" cellspacing=\"0\" cellpadding=\"0\">\n<tbody>\n<tr>\n<td style=\"border: hidden;\" valign=\"top\"><a href=\"https:\/\/blog.museunacional.cat\/wp-content\/uploads\/22.jpg\"><img loading=\"lazy\" decoding=\"async\" class=\"alignleft wp-image-4193\" src=\"https:\/\/blog.museunacional.cat\/wp-content\/uploads\/22.jpg\" alt=\"2\" width=\"600\" height=\"433\" srcset=\"https:\/\/blog.museunacional.cat\/wp-content\/uploads\/22.jpg 957w, https:\/\/blog.museunacional.cat\/wp-content\/uploads\/22-300x216.jpg 300w\" sizes=\"auto, (max-width: 600px) 100vw, 600px\" \/><\/a><\/td>\n<\/tr>\n<\/tbody>\n<\/table>\n<p>El proyecto ha sido ejemplar tambi\u00e9n en lo referente al proceso previo de toma de decisiones que afectaban al conjunto de la Fundaci\u00f3n y la revisi\u00f3n y cambio, si era necesario, de los procedimientos de trabajo.<\/p>\n<h3>C\u00f3mo arranca \u201cTodos nuestros cat\u00e1logos de arte desde 1973\u201d<\/h3>\n<p>Al poner en marcha el proyecto, se analizaron m\u00e1s de 300 webs de centros de arte para ir defini\u00e9ndolo, a partir de aceptar, descartar y\/o mejorar aspectos y funcionalidades de otros portales, y se inici\u00f3 todo el proceso de toma de decisiones a partir de la formulaci\u00f3n de cuestiones previas al inicio del proyecto:<\/p>\n<ul>\n<li>\u00bfqu\u00e9 repositorio digital es m\u00e1s conveniente?<\/li>\n<li>\u00bfc\u00f3digo abierto o software propietario?<\/li>\n<li>\u00bfportal multiplataforma?<\/li>\n<li>\u00bfqu\u00e9 metadatos tienen que constar?<\/li>\n<li>\u00bftiene que incluir la ficha catalogr\u00e1fica?<\/li>\n<li>\u00bfun portal solo para los cat\u00e1logos o tambi\u00e9n para publicaciones complementarias?<\/li>\n<li>\u00bfinclusi\u00f3n tambi\u00e9n de los cat\u00e1logos de las itinerancias?<\/li>\n<li>\u00bfqu\u00e9 formatos de archivo digital son los m\u00e1s habituales?<\/li>\n<li>\u00bfcu\u00e1les son los formatos necesarios seg\u00fan los diferentes usos pensados para los archivos generados y para necesidades futuras?<\/li>\n<li>\u00bfqu\u00e9 tipo de visor utilizar?<\/li>\n<li>\u00bfqu\u00e9 criterios de b\u00fasqueda avanzada incluir?<\/li>\n<li>\u00bfse digitaliza todo el fondo de la Biblioteca?<\/li>\n<li>\u00bfel uso previsto es b\u00e1sicamente investigaci\u00f3n y ense\u00f1anza?<\/li>\n<li>\u00bftodo el contenido es descargable e imprimible?<\/li>\n<\/ul>\n<p>Despu\u00e9s de un proceso de an\u00e1lisis, la Fundaci\u00f3n opt\u00f3 por Islandora, un sistema libre para repositorios digitales, basado en <a href=\"https:\/\/es.wikipedia.org\/wiki\/Fedora_Commons\" target=\"_blank\" rel=\"noopener noreferrer\">FEDORA <\/a>(Flexible Extensible Digital Object Repository Architecture), una arquitectura de gesti\u00f3n de activos digitales, interoperable y extensible, sobre la que se construye el repositorio digital.<\/p>\n<p>El sistema se complet\u00f3 con el motor de indexaci\u00f3n Solr y con Drupal (\u00a1como nuestra web!) para generar la interfaz web. Al mismo tiempo, se opt\u00f3 por un sistema multiplataforma, adaptativo para consulta desde ordenador, tableta y m\u00f3vil.<\/p>\n<table style=\"height: 300px;\" border=\"0\" width=\"620\" cellspacing=\"0\" cellpadding=\"0\">\n<tbody>\n<tr>\n<td style=\"border: hidden;\" valign=\"top\"><a href=\"https:\/\/blog.museunacional.cat\/wp-content\/uploads\/43.jpg\"><img loading=\"lazy\" decoding=\"async\" class=\"alignleft wp-image-4197 size-large\" src=\"https:\/\/blog.museunacional.cat\/wp-content\/uploads\/43-1024x819.jpg\" alt=\"4\" width=\"620\" height=\"495\" srcset=\"https:\/\/blog.museunacional.cat\/wp-content\/uploads\/43-1024x819.jpg 1024w, https:\/\/blog.museunacional.cat\/wp-content\/uploads\/43-300x240.jpg 300w, https:\/\/blog.museunacional.cat\/wp-content\/uploads\/43.jpg 1280w\" sizes=\"auto, (max-width: 620px) 100vw, 620px\" \/><\/a><\/td>\n<\/tr>\n<\/tbody>\n<\/table>\n<h3>El portal publicado<\/h3>\n<p>El resultado de todo este trabajo es un portal que cuenta con el contenido de 180 cat\u00e1logos de exposiciones, organizadas por la Fundaci\u00f3n Juan March desde el a\u00f1o 1973 en sus sedes de Madrid, Cuenca y Palma. Se actualiza continuamente porque, con contadas excepciones, se le van a\u00f1adiendo todos los cat\u00e1logos que se publican en papel pasado un a\u00f1o de la clausura de la exposici\u00f3n o una vez que se ha agotado su edici\u00f3n impresa y se comprueba que no queda ning\u00fan ejemplar en las distribuidoras. Si hay alg\u00fan ejemplar en papel disponible para la venta en la Fundaci\u00f3n Juan March, la posibilidad de compra tambi\u00e9n se puede realizar a trav\u00e9s de la web. Seg\u00fan datos de la web de la Fundaci\u00f3n Juan March, son accesibles al usuario m\u00e1s de 27.000 p\u00e1ginas, m\u00e1s de 400 autores e im\u00e1genes de 18.000 obras de casi 1.400 artistas.<\/p>\n<p>Cuenta con un sistema de b\u00fasqueda simple y otro de b\u00fasqueda avanzada, que permite buscar en todo el portal y en cada una de las p\u00e1ginas de los cat\u00e1logos y de las publicaciones complementarias, a parte de un sistema de recomendaciones que pueden ser de inter\u00e9s para el usuario a partir de la b\u00fasqueda que ha realizado. Los resultados de la b\u00fasqueda se pueden filtrar por fecha, por relevancia, por t\u00edtulo y por idioma, y la b\u00fasqueda se complementa tambi\u00e9n con un \u00edndice de autores y un \u00edndice de artistas.<\/p>\n<table style=\"height: 300px;\" border=\"0\" width=\"620\" cellspacing=\"0\" cellpadding=\"0\">\n<tbody>\n<tr>\n<td style=\"border: hidden;\" valign=\"top\"><a href=\"https:\/\/blog.museunacional.cat\/wp-content\/uploads\/53.jpg\"><img loading=\"lazy\" decoding=\"async\" class=\"alignleft size-large wp-image-4198\" src=\"https:\/\/blog.museunacional.cat\/wp-content\/uploads\/53-1024x819.jpg\" alt=\"5\" width=\"620\" height=\"495\" srcset=\"https:\/\/blog.museunacional.cat\/wp-content\/uploads\/53-1024x819.jpg 1024w, https:\/\/blog.museunacional.cat\/wp-content\/uploads\/53-300x240.jpg 300w, https:\/\/blog.museunacional.cat\/wp-content\/uploads\/53.jpg 1280w\" sizes=\"auto, (max-width: 620px) 100vw, 620px\" \/><\/a><\/td>\n<\/tr>\n<\/tbody>\n<\/table>\n<table style=\"height: 300px;\" border=\"0\" width=\"620\" cellspacing=\"0\" cellpadding=\"0\">\n<tbody>\n<tr>\n<td style=\"border: hidden;\" valign=\"top\"><a href=\"https:\/\/blog.museunacional.cat\/wp-content\/uploads\/62.jpg\"><img loading=\"lazy\" decoding=\"async\" class=\"alignleft wp-image-4200\" src=\"https:\/\/blog.museunacional.cat\/wp-content\/uploads\/62.jpg\" alt=\"6\" width=\"620\" height=\"631\" srcset=\"https:\/\/blog.museunacional.cat\/wp-content\/uploads\/62.jpg 840w, https:\/\/blog.museunacional.cat\/wp-content\/uploads\/62-294x300.jpg 294w\" sizes=\"auto, (max-width: 620px) 100vw, 620px\" \/><\/a><\/td>\n<\/tr>\n<\/tbody>\n<\/table>\n<h3>Algunas cifras de uso<\/h3>\n<p>De marzo de 2014 a mayo de 2015 se han abierto m\u00e1s de 75.000 sesiones de la web, de las que 60.000 son de Europa, 15.000 de Am\u00e9rica y el resto de otros continentes. En el mismo per\u00edodo, se han contabilizado unas <strong>50.700 visitas, unas 26.000 descargas y unas 7.000 vistas del visor<\/strong>.<\/p>\n<p>A priori, del hecho de que haya m\u00e1s descargas que vistas en el visor, parece que se deduce que el portal tiene el uso de estudio cient\u00edfico que la Fundaci\u00f3n quiere darle.<\/p>\n<p>Sugerente es la iniciativa de pedir a los usuarios que utilicen esta base de datos como fuente en sus publicaciones y sus estudios, que comuniquen sus trabajos a la Fundaci\u00f3n Juan March, de cara a incorporarlos a la bibliograf\u00eda especializada de la Biblioteca. Una buena manera de ayudar a futuros usuarios, compartir contenido y colaborar en el trabajo de la Biblioteca.<\/p>\n<p><strong>Ahora ya sabemos qu\u00e9 les pasa a los libros (cuando se acaban, o antes)&#8230; les podemos dar una segunda vida digital<\/strong>. Una segunda vida digital que va mucho m\u00e1s all\u00e1 del PDF enriquecido. Desde aqu\u00ed queremos felicitar al equipo de la Fundaci\u00f3n Juan March por la excelencia del proyecto de cat\u00e1logos digitales, y agradecer que Paz Fern\u00e1ndez, directora de la Biblioteca, y Luis Mart\u00ednez, analista de datos y coordinador de repositorios digitales de la Biblioteca, compartieran las bambalinas con nosotros.<\/p>\n<h3>Enlaces recomendados<\/h3>\n<p><a href=\"http:\/\/www.getty.edu\/foundation\/initiatives\/current\/osci\/index.html\" target=\"_blank\" rel=\"noopener noreferrer\">Online Scholarly Catalogue Initiative<\/a>, Getty<br \/>\n<a href=\"http:\/\/www.openculture.com\/2014\/11\/read-free-digital-art-catalogues-from-9-world-class-museums.html\" target=\"_blank\" rel=\"noopener noreferrer\">Read Free Digital Art Catalogues from 9 World-Class Museums<\/a>, Thanks to the Pioneering Getty Foundation, OpenCulture 2014<br \/>\n<a href=\"http:\/\/rhizome.org\/editorial\/2015\/mar\/12\/global-audiences-zero-visitors\" target=\"_blank\" rel=\"noopener noreferrer\">Global Audiences, Zero Visitors: How to measure the success of museums\u2019 online publishing<\/a>, Rhizome 2015<\/p>\n","protected":false},"excerpt":{"rendered":"<p>Montse Gum\u00e0 Hacer accesibles todos los cat\u00e1logos de arte de la Fundaci\u00f3n desde 1973 hasta la actualidad ha sido el objetivo que ha conseguido en menos de dos a\u00f1os un equipo multidisciplinar. Nos lo explicaron en una sesi\u00f3n de trabajo entre profesionales de los museos -la mayor\u00eda de los cuales formamos parte de Articket- con&#8230;<\/p>\n","protected":false},"author":18,"featured_media":4189,"comment_status":"open","ping_status":"open","sticky":false,"template":"","format":"standard","meta":{"_jetpack_memberships_contains_paid_content":false,"footnotes":""},"categories":[17,1,810],"tags":[1318,616,334],"class_list":["post-4205","post","type-post","status-publish","format-standard","has-post-thumbnail","hentry","category-digital-es","category-general","category-publicaciones-es","tag-interdisciplinariedad","tag-open-data-es","tag-tecnologia-es","author-montse-guma"],"jetpack_featured_media_url":"https:\/\/blog.museunacional.cat\/wp-content\/uploads\/12.jpg","jetpack_sharing_enabled":true,"jetpack_shortlink":"https:\/\/wp.me\/p4tWCI-15P","_links":{"self":[{"href":"https:\/\/blog.museunacional.cat\/es\/wp-json\/wp\/v2\/posts\/4205","targetHints":{"allow":["GET"]}}],"collection":[{"href":"https:\/\/blog.museunacional.cat\/es\/wp-json\/wp\/v2\/posts"}],"about":[{"href":"https:\/\/blog.museunacional.cat\/es\/wp-json\/wp\/v2\/types\/post"}],"author":[{"embeddable":true,"href":"https:\/\/blog.museunacional.cat\/es\/wp-json\/wp\/v2\/users\/18"}],"replies":[{"embeddable":true,"href":"https:\/\/blog.museunacional.cat\/es\/wp-json\/wp\/v2\/comments?post=4205"}],"version-history":[{"count":10,"href":"https:\/\/blog.museunacional.cat\/es\/wp-json\/wp\/v2\/posts\/4205\/revisions"}],"predecessor-version":[{"id":20183,"href":"https:\/\/blog.museunacional.cat\/es\/wp-json\/wp\/v2\/posts\/4205\/revisions\/20183"}],"wp:featuredmedia":[{"embeddable":true,"href":"https:\/\/blog.museunacional.cat\/es\/wp-json\/wp\/v2\/media\/4189"}],"wp:attachment":[{"href":"https:\/\/blog.museunacional.cat\/es\/wp-json\/wp\/v2\/media?parent=4205"}],"wp:term":[{"taxonomy":"category","embeddable":true,"href":"https:\/\/blog.museunacional.cat\/es\/wp-json\/wp\/v2\/categories?post=4205"},{"taxonomy":"post_tag","embeddable":true,"href":"https:\/\/blog.museunacional.cat\/es\/wp-json\/wp\/v2\/tags?post=4205"}],"curies":[{"name":"wp","href":"https:\/\/api.w.org\/{rel}","templated":true}]}}