
{"id":33970,"date":"2022-07-28T09:20:30","date_gmt":"2022-07-28T09:20:30","guid":{"rendered":"https:\/\/blog.museunacional.cat\/?p=33970"},"modified":"2022-07-28T09:21:04","modified_gmt":"2022-07-28T09:21:04","slug":"conectadas-hagamos-un-proyecto","status":"publish","type":"post","link":"https:\/\/blog.museunacional.cat\/es\/conectadas-hagamos-un-proyecto\/","title":{"rendered":"Conectadas: hagamos un proyecto"},"content":{"rendered":"\n<p>Esther Fuertes y Dolors Ju\u00e1rez<\/p>\n\n\n\n<p><strong>\u00bfQu\u00e9 es <em>Conectadas. Hagamos un proyecto<\/em>?<\/strong><\/p>\n\n\n\n<p><strong><em>Conectadas. Hagamos un proyecto<\/em><\/strong><strong> nace como espacio para la experimentaci\u00f3n educativa en la b\u00fasqueda de un modelo sostenible de colaboraci\u00f3n entre las escuelas y el Museo.<\/strong> Repensando los aprendizajes que realizamos en el proyecto <a href=\"https:\/\/www.museunacional.cat\/ca\/escoles-tandem-0\">T\u00e1ndem<\/a> con el actual <a href=\"https:\/\/agora.xtec.cat\/iearts\/\">IE Arts<\/a>, estamos imaginando con cuatro escuelas de proximidad un programa de acompa\u00f1amiento dirigido a centros educativos que quieran desarrollar un proyecto de investigaci\u00f3n a trav\u00e9s de las artes.<\/p>\n\n\n\n<p>En estos proyectos, las pr\u00e1cticas y los procesos de creaci\u00f3n art\u00edstica, as\u00ed como las relaciones de participaci\u00f3n y colaboraci\u00f3n que se despliegan, nos ofrecen formas de formalizar y dialogar art\u00edsticamente los aprendizajes y las conclusiones de la investigaci\u00f3n sobre cualquier tema.<\/p>\n\n\n\n<p>A lo largo del curso 2021-2022 se ha desarrollado el primer per\u00edodo de este programa piloto de dos cursos de duraci\u00f3n.<\/p>\n\n\n\n<p>La propuesta inicial plantea cada a\u00f1o explorar las colecciones del Museo a partir de un tema de actualidad o inter\u00e9s social como transductor. El Museo ofrece 1000 a\u00f1os de historia del arte para conectar transversalmente el presente con el pasado y estrategias para activar la mirada cr\u00edtica. Una de las labores principales del equipo de educadoras en el Museo y en las aulas es contextualizar y resignificar este patrimonio en relaci\u00f3n con la vida del alumnado y, a partir de sus intereses, tejer espacios de creaci\u00f3n, pensamiento y acci\u00f3n ciudadana.<\/p>\n\n\n\n<figure class=\"wp-block-image size-full is-resized\"><a href=\"https:\/\/blog.museunacional.cat\/wp-content\/uploads\/2_Connectades-scaled.jpg\"><img loading=\"lazy\" decoding=\"async\" src=\"https:\/\/blog.museunacional.cat\/wp-content\/uploads\/2_Connectades-scaled.jpg\" alt=\"\" class=\"wp-image-33917\" width=\"824\" height=\"618\" srcset=\"https:\/\/blog.museunacional.cat\/wp-content\/uploads\/2_Connectades-scaled.jpg 2560w, https:\/\/blog.museunacional.cat\/wp-content\/uploads\/2_Connectades-300x225.jpg 300w, https:\/\/blog.museunacional.cat\/wp-content\/uploads\/2_Connectades-1024x768.jpg 1024w, https:\/\/blog.museunacional.cat\/wp-content\/uploads\/2_Connectades-768x576.jpg 768w, https:\/\/blog.museunacional.cat\/wp-content\/uploads\/2_Connectades-1536x1152.jpg 1536w, https:\/\/blog.museunacional.cat\/wp-content\/uploads\/2_Connectades-2048x1536.jpg 2048w\" sizes=\"auto, (max-width: 824px) 100vw, 824px\" \/><\/a><\/figure>\n\n\n\n<p class=\"has-small-font-size\">El alumnado de 6.\u00ba de primaria de la Escuela Francesc Maci\u00e0 visita la exposici\u00f3n <em>Gaud\u00ed. Fuego y cenizas<\/em> en el Museu Nacional.<\/p>\n\n\n\n<p><strong>\u00bfQu\u00e9 propone <em>Conectadas<\/em>?<\/strong><\/p>\n\n\n\n<p>El programa propone dos \u00e1mbitos de actuaci\u00f3n. <strong>Por un lado,<\/strong> <strong>una parte formativa y de exploraci\u00f3n metodol\u00f3gica destinada al profesorado.<\/strong> La idea es generar un v\u00ednculo de familiaridad y proximidad con el Museo como dispositivo pedag\u00f3gico que incentive el deseo de conocer y la autonom\u00eda, tanto de los docentes como de los estudiantes, en el uso de sus colecciones en un sentido amplio. El Museo como lugar donde aprender e investigar sobre cualquier tema, pero, sobre todo, un lugar donde conectarse, donde dialogar e intercambiar ideas, experiencias y conocimientos con otras personas.<\/p>\n\n\n\n<figure class=\"wp-block-image size-full is-resized\"><a href=\"https:\/\/blog.museunacional.cat\/wp-content\/uploads\/1_Connectades-scaled.jpg\"><img loading=\"lazy\" decoding=\"async\" src=\"https:\/\/blog.museunacional.cat\/wp-content\/uploads\/1_Connectades-scaled.jpg\" alt=\"\" class=\"wp-image-33914\" width=\"833\" height=\"625\" srcset=\"https:\/\/blog.museunacional.cat\/wp-content\/uploads\/1_Connectades-scaled.jpg 2560w, https:\/\/blog.museunacional.cat\/wp-content\/uploads\/1_Connectades-300x225.jpg 300w, https:\/\/blog.museunacional.cat\/wp-content\/uploads\/1_Connectades-1024x768.jpg 1024w, https:\/\/blog.museunacional.cat\/wp-content\/uploads\/1_Connectades-768x576.jpg 768w, https:\/\/blog.museunacional.cat\/wp-content\/uploads\/1_Connectades-1536x1152.jpg 1536w, https:\/\/blog.museunacional.cat\/wp-content\/uploads\/1_Connectades-2048x1536.jpg 2048w\" sizes=\"auto, (max-width: 833px) 100vw, 833px\" \/><\/a><\/figure>\n\n\n\n<p class=\"has-small-font-size\">Sesi\u00f3n de formaci\u00f3n a los docentes participantes en el proyecto, dentro de las salas de la colecci\u00f3n del Museu Nacional..<\/p>\n\n\n\n<p><strong>Por otro lado, y como pr\u00e1ctica aplicada, la realizaci\u00f3n de un proyecto de investigaci\u00f3n con el alumnado donde experimentar <\/strong>las posibilidades que ofrece el Museo, y la investigaci\u00f3n basada en las artes y las metodolog\u00edas visuales y relacionales para cuestionarnos el mundo que habitamos y ensayar formas de trabajar con el arte como elemento transformador en el aula y en la vida.<\/p>\n\n\n\n<p>El acompa\u00f1amiento de las investigaciones desarrolladas se realiza a trav\u00e9s de tutor\u00edas a los docentes y de la observaci\u00f3n de la pr\u00e1ctica en las aulas, haciendo hincapi\u00e9 en el proceso y en las personas, y vinculando el estudio y la pr\u00e1ctica del arte en colectividad.<\/p>\n\n\n\n<p>El marco de la investigaci\u00f3n propone indagar en torno a tres \u00e1mbitos:<\/p>\n\n\n\n<ul class=\"wp-block-list\"><li>\u00bfQu\u00e9 explica el Museo (sus colecciones, las exposiciones temporales y el archivo) sobre el tema y las preguntas que nos planteamos?<\/li><li>\u00bfQu\u00e9 dicen las pr\u00e1cticas art\u00edsticas y los agentes culturales actuales?<\/li><li>\u00bfC\u00f3mo resuena este tema en el contexto cercano (actualidad, centro educativo, barrio, casa, etc.)?<\/li><\/ul>\n\n\n\n<p><strong>\u00bfCu\u00e1l ha sido el \u00e1mbito tem\u00e1tico de las investigaciones en el curso 2021-2022?<\/strong><\/p>\n\n\n\n<p>Este a\u00f1o hemos pensado juntas sobre <strong>la ciudad<\/strong> a trav\u00e9s, entre otras exploraciones dentro y fuera del Museo, de la exposici\u00f3n temporal <a href=\"https:\/\/www.museunacional.cat\/ca\/gaudi\"><em>Gaud\u00ed. Fuego y cenizas<\/em><\/a> que tuvo lugar de noviembre de 2021 a marzo de 2022, un marco de investigaci\u00f3n com\u00fan para todos los grupos.<\/p>\n\n\n\n<figure class=\"wp-block-image size-full is-resized\"><img loading=\"lazy\" decoding=\"async\" src=\"https:\/\/blog.museunacional.cat\/wp-content\/uploads\/3_Connectades-scaled.jpg\" alt=\"\" class=\"wp-image-33920\" width=\"808\" height=\"606\" srcset=\"https:\/\/blog.museunacional.cat\/wp-content\/uploads\/3_Connectades-scaled.jpg 2560w, https:\/\/blog.museunacional.cat\/wp-content\/uploads\/3_Connectades-300x225.jpg 300w, https:\/\/blog.museunacional.cat\/wp-content\/uploads\/3_Connectades-1024x768.jpg 1024w, https:\/\/blog.museunacional.cat\/wp-content\/uploads\/3_Connectades-768x576.jpg 768w, https:\/\/blog.museunacional.cat\/wp-content\/uploads\/3_Connectades-1536x1152.jpg 1536w, https:\/\/blog.museunacional.cat\/wp-content\/uploads\/3_Connectades-2048x1536.jpg 2048w\" sizes=\"auto, (max-width: 808px) 100vw, 808px\" \/><\/figure>\n\n\n\n<p class=\"has-small-font-size\">El grupo de alumnos del CFA Pere Calders participa en una actividad en la muestra <em>Gaud\u00ed. Fuego y cenizas<\/em> en el Museu Nacional.<\/p>\n\n\n\n<p><strong><\/strong><strong>Investigar la ciudad ha permitido al alumnado participante interrogarse acerca de varios temas vinculados a su vida cotidiana en un marco de aprendizaje hol\u00edstico<\/strong> desde diferentes perspectivas y \u00e1mbitos del conocimiento. Los aprendizajes, la pr\u00e1ctica art\u00edstica y el patrimonio han articulado muchas de las miradas y las acciones desplegadas.<\/p>\n\n\n\n<figure class=\"wp-block-image size-full is-resized\"><a href=\"https:\/\/blog.museunacional.cat\/wp-content\/uploads\/6_Connectades-scaled.jpg\"><img loading=\"lazy\" decoding=\"async\" src=\"https:\/\/blog.museunacional.cat\/wp-content\/uploads\/6_Connectades-scaled.jpg\" alt=\"\" class=\"wp-image-33923\" width=\"816\" height=\"612\" srcset=\"https:\/\/blog.museunacional.cat\/wp-content\/uploads\/6_Connectades-scaled.jpg 2560w, https:\/\/blog.museunacional.cat\/wp-content\/uploads\/6_Connectades-300x225.jpg 300w, https:\/\/blog.museunacional.cat\/wp-content\/uploads\/6_Connectades-1024x768.jpg 1024w, https:\/\/blog.museunacional.cat\/wp-content\/uploads\/6_Connectades-768x576.jpg 768w, https:\/\/blog.museunacional.cat\/wp-content\/uploads\/6_Connectades-1536x1152.jpg 1536w, https:\/\/blog.museunacional.cat\/wp-content\/uploads\/6_Connectades-2048x1536.jpg 2048w\" sizes=\"auto, (max-width: 816px) 100vw, 816px\" \/><\/a><\/figure>\n\n\n\n<p class=\"has-small-font-size\">Alumnado de 4.\u00ba de primaria de la Escuela Gayarre en un momento de su investigaci\u00f3n.<\/p>\n\n\n\n<p>Se han llevado a cabo una decena de proyectos que reflexionan sobre el tema de la ciudad. Los proyectos ofrecen una mirada caleidosc\u00f3pica sobre el tema de estudio. Las preguntas activadoras de cada investigaci\u00f3n han sido:<\/p>\n\n\n\n<p><em>\u00bfHay grafitis en todos los barrios de Barcelona?<\/em><\/p>\n\n\n\n<p><em>\u00bfPuede haber arte en la naturaleza y naturaleza en el arte?<\/em><\/p>\n\n\n\n<p><em>\u00bfLa ciudad est\u00e1 contaminada?<\/em><\/p>\n\n\n\n<p><em>La ciudad y las emociones<\/em><\/p>\n\n\n\n<p><em>\u00bfQui\u00e9n piensa las ciudades?<\/em><\/p>\n\n\n\n<p><em>\u00bfC\u00f3mo se transforman los barrios? El caso de Sants<\/em><\/p>\n\n\n\n<p><em>\u00bfC\u00f3mo conseguir una Barcelona m\u00e1s sostenible?<\/em><\/p>\n\n\n\n<p><em>\u00bfC\u00f3mo podemos explicar las historias del barrio a trav\u00e9s del arte?<\/em><\/p>\n\n\n\n<p><em>\u00bfCu\u00e1l es el rastro de la memoria democr\u00e1tica en la ciudad?<\/em><\/p>\n\n\n\n<p><em>\u00bfC\u00f3mo configura la ciudad nuestra identidad?<\/em><\/p>\n\n\n\n<figure class=\"wp-block-image size-full is-resized\"><img loading=\"lazy\" decoding=\"async\" src=\"https:\/\/blog.museunacional.cat\/wp-content\/uploads\/4_Connectades-scaled.jpg\" alt=\"\" class=\"wp-image-33926\" width=\"815\" height=\"612\" srcset=\"https:\/\/blog.museunacional.cat\/wp-content\/uploads\/4_Connectades-scaled.jpg 2560w, https:\/\/blog.museunacional.cat\/wp-content\/uploads\/4_Connectades-300x225.jpg 300w, https:\/\/blog.museunacional.cat\/wp-content\/uploads\/4_Connectades-1024x768.jpg 1024w, https:\/\/blog.museunacional.cat\/wp-content\/uploads\/4_Connectades-768x576.jpg 768w, https:\/\/blog.museunacional.cat\/wp-content\/uploads\/4_Connectades-1536x1152.jpg 1536w, https:\/\/blog.museunacional.cat\/wp-content\/uploads\/4_Connectades-2048x1536.jpg 2048w\" sizes=\"auto, (max-width: 815px) 100vw, 815px\" \/><\/figure>\n\n\n\n<p class=\"has-small-font-size\">Alumnado de 1.\u00ba de ESO del IE Arts desarrollando una sesi\u00f3n de trabajo en el espacio p\u00fablico vinculada a su investigaci\u00f3n.<\/p>\n\n\n\n<p><strong>\u00bfA qui\u00e9n conecta el programa?<\/strong><\/p>\n\n\n\n<p>Ha vinculado a muchas personas y agentes diversos.<strong> Hemos trabajado conjuntamente con catorce docentes y m\u00e1s de doscientos alumnos de educaci\u00f3n primaria, de educaci\u00f3n secundaria y de formaci\u00f3n de adultos de los centros educativos: <\/strong><a href=\"http:\/\/www.escolagayarre.cat\/\" class=\"broken_link\"><strong>Escuela Gayarre<\/strong><\/a><a href=\"https:\/\/agora.xtec.cat\/escola-francescmacia\/\"><strong>, Escuela Francesc Maci\u00e0<\/strong><\/a><strong>, <\/strong><a href=\"https:\/\/agora.xtec.cat\/iearts\/\"><strong>IE ARTS<\/strong><\/a><strong> y <\/strong><a href=\"https:\/\/agora.xtec.cat\/cfaperecalders\/\"><strong>CFA Pere <\/strong><\/a><a href=\"https:\/\/agora.xtec.cat\/cfaperecalders\/\"><strong>Calders<\/strong><\/a><strong>.<\/strong> Todos ellos forman una gran constelaci\u00f3n de nombres que muestra una diversidad de ubicaciones y relaciones en las que se ha desarrollado el proyecto.<\/p>\n\n\n\n<p>M\u00e1s all\u00e1 de la cantidad, valoramos la pluralidad, as\u00ed como la importancia de conectarnos entre agentes culturales, docentes y centros educativos de proximidad, para ir tejiendo juntos una red de trabajo e investigaci\u00f3n en torno al patrimonio cultural del Museo y las pr\u00e1cticas art\u00edsticas contempor\u00e1neas.<\/p>\n\n\n\n<p>En el equipo de trabajo que ha dise\u00f1ado e implementado el proyecto de este curso hemos participado las personas que firmamos este art\u00edculo, junto con J\u00falia <a>Llull <\/a><a href=\"#_msocom_1\">[textosBC1]<\/a>&nbsp;y M\u00f2nica P\u00e9rez, del equipo de educadoras del Museo, as\u00ed como las estudiantes en pr\u00e1cticas Paula Ant\u00f3n y Carla Sim\u00f3n, del M\u00e1ster en Artes Visuales y Educaci\u00f3n: un Enfoque Construccionista de la UB, dirigido por Fernando Hern\u00e1ndez.<\/p>\n\n\n\n<p><strong><em>Correspondencias<\/em>. \u00bfC\u00f3mo reflexionar la ciudad desde la experiencia compartida?<\/strong><\/p>\n\n\n\n<p><strong>Al llegar a la etapa final del proyecto se articula <em>Correspondencias<\/em>, una iniciativa transversal en todos los grupos. <\/strong>Una propuesta que quiere poner en valor los aprendizajes vividos por ni\u00f1os y j\u00f3venes, y que los invita a reflexionar sobre su proceso de trabajo. Intervenir art\u00edsticamente una serie de postales les permitir\u00e1 compartir la experiencia entre los centros educativos.<\/p>\n\n\n\n<figure class=\"wp-block-image size-full is-resized\"><a href=\"https:\/\/blog.museunacional.cat\/wp-content\/uploads\/7_Connectades-scaled.jpg\"><img loading=\"lazy\" decoding=\"async\" src=\"https:\/\/blog.museunacional.cat\/wp-content\/uploads\/7_Connectades-scaled.jpg\" alt=\"\" class=\"wp-image-33930\" width=\"831\" height=\"475\" srcset=\"https:\/\/blog.museunacional.cat\/wp-content\/uploads\/7_Connectades-scaled.jpg 2560w, https:\/\/blog.museunacional.cat\/wp-content\/uploads\/7_Connectades-300x172.jpg 300w, https:\/\/blog.museunacional.cat\/wp-content\/uploads\/7_Connectades-1024x586.jpg 1024w, https:\/\/blog.museunacional.cat\/wp-content\/uploads\/7_Connectades-768x440.jpg 768w, https:\/\/blog.museunacional.cat\/wp-content\/uploads\/7_Connectades-1536x879.jpg 1536w, https:\/\/blog.museunacional.cat\/wp-content\/uploads\/7_Connectades-2048x1172.jpg 2048w\" sizes=\"auto, (max-width: 831px) 100vw, 831px\" \/><\/a><\/figure>\n\n\n\n<p class=\"has-small-font-size\">Alumnos presentando su proyecto de investigaci\u00f3n a otros ni\u00f1os y j\u00f3venes participantes de <em>Conectadas. Hagamos un proyecto<\/em> en el Museu Nacional. 7 de junio de 2022. Foto: Marta M\u00e9rida.<\/p>\n\n\n\n<div class=\"wp-block-jetpack-tiled-gallery aligncenter is-style-rectangular\"><div class=\"tiled-gallery__gallery\"><div class=\"tiled-gallery__row\"><div class=\"tiled-gallery__col\" style=\"flex-basis:49.89557%\"><figure class=\"tiled-gallery__item\"><a href=\"https:\/\/i0.wp.com\/blog.museunacional.cat\/wp-content\/uploads\/9_Connectades-scaled.jpg?ssl=1\"><img decoding=\"async\" srcset=\"https:\/\/i0.wp.com\/blog.museunacional.cat\/wp-content\/uploads\/9_Connectades-scaled.jpg?strip=info&#038;w=600&#038;ssl=1 600w,https:\/\/i0.wp.com\/blog.museunacional.cat\/wp-content\/uploads\/9_Connectades-scaled.jpg?strip=info&#038;w=900&#038;ssl=1 900w,https:\/\/i0.wp.com\/blog.museunacional.cat\/wp-content\/uploads\/9_Connectades-scaled.jpg?strip=info&#038;w=1200&#038;ssl=1 1200w,https:\/\/i0.wp.com\/blog.museunacional.cat\/wp-content\/uploads\/9_Connectades-scaled.jpg?strip=info&#038;w=1500&#038;ssl=1 1500w,https:\/\/i0.wp.com\/blog.museunacional.cat\/wp-content\/uploads\/9_Connectades-scaled.jpg?strip=info&#038;w=1800&#038;ssl=1 1800w,https:\/\/i0.wp.com\/blog.museunacional.cat\/wp-content\/uploads\/9_Connectades-scaled.jpg?strip=info&#038;w=2000&#038;ssl=1 2000w\" alt=\"\" data-height=\"1673\" data-id=\"33936\" data-link=\"https:\/\/blog.museunacional.cat\/?attachment_id=33936\" data-url=\"https:\/\/blog.museunacional.cat\/wp-content\/uploads\/9_Connectades-scaled.jpg\" data-width=\"2560\" src=\"https:\/\/i0.wp.com\/blog.museunacional.cat\/wp-content\/uploads\/9_Connectades-scaled.jpg?ssl=1\" data-amp-layout=\"responsive\"\/><\/a><\/figure><\/div><div class=\"tiled-gallery__col\" style=\"flex-basis:50.10443%\"><figure class=\"tiled-gallery__item\"><a href=\"https:\/\/i0.wp.com\/blog.museunacional.cat\/wp-content\/uploads\/8_Connectades-scaled.jpg?ssl=1\"><img decoding=\"async\" srcset=\"https:\/\/i0.wp.com\/blog.museunacional.cat\/wp-content\/uploads\/8_Connectades-scaled.jpg?strip=info&#038;w=600&#038;ssl=1 600w,https:\/\/i0.wp.com\/blog.museunacional.cat\/wp-content\/uploads\/8_Connectades-scaled.jpg?strip=info&#038;w=900&#038;ssl=1 900w,https:\/\/i0.wp.com\/blog.museunacional.cat\/wp-content\/uploads\/8_Connectades-scaled.jpg?strip=info&#038;w=1200&#038;ssl=1 1200w,https:\/\/i0.wp.com\/blog.museunacional.cat\/wp-content\/uploads\/8_Connectades-scaled.jpg?strip=info&#038;w=1500&#038;ssl=1 1500w,https:\/\/i0.wp.com\/blog.museunacional.cat\/wp-content\/uploads\/8_Connectades-scaled.jpg?strip=info&#038;w=1800&#038;ssl=1 1800w,https:\/\/i0.wp.com\/blog.museunacional.cat\/wp-content\/uploads\/8_Connectades-scaled.jpg?strip=info&#038;w=2000&#038;ssl=1 2000w\" alt=\"\" data-height=\"1666\" data-id=\"33933\" data-link=\"https:\/\/blog.museunacional.cat\/?attachment_id=33933\" data-url=\"https:\/\/blog.museunacional.cat\/wp-content\/uploads\/8_Connectades-scaled.jpg\" data-width=\"2560\" src=\"https:\/\/i0.wp.com\/blog.museunacional.cat\/wp-content\/uploads\/8_Connectades-scaled.jpg?ssl=1\" data-amp-layout=\"responsive\"\/><\/a><\/figure><\/div><\/div><\/div><\/div>\n\n\n\n<p class=\"has-small-font-size\">Momento en que el alumnado participante conoci\u00f3 y convers\u00f3 con las personas de otros centros educativos que hab\u00edan intervenido sus postales. Museu Nacional, 7 de junio de 2022. Foto: Marta M\u00e9rida. \/ Intercambio de postales y conocimiento en el marco de <em>Correspondencias<\/em> entre varios alumnos. Museu Nacional, 7 de junio de 2022. Foto: Marta M\u00e9rida.<\/p>\n\n\n\n<p><strong>Un encuentro de todos los participantes en el Museo permite el conocimiento y la conversaci\u00f3n entre emisores y receptores. Es momento de entrelazar reflexiones y aprendizajes.<\/strong><\/p>\n\n\n\n<p><strong>Las postales se diluyen en una masa de relaciones y experiencias, y se transforman en una instalaci\u00f3n art\u00edstica colectiva<\/strong>. Las huellas personales se tejen y activan una especie de cruce amplio y diverso, posibilitadora de nuevas interpretaciones y encuentros.<\/p>\n\n\n\n<p><strong><em>Correspondencias<\/em><\/strong><strong> forma parte de la exposici\u00f3n <em>Conectadas. Hagamos un proyecto<\/em>, presentada en el Museu Nacional d\u2019Art de Catalunya el verano de 2022. <\/strong>Un espacio de mediaci\u00f3n que se construye en un hacer colectivo. Se puede visitar hasta el 11 de septiembre en la sala 44 del Museo.<\/p>\n\n\n\n<div class=\"wp-block-jetpack-tiled-gallery aligncenter is-style-rectangular\"><div class=\"tiled-gallery__gallery\"><div class=\"tiled-gallery__row\"><div class=\"tiled-gallery__col\" style=\"flex-basis:75.04428%\"><figure class=\"tiled-gallery__item\"><a href=\"https:\/\/i1.wp.com\/blog.museunacional.cat\/wp-content\/uploads\/10-A_-Connectades-scaled.jpg?ssl=1\"><img decoding=\"async\" srcset=\"https:\/\/i1.wp.com\/blog.museunacional.cat\/wp-content\/uploads\/10-A_-Connectades-scaled.jpg?strip=info&#038;w=600&#038;ssl=1 600w,https:\/\/i1.wp.com\/blog.museunacional.cat\/wp-content\/uploads\/10-A_-Connectades-scaled.jpg?strip=info&#038;w=900&#038;ssl=1 900w,https:\/\/i1.wp.com\/blog.museunacional.cat\/wp-content\/uploads\/10-A_-Connectades-scaled.jpg?strip=info&#038;w=1200&#038;ssl=1 1200w,https:\/\/i1.wp.com\/blog.museunacional.cat\/wp-content\/uploads\/10-A_-Connectades-scaled.jpg?strip=info&#038;w=1500&#038;ssl=1 1500w,https:\/\/i1.wp.com\/blog.museunacional.cat\/wp-content\/uploads\/10-A_-Connectades-scaled.jpg?strip=info&#038;w=1800&#038;ssl=1 1800w,https:\/\/i1.wp.com\/blog.museunacional.cat\/wp-content\/uploads\/10-A_-Connectades-scaled.jpg?strip=info&#038;w=2000&#038;ssl=1 2000w\" alt=\"\" data-height=\"1670\" data-id=\"33943\" data-link=\"https:\/\/blog.museunacional.cat\/?attachment_id=33943\" data-url=\"https:\/\/blog.museunacional.cat\/wp-content\/uploads\/10-A_-Connectades-scaled.jpg\" data-width=\"2560\" src=\"https:\/\/i1.wp.com\/blog.museunacional.cat\/wp-content\/uploads\/10-A_-Connectades-scaled.jpg?ssl=1\" data-amp-layout=\"responsive\"\/><\/a><\/figure><\/div><div class=\"tiled-gallery__col\" style=\"flex-basis:24.95572%\"><figure class=\"tiled-gallery__item\"><a href=\"https:\/\/i1.wp.com\/blog.museunacional.cat\/wp-content\/uploads\/10-C_-Connectades-scaled.jpg?ssl=1\"><img decoding=\"async\" srcset=\"https:\/\/i1.wp.com\/blog.museunacional.cat\/wp-content\/uploads\/10-C_-Connectades-scaled.jpg?strip=info&#038;w=600&#038;ssl=1 600w,https:\/\/i1.wp.com\/blog.museunacional.cat\/wp-content\/uploads\/10-C_-Connectades-scaled.jpg?strip=info&#038;w=900&#038;ssl=1 900w,https:\/\/i1.wp.com\/blog.museunacional.cat\/wp-content\/uploads\/10-C_-Connectades-scaled.jpg?strip=info&#038;w=1200&#038;ssl=1 1200w,https:\/\/i1.wp.com\/blog.museunacional.cat\/wp-content\/uploads\/10-C_-Connectades-scaled.jpg?strip=info&#038;w=1500&#038;ssl=1 1500w,https:\/\/i1.wp.com\/blog.museunacional.cat\/wp-content\/uploads\/10-C_-Connectades-scaled.jpg?strip=info&#038;w=1800&#038;ssl=1 1800w,https:\/\/i1.wp.com\/blog.museunacional.cat\/wp-content\/uploads\/10-C_-Connectades-scaled.jpg?strip=info&#038;w=2000&#038;ssl=1 2000w\" alt=\"\" data-height=\"2560\" data-id=\"33949\" data-link=\"https:\/\/blog.museunacional.cat\/?attachment_id=33949\" data-url=\"https:\/\/blog.museunacional.cat\/wp-content\/uploads\/10-C_-Connectades-scaled.jpg\" data-width=\"2417\" src=\"https:\/\/i1.wp.com\/blog.museunacional.cat\/wp-content\/uploads\/10-C_-Connectades-scaled.jpg?ssl=1\" data-amp-layout=\"responsive\"\/><\/a><\/figure><figure class=\"tiled-gallery__item\"><a href=\"https:\/\/i0.wp.com\/blog.museunacional.cat\/wp-content\/uploads\/10-B_-Connectades-scaled.jpg?ssl=1\"><img decoding=\"async\" srcset=\"https:\/\/i0.wp.com\/blog.museunacional.cat\/wp-content\/uploads\/10-B_-Connectades-scaled.jpg?strip=info&#038;w=600&#038;ssl=1 600w,https:\/\/i0.wp.com\/blog.museunacional.cat\/wp-content\/uploads\/10-B_-Connectades-scaled.jpg?strip=info&#038;w=900&#038;ssl=1 900w,https:\/\/i0.wp.com\/blog.museunacional.cat\/wp-content\/uploads\/10-B_-Connectades-scaled.jpg?strip=info&#038;w=1200&#038;ssl=1 1200w,https:\/\/i0.wp.com\/blog.museunacional.cat\/wp-content\/uploads\/10-B_-Connectades-scaled.jpg?strip=info&#038;w=1500&#038;ssl=1 1500w,https:\/\/i0.wp.com\/blog.museunacional.cat\/wp-content\/uploads\/10-B_-Connectades-scaled.jpg?strip=info&#038;w=1800&#038;ssl=1 1800w,https:\/\/i0.wp.com\/blog.museunacional.cat\/wp-content\/uploads\/10-B_-Connectades-scaled.jpg?strip=info&#038;w=2000&#038;ssl=1 2000w\" alt=\"\" data-height=\"2298\" data-id=\"33946\" data-link=\"https:\/\/blog.museunacional.cat\/?attachment_id=33946\" data-url=\"https:\/\/blog.museunacional.cat\/wp-content\/uploads\/10-B_-Connectades-scaled.jpg\" data-width=\"2560\" src=\"https:\/\/i0.wp.com\/blog.museunacional.cat\/wp-content\/uploads\/10-B_-Connectades-scaled.jpg?ssl=1\" data-amp-layout=\"responsive\"\/><\/a><\/figure><\/div><\/div><\/div><\/div>\n\n\n\n<p class=\"has-small-font-size\">Instalaci\u00f3n art\u00edstica <em>Correspondencias<\/em> en el Museu Nacional, construida con las postales realizadas por el alumnado participante de las diversas escuelas, dentro de la muestra <em>Conectadas. Hagamos un proyecto <\/em>en el Museu Nacional el verano de 2022. Foto: Marta M\u00e9rida.<\/p>\n\n\n\n<p><strong>\u00bfQu\u00e9 continuidades se proyectan?<\/strong><\/p>\n\n\n\n<p>Durante el pr\u00f3ximo curso de experimentaci\u00f3n con estos centros educativos, el proyecto <em>Conectadas<\/em> quiere seguir repensando los \u00e1mbitos formativos a trav\u00e9s de las artes, propiciando situaciones de encuentro y generando espacios de conceptualizaci\u00f3n y creaci\u00f3n conjunta.<\/p>\n\n\n\n<figure class=\"wp-block-image size-full is-resized\"><a href=\"https:\/\/blog.museunacional.cat\/wp-content\/uploads\/5_Connectades-scaled.jpg\"><img loading=\"lazy\" decoding=\"async\" src=\"https:\/\/blog.museunacional.cat\/wp-content\/uploads\/5_Connectades-scaled.jpg\" alt=\"\" class=\"wp-image-33953\" width=\"842\" height=\"632\" srcset=\"https:\/\/blog.museunacional.cat\/wp-content\/uploads\/5_Connectades-scaled.jpg 2560w, https:\/\/blog.museunacional.cat\/wp-content\/uploads\/5_Connectades-300x225.jpg 300w, https:\/\/blog.museunacional.cat\/wp-content\/uploads\/5_Connectades-1024x768.jpg 1024w, https:\/\/blog.museunacional.cat\/wp-content\/uploads\/5_Connectades-768x576.jpg 768w, https:\/\/blog.museunacional.cat\/wp-content\/uploads\/5_Connectades-1536x1152.jpg 1536w, https:\/\/blog.museunacional.cat\/wp-content\/uploads\/5_Connectades-2048x1536.jpg 2048w\" sizes=\"auto, (max-width: 842px) 100vw, 842px\" \/><\/a><\/figure>\n\n\n\n<p class=\"has-small-font-size\">Docentes participantes en el proyecto en una de las sesiones de formaci\u00f3n dedicada a los procesos de creaci\u00f3n.<\/p>\n\n\n\n<p><strong>La educaci\u00f3n a trav\u00e9s de las artes nos permite orientar las pr\u00e1cticas desde la imaginaci\u00f3n, el pensamiento y la reflexi\u00f3n.<\/strong> La pr\u00e1ctica art\u00edstica se convierte en parte de un proceso de indagaci\u00f3n que permite m\u00faltiples presentaciones, lecturas e interpretaciones. M\u00e1s all\u00e1 de una forma de hacer, atendiendo a t\u00e9cnicas y estilos, nos permite conocer y pensar cr\u00edticamente.<\/p>\n\n\n\n<p><strong>En este sentido, <em>Conectadas. Hagamos un proyecto<\/em> quiere ser tambi\u00e9n un \u00e1mbito de exploraci\u00f3n institucional para poner en pr\u00e1ctica formas de hacer entre el interior y el exterior del Museo,<\/strong> activando preguntas sobre la realidad que nos rodea, agitando la curiosidad a trav\u00e9s del arte, para descubrir nuevas posibilidades de entender e imaginar nuestras vidas. Una curiosidad que hay que cuidar y acompa\u00f1ar para activar otras formas de relacionarnos tejiendo una trama de conocimiento en colectividad.<\/p>\n\n\n\n<p><\/p>\n\n\n\n<figure class=\"wp-block-embed is-type-video is-provider-youtube wp-block-embed-youtube wp-embed-aspect-4-3 wp-has-aspect-ratio\"><div class=\"wp-block-embed__wrapper\">\n<iframe loading=\"lazy\" title=\"Connectades\" width=\"620\" height=\"465\" src=\"https:\/\/www.youtube.com\/embed\/BlBllVDOx2M?feature=oembed\" frameborder=\"0\" allow=\"accelerometer; autoplay; clipboard-write; encrypted-media; gyroscope; picture-in-picture; web-share\" referrerpolicy=\"strict-origin-when-cross-origin\" allowfullscreen><\/iframe>\n<\/div><\/figure>\n\n\n\n<p>#ConnectadesFemunprojecte<\/p>\n","protected":false},"excerpt":{"rendered":"<p>Esther Fuertes y Dolors Ju\u00e1rez \u00bfQu\u00e9 es Conectadas. Hagamos un proyecto? Conectadas. Hagamos un proyecto nace como espacio para la experimentaci\u00f3n educativa en la b\u00fasqueda de un modelo sostenible de colaboraci\u00f3n entre las escuelas y el Museo. Repensando los aprendizajes que realizamos en el proyecto T\u00e1ndem con el actual IE Arts, estamos imaginando con cuatro&#8230;<\/p>\n","protected":false},"author":26,"featured_media":33963,"comment_status":"open","ping_status":"open","sticky":false,"template":"","format":"standard","meta":{"_jetpack_memberships_contains_paid_content":false,"footnotes":""},"categories":[1494,26,32,3,41],"tags":[436,1827,1788,1828,1826,1825],"class_list":["post-33970","post","type-post","status-publish","format-standard","has-post-thumbnail","hentry","category-accessibilitat-es","category-actividades","category-educacion","category-general-es","category-investigacion","tag-arte","tag-comunidad","tag-educacion","tag-patrimonio-cultural","tag-pensamiento-critico","tag-transformacion-social","author-esther-fuertes"],"jetpack_featured_media_url":"https:\/\/blog.museunacional.cat\/wp-content\/uploads\/Capcalera-19.jpg","jetpack_sharing_enabled":true,"jetpack_shortlink":"https:\/\/wp.me\/p4tWCI-8PU","_links":{"self":[{"href":"https:\/\/blog.museunacional.cat\/es\/wp-json\/wp\/v2\/posts\/33970","targetHints":{"allow":["GET"]}}],"collection":[{"href":"https:\/\/blog.museunacional.cat\/es\/wp-json\/wp\/v2\/posts"}],"about":[{"href":"https:\/\/blog.museunacional.cat\/es\/wp-json\/wp\/v2\/types\/post"}],"author":[{"embeddable":true,"href":"https:\/\/blog.museunacional.cat\/es\/wp-json\/wp\/v2\/users\/26"}],"replies":[{"embeddable":true,"href":"https:\/\/blog.museunacional.cat\/es\/wp-json\/wp\/v2\/comments?post=33970"}],"version-history":[{"count":8,"href":"https:\/\/blog.museunacional.cat\/es\/wp-json\/wp\/v2\/posts\/33970\/revisions"}],"predecessor-version":[{"id":33986,"href":"https:\/\/blog.museunacional.cat\/es\/wp-json\/wp\/v2\/posts\/33970\/revisions\/33986"}],"wp:featuredmedia":[{"embeddable":true,"href":"https:\/\/blog.museunacional.cat\/es\/wp-json\/wp\/v2\/media\/33963"}],"wp:attachment":[{"href":"https:\/\/blog.museunacional.cat\/es\/wp-json\/wp\/v2\/media?parent=33970"}],"wp:term":[{"taxonomy":"category","embeddable":true,"href":"https:\/\/blog.museunacional.cat\/es\/wp-json\/wp\/v2\/categories?post=33970"},{"taxonomy":"post_tag","embeddable":true,"href":"https:\/\/blog.museunacional.cat\/es\/wp-json\/wp\/v2\/tags?post=33970"}],"curies":[{"name":"wp","href":"https:\/\/api.w.org\/{rel}","templated":true}]}}