
{"id":19022,"date":"2020-02-27T12:35:51","date_gmt":"2020-02-27T12:35:51","guid":{"rendered":"https:\/\/blog.museunacional.cat\/?p=19022"},"modified":"2020-09-02T12:54:09","modified_gmt":"2020-09-02T12:54:09","slug":"los-alumnos-de-diseno-de-interiores-de-la-escola-massana-visitan-el-museu-nacional-dart-de-catalunya-ii","status":"publish","type":"post","link":"https:\/\/blog.museunacional.cat\/es\/los-alumnos-de-diseno-de-interiores-de-la-escola-massana-visitan-el-museu-nacional-dart-de-catalunya-ii\/","title":{"rendered":"Los alumnos de Dise\u00f1o de Interiores de la Escola Massana visitan el Museu Nacional d\u2019Art de Catalunya, II"},"content":{"rendered":"\n<figure class=\"wp-block-image size-large\"><a href=\"https:\/\/blog.museunacional.cat\/wp-content\/uploads\/Imatge-cap\u00e7alera-2a-part.jpg\" target=\"_blank\" rel=\"noreferrer noopener\"><img loading=\"lazy\" decoding=\"async\" width=\"620\" height=\"465\" src=\"https:\/\/blog.museunacional.cat\/wp-content\/uploads\/Imatge-cap\u00e7alera-2a-part.jpg\" alt=\"Estudiantes del ciclo formativo del grado superior de Dise\u00f1o de Interiores de la Escola Massana \" class=\"wp-image-19236\" srcset=\"https:\/\/blog.museunacional.cat\/wp-content\/uploads\/Imatge-cap\u00e7alera-2a-part.jpg 620w, https:\/\/blog.museunacional.cat\/wp-content\/uploads\/Imatge-cap\u00e7alera-2a-part-300x225.jpg 300w\" sizes=\"auto, (max-width: 620px) 100vw, 620px\" \/><\/a><figcaption> Estudiantes del ciclo formativo del grado superior de Dise\u00f1o de Interiores de la Escola Massana <\/figcaption><\/figure>\n\n\n\n<p>Esta semana compartimos tres nuevas propuestas de los estudiantes de segundo curso del ciclo formativo de grado superior de <a href=\"https:\/\/www.escolamassana.cat\/es\/tecnico-superior-de-artes-plasticas-y-dise%C3%B1o-en-proyectos-y-direccion-de-obras-de-decoracion_9461\">Proyectos y Direcci\u00f3n de Obras de Decoraci\u00f3n<\/a> <em>de la Escuela Massana. Pod\u00e9is recuperar los art\u00edculos de la semana pasada <strong><a href=\"https:\/\/blog.museunacional.cat\/es\/los-alumnos-de-diseno-de-interiores-de-la-escola-massana-visitan-el-museu-nacional-dart-de-catalunya-i\/\">aqu\u00ed<\/a><\/strong>.  &nbsp; <\/em> <\/p>\n\n\n\n<hr class=\"wp-block-separator\"\/>\n\n\n\n<h3 class=\"wp-block-heading\"><strong>La marqueter\u00eda de Gaspar Homar<\/strong><\/h3>\n\n\n\n<h4 class=\"wp-block-heading\">ESTER COBLES P\u00c9REZ y SOL URBANO MORALES <\/h4>\n\n\n\n<p>El final del siglo xix se presenta como una \u00e9poca de contrastes socioecon\u00f3micos surgidos del proceso de industrializaci\u00f3n de las ciudades. En Barcelona, este proceso, sumado al retorno de capitales debido a la crisis cubana, crea una situaci\u00f3n de bonanza econ\u00f3mica. El flujo de capital ahora es controlado por la incipiente burgues\u00eda, que se va afincando en el n\u00facleo barcelon\u00e9s donde, a principios de siglo xx, ya ha crecido. El aumento de la burgues\u00eda industrial viene acompa\u00f1ado del incremento del proletariado. Las calles de Barcelona se vuelven protagonistas de la lucha de clases y se hacen eco de nuevas ideolog\u00edas (marxismo y comunismo). <strong>La vivienda se convierte en el refugio de la clase burguesa, que hace lo posible para mantenerse al margen del conflicto. La preocupaci\u00f3n por la decoraci\u00f3n y el bienestar dentro del hogar genera nuevos mercados del arte y es as\u00ed como la burgues\u00eda se convierte en la cuna del mecenazgo modernista<\/strong>.<\/p>\n\n\n\n<p>Obviamente, todos los cambios sociales que supuso el final de siglo no vinieron solos. La percepci\u00f3n del arte tambi\u00e9n se adaptaba a los nuevos preceptos de la industrializaci\u00f3n. \u201cEl arte por el arte\u201dse convierte en un concepto casi extinto, al menos en las clases sociales menos favorecidas, para dar paso al dise\u00f1o con utilidad. A la par, el movimiento decorativo modernista coge fuerza en las esferas m\u00e1s altas de la sociedad. El <strong><em>nuevo arte <\/em><\/strong>rompe con las convenciones est\u00e9ticas establecidas y se deshace de las ataduras del pasado. <strong>Las formas curvil\u00edneas inspiradas en la naturaleza aparecen en la arquitectura en puertas y ventanas, techos, escaleras y cornisas, y se cuelan dentro de las casas en todo tipo de muebles: en las l\u00e1mparas forjadas, en el tapizado, en fondos pict\u00f3ricos e incluso en la ropa<\/strong>. La liberaci\u00f3n art\u00edstica representativa del <em><a href=\"https:\/\/es.wikipedia.org\/wiki\/Modernismo_(arte)\">Art Nouveau<\/a><\/em> (o del modernismo, si hablamos de Catalu\u00f1a) es, en definitiva, el s\u00edntoma del cambio de p\u00fablico del arte, que a su vez se dirige a dos tipos de consumidores muy diferentes. Tanto es as\u00ed que se presentan dos tendencias muy contrastadas en cuanto a la l\u00ednea de concepci\u00f3n del mueble. Por un lado, existe una vertiente pr\u00e1ctica y funcional que recoge un mueble al estilo <a href=\"https:\/\/es.wikipedia.org\/wiki\/Michael_Thonet\">Thonet<\/a>, de madera curvada y fabricaci\u00f3n simple, que hace uso de la producci\u00f3n seriada. Por el contrario, el mueble destinado a la <strong>vivienda burguesa <\/strong>tiene un car\u00e1cter menos liviano: est\u00e1 realizado con madera maciza, <strong>se suele ornamentar y su elaboraci\u00f3n requiere la pericia de un artesano<\/strong>.<\/p>\n\n\n\n<p>El <strong>modernismo<\/strong>,en Catalu\u00f1a, deja un <strong>legado arquitect\u00f3nico <\/strong>digno de elogio y a\u00fan m\u00e1s <strong>contribuciones <\/strong>dentro del mundo de las <strong>artes decorativas<\/strong>. La idea de <strong>obra total<\/strong>,tan propia del modernismo, se ve reflejada en la composici\u00f3n del equipo de artesanos. Las m\u00faltiples facetas de las artes aplicadas se unen para desarrollar proyectos con la misma l\u00ednea conceptual de principio a fin, hasta el m\u00e1s m\u00ednimo detalle. El taller de <a href=\"https:\/\/es.wikipedia.org\/wiki\/Francesc_Vidal_y_Jevell%C3%AD\">Francesc Vidal<\/a>, en Barcelona, destaca precisamente porque re\u00fane a los mejores artesanos y artistas de la \u00e9poca en un mismo espacio, entre los que se cuenta el ebanista, mueblista y <em>ensemblier <\/em>m\u00e1s reputado del modernismo: <strong><a href=\"https:\/\/es.wikipedia.org\/wiki\/Gaspar_Homar\">Gaspar Homar i Mezquida<\/a><\/strong>.<\/p>\n\n\n\n<figure class=\"wp-block-image size-large\"><a href=\"https:\/\/blog.museunacional.cat\/wp-content\/uploads\/Gaspar-Homar-1.jpg\" target=\"_blank\" rel=\"noreferrer noopener\"><img loading=\"lazy\" decoding=\"async\" width=\"298\" height=\"400\" src=\"https:\/\/blog.museunacional.cat\/wp-content\/uploads\/Gaspar-Homar-1.jpg\" alt=\"Gaspar Homar\" class=\"wp-image-19250\" srcset=\"https:\/\/blog.museunacional.cat\/wp-content\/uploads\/Gaspar-Homar-1.jpg 298w, https:\/\/blog.museunacional.cat\/wp-content\/uploads\/Gaspar-Homar-1-224x300.jpg 224w\" sizes=\"auto, (max-width: 298px) 100vw, 298px\" \/><\/a><figcaption>Gaspar Homar<\/figcaption><\/figure>\n\n\n\n<p>Gaspar, de familia humilde y nativo de un peque\u00f1o pueblo de Mallorca llamado Bunyola, llega a la ciudad condal en 1893 con apenas trece a\u00f1os. Es entonces cuando se forma en pintura decorativa, tejidos y bordados en la Llotja. <strong>En su paso por los talleres Vidal se centra en la ebanister\u00eda y el dise\u00f1o de muebles<\/strong>. La talla de la madera predomina sobre la marqueter\u00eda durante este periodo, tendencia que se invierte a\u00f1os m\u00e1s tarde cuando encuentra su propio estilo y abre varios talleres con su padre y su cu\u00f1ado.<\/p>\n\n\n\n<figure class=\"wp-block-image size-large\"><a href=\"https:\/\/blog.museunacional.cat\/wp-content\/uploads\/Taller-Homar-1.jpg\" target=\"_blank\" rel=\"noreferrer noopener\"><img loading=\"lazy\" decoding=\"async\" width=\"620\" height=\"317\" src=\"https:\/\/blog.museunacional.cat\/wp-content\/uploads\/Taller-Homar-1.jpg\" alt=\"Imagen publicitaria del taller de Gaspar Homar\" class=\"wp-image-19252\" srcset=\"https:\/\/blog.museunacional.cat\/wp-content\/uploads\/Taller-Homar-1.jpg 620w, https:\/\/blog.museunacional.cat\/wp-content\/uploads\/Taller-Homar-1-300x153.jpg 300w\" sizes=\"auto, (max-width: 620px) 100vw, 620px\" \/><\/a><figcaption>Imagen publicitaria del taller de Gaspar Homar<\/figcaption><\/figure>\n\n\n\n<p>Gracias a la gran aportaci\u00f3n de la <strong>marqueter\u00eda de Homar<\/strong>,las nuevas <strong>casas modernistas <\/strong>se inundan de paisajes fluidos con mujeres danzando (fig. 1), figuras aleg\u00f3ricas de las estaciones y la m\u00fasica, evocaciones cuatrocentistas de Botticelli e im\u00e1genes de culto a las v\u00edrgenes, elementos que junto a la <strong>rosa <\/strong>y la influencia del <strong>japonismo <\/strong>concluyen el marco iconogr\u00e1fico de Homar.<\/p>\n\n\n\n<p>La perfecci\u00f3n en la ejecuci\u00f3n de la marqueter\u00eda otorga a <strong>Homar <\/strong>una posici\u00f3n distintiva entre los ebanistas de la \u00e9poca convirti\u00e9ndolo en uno de los artistas m\u00e1s solicitados de la burgues\u00eda catalana. Los plafones se encuentran en el cabezal de las camas, en el respaldo de las poltronas o en puertas de arquillas y armarios, acompa\u00f1ados de otros elementos decorativos como metales, marfil o n\u00e1car para completar as\u00ed <strong>el embellecimiento del mueble, que con esta presentaci\u00f3n artesanal adquiere una nueva lectura que lo eleva directamente a la dimensi\u00f3n del arte.<\/strong><br \/><\/p>\n\n\n\n<p>La <strong>t\u00e9cnica de la <a href=\"https:\/\/es.wikipedia.org\/wiki\/Marqueter%C3%ADa\">marqueter\u00eda<\/a> <\/strong>consiste en el acoplamiento de diversas maderas que en conjunto forman una rica paleta de color. Un elemento a destacar en el trabajo de Homar es la incorporaci\u00f3n de la <strong>madera de tonos claros <\/strong>como el sicomoro, el boj o el palo de rosa, que combinan con otras m\u00e1s oscuras como la caoba, el fresno de Hungr\u00eda, la jacaranda, el cerezo o el doradillo. De esta manera el artista prescinde de los procedimientos habituales hasta ese momento para cambiar el color de la encina, como los tintes de anilina, pintura a la cerveza o vapores de amoniaco.<\/p>\n\n\n\n<p>La <strong>iconograf\u00eda <\/strong>de los plafones de marqueter\u00eda de Homar refleja claramente la influencia del <strong>orientalismo<\/strong>, tanto en su composici\u00f3n narrativa como en su presentaci\u00f3n, en la que evoca el formato japon\u00e9s* <em>kakemono. <\/em><strong>En estos paneles <em>s<\/em>e intuyen paisajes intemporales<\/strong> que invaden la imagen con bosques de lirios y orqu\u00eddeas, as\u00ed como an\u00e9monas y c\u00edtricos, caracter\u00edsticos de la isla de Mallorca. Estos paisajes ambientan las escenas desde un segundo plano que, carente de perspectiva, otorga protagonismo a la figura humana que se alza en relieve aportando movimiento y dinamismo. Hay que destacar la proximidad de estas obras al estilo de la Secesi\u00f3nvienesa y especialmente a <a href=\"https:\/\/es.wikipedia.org\/wiki\/Joseph_Maria_Olbrich\">Olbrich<\/a>, uno de sus mayores exponentes.<\/p>\n\n\n\n<div class=\"wp-block-jetpack-tiled-gallery aligncenter is-style-rectangular\"><div class=\"tiled-gallery__gallery\"><div class=\"tiled-gallery__row\"><div class=\"tiled-gallery__col\"><figure class=\"tiled-gallery__item\"><a href=\"https:\/\/i0.wp.com\/blog.museunacional.cat\/wp-content\/uploads\/Dama-1.jpg?ssl=1\"><img decoding=\"async\" srcset=\"https:\/\/i0.wp.com\/blog.museunacional.cat\/wp-content\/uploads\/Dama-1.jpg?strip=info&#038;w=198&#038;ssl=1 198w\" alt=\"\" data-height=\"400\" data-id=\"19040\" data-link=\"https:\/\/blog.museunacional.cat\/?attachment_id=19040\" data-url=\"https:\/\/blog.museunacional.cat\/wp-content\/uploads\/Dama-1.jpg\" data-width=\"198\" src=\"https:\/\/i0.wp.com\/blog.museunacional.cat\/wp-content\/uploads\/Dama-1.jpg?ssl=1\"\/><\/a><\/figure><\/div><div class=\"tiled-gallery__col\"><figure class=\"tiled-gallery__item\"><a href=\"https:\/\/i1.wp.com\/blog.museunacional.cat\/wp-content\/uploads\/Dama-2.jpg?ssl=1\"><img decoding=\"async\" srcset=\"https:\/\/i1.wp.com\/blog.museunacional.cat\/wp-content\/uploads\/Dama-2.jpg?strip=info&#038;w=123&#038;ssl=1 123w\" alt=\"\" data-height=\"400\" data-id=\"19038\" data-link=\"https:\/\/blog.museunacional.cat\/?attachment_id=19038\" data-url=\"https:\/\/blog.museunacional.cat\/wp-content\/uploads\/Dama-2.jpg\" data-width=\"123\" src=\"https:\/\/i1.wp.com\/blog.museunacional.cat\/wp-content\/uploads\/Dama-2.jpg?ssl=1\"\/><\/a><\/figure><\/div><div class=\"tiled-gallery__col\"><figure class=\"tiled-gallery__item\"><a href=\"https:\/\/i2.wp.com\/blog.museunacional.cat\/wp-content\/uploads\/Dama-3.jpg?ssl=1\"><img decoding=\"async\" srcset=\"https:\/\/i2.wp.com\/blog.museunacional.cat\/wp-content\/uploads\/Dama-3.jpg?strip=info&#038;w=123&#038;ssl=1 123w\" alt=\"\" data-height=\"400\" data-id=\"19039\" data-link=\"https:\/\/blog.museunacional.cat\/?attachment_id=19039\" data-url=\"https:\/\/blog.museunacional.cat\/wp-content\/uploads\/Dama-3.jpg\" data-width=\"123\" src=\"https:\/\/i2.wp.com\/blog.museunacional.cat\/wp-content\/uploads\/Dama-3.jpg?ssl=1\"\/><\/a><\/figure><\/div><div class=\"tiled-gallery__col\"><figure class=\"tiled-gallery__item\"><a href=\"https:\/\/i0.wp.com\/blog.museunacional.cat\/wp-content\/uploads\/Dama-4.jpg?ssl=1\"><img decoding=\"async\" srcset=\"https:\/\/i0.wp.com\/blog.museunacional.cat\/wp-content\/uploads\/Dama-4.jpg?strip=info&#038;w=158&#038;ssl=1 158w\" alt=\"\" data-height=\"400\" data-id=\"19041\" data-link=\"https:\/\/blog.museunacional.cat\/?attachment_id=19041\" data-url=\"https:\/\/blog.museunacional.cat\/wp-content\/uploads\/Dama-4.jpg\" data-width=\"158\" src=\"https:\/\/i0.wp.com\/blog.museunacional.cat\/wp-content\/uploads\/Dama-4.jpg?ssl=1\"\/><\/a><\/figure><\/div><\/div><\/div><\/div>\n\n\n\n<ul class=\"wp-block-list\"><li>(fig. 1) <em><a href=\"https:\/\/www.museunacional.cat\/es\/colleccio\/danza-de-las-hadas\/gaspar-homar\/071433-000\">Danza de las hadas<\/a>, c.<\/em>&nbsp;1902<\/li><li>(fig. 2) <em><a href=\"https:\/\/www.museunacional.cat\/es\/colleccio\/dama-en-un-jardin\/gaspar-homar\/069504-000\">Dama en un jard\u00edn<\/a>, c.&nbsp;<\/em>1905<\/li><li>(fig. 3) <em><a href=\"https:\/\/www.museunacional.cat\/es\/colleccio\/dama-en-un-bosque\/gaspar-homar\/069505-000\">Dama en un bosque<\/a>, c.<\/em>&nbsp;1905<\/li><li><em>(fig. 4) <a href=\"https:\/\/www.museunacional.cat\/es\/colleccio\/doncella-en-el-bosque\/gaspar-homar\/071432-000\">Donzella en el bosque<\/a><\/em>,&nbsp;<em>c.<\/em>&nbsp;1905<\/li><\/ul>\n\n\n\n<div class=\"wp-block-jetpack-tiled-gallery aligncenter is-style-square\"><div class=\"tiled-gallery__gallery\"><div class=\"tiled-gallery__row columns-2\"><div class=\"tiled-gallery__col\"><figure class=\"tiled-gallery__item\"><a href=\"https:\/\/i1.wp.com\/blog.museunacional.cat\/wp-content\/uploads\/Dama-1-detall.jpg?ssl=1&amp;resize=300%2C300\"><img decoding=\"async\" srcset=\"https:\/\/i1.wp.com\/blog.museunacional.cat\/wp-content\/uploads\/Dama-1-detall.jpg?resize=300%2C300&#038;strip=info&#038;ssl=1 300w\" alt=\"\" data-height=\"400\" data-id=\"19047\" data-link=\"https:\/\/blog.museunacional.cat\/?attachment_id=19047\" data-url=\"https:\/\/blog.museunacional.cat\/wp-content\/uploads\/Dama-1-detall.jpg\" data-width=\"300\" src=\"https:\/\/i1.wp.com\/blog.museunacional.cat\/wp-content\/uploads\/Dama-1-detall.jpg?ssl=1&amp;resize=300%2C300\"\/><\/a><\/figure><\/div><div class=\"tiled-gallery__col\"><figure class=\"tiled-gallery__item\"><a href=\"https:\/\/i1.wp.com\/blog.museunacional.cat\/wp-content\/uploads\/Dama-3-detall-1.jpg?ssl=1&amp;resize=299%2C299\"><img decoding=\"async\" srcset=\"https:\/\/i1.wp.com\/blog.museunacional.cat\/wp-content\/uploads\/Dama-3-detall-1.jpg?resize=299%2C299&#038;strip=info&#038;ssl=1 299w\" alt=\"\" data-height=\"400\" data-id=\"19048\" data-link=\"https:\/\/blog.museunacional.cat\/?attachment_id=19048\" data-url=\"https:\/\/blog.museunacional.cat\/wp-content\/uploads\/Dama-3-detall-1.jpg\" data-width=\"299\" src=\"https:\/\/i1.wp.com\/blog.museunacional.cat\/wp-content\/uploads\/Dama-3-detall-1.jpg?ssl=1&amp;resize=299%2C299\"\/><\/a><\/figure><\/div><\/div><div class=\"tiled-gallery__row columns-2\"><div class=\"tiled-gallery__col\"><figure class=\"tiled-gallery__item\"><a href=\"https:\/\/i2.wp.com\/blog.museunacional.cat\/wp-content\/uploads\/Dama-3-detall-2.jpg?ssl=1&amp;resize=300%2C300\"><img decoding=\"async\" srcset=\"https:\/\/i2.wp.com\/blog.museunacional.cat\/wp-content\/uploads\/Dama-3-detall-2.jpg?resize=300%2C300&#038;strip=info&#038;ssl=1 300w\" alt=\"\" data-height=\"400\" data-id=\"19049\" data-link=\"https:\/\/blog.museunacional.cat\/?attachment_id=19049\" data-url=\"https:\/\/blog.museunacional.cat\/wp-content\/uploads\/Dama-3-detall-2.jpg\" data-width=\"300\" src=\"https:\/\/i2.wp.com\/blog.museunacional.cat\/wp-content\/uploads\/Dama-3-detall-2.jpg?ssl=1&amp;resize=300%2C300\"\/><\/a><\/figure><\/div><div class=\"tiled-gallery__col\"><figure class=\"tiled-gallery__item\"><a href=\"https:\/\/i1.wp.com\/blog.museunacional.cat\/wp-content\/uploads\/Dama-3-detall-3.jpg?ssl=1&amp;resize=300%2C300\"><img decoding=\"async\" srcset=\"https:\/\/i1.wp.com\/blog.museunacional.cat\/wp-content\/uploads\/Dama-3-detall-3.jpg?resize=300%2C300&#038;strip=info&#038;ssl=1 300w\" alt=\"\" data-height=\"400\" data-id=\"19050\" data-link=\"https:\/\/blog.museunacional.cat\/?attachment_id=19050\" data-url=\"https:\/\/blog.museunacional.cat\/wp-content\/uploads\/Dama-3-detall-3.jpg\" data-width=\"300\" src=\"https:\/\/i1.wp.com\/blog.museunacional.cat\/wp-content\/uploads\/Dama-3-detall-3.jpg?ssl=1&amp;resize=300%2C300\"\/><\/a><\/figure><\/div><\/div><\/div><\/div>\n\n\n\n<p class=\"has-text-align-center has-small-font-size\"> (fig. 5, 6, 7 y 8) Detalles de marqueter\u00eda de les obres de Gaspar Homar&nbsp;<em><a href=\"https:\/\/www.museunacional.cat\/sites\/default\/files\/071433-000.JPG\">Danza de las hadas<\/a>, c.<\/em>&nbsp;1902 y&nbsp;<em><a href=\"https:\/\/www.museunacional.cat\/sites\/default\/files\/069505-000.JPG\">Dama en un bosque<\/a>, c.<\/em>&nbsp;1905 <\/p>\n\n\n\n<p>Otro ingrediente del simbolismo de Homar es la <strong>figura femenina<\/strong> que, como ya sabemos, ocupa un lugar preeminente en el modernismo y a la que se considera como una extensi\u00f3n de la <strong>naturaleza<\/strong>. La apariencia relajada de la mujer enfundada en ropas fluidas (ver im\u00e1genes) representa un modelo est\u00e9tico que delata el momento hist\u00f3rico en el que se encuentra. Debemos recordar la intrusi\u00f3n en la moda del modisto parisino <a href=\"https:\/\/es.wikipedia.org\/wiki\/Paul_Poiret\"><strong>Paul Poiret<\/strong> <\/a>(fig. 12), que libera a la mujer del cors\u00e9 cubri\u00e9ndola de dise\u00f1os inspirados en el mundo oriental (fig. 10, 11). Por otro lado, el trato que reciben los peinados de las damas nos transporta a la Belle \u00c9poquede Par\u00eds, donde la bailarina parisina <strong><a href=\"https:\/\/es.wikipedia.org\/wiki\/Cl%C3%A9o_de_M%C3%A9rode\">Cl\u00e9o de M\u00e9rode<\/a><\/strong> (fig. 9) decora sus cabellos con cintas (fig. 3). Encontramos tambi\u00e9n escenas que nos acercan a las panor\u00e1micas ut\u00f3picas del postimpresionista <strong><a href=\"https:\/\/es.wikipedia.org\/wiki\/Paul_Gauguin\">Paul Gauguin<\/a><\/strong>,que en su b\u00fasqueda de lo primitivo viaja a la Polinesia para dibujar la belleza de mujeres ind\u00edgenas en su estado natural.<\/p>\n\n\n\n<figure class=\"wp-block-image size-large\"><a href=\"https:\/\/blog.museunacional.cat\/wp-content\/uploads\/C\u00e9o-de-M\u00e9rode.jpg\" target=\"_blank\" rel=\"noreferrer noopener\"><img loading=\"lazy\" decoding=\"async\" width=\"620\" height=\"321\" src=\"https:\/\/blog.museunacional.cat\/wp-content\/uploads\/C\u00e9o-de-M\u00e9rode.jpg\" alt=\" La bailarina Cl\u00e9o de M\u00e9rode\" class=\"wp-image-19052\" srcset=\"https:\/\/blog.museunacional.cat\/wp-content\/uploads\/C\u00e9o-de-M\u00e9rode.jpg 620w, https:\/\/blog.museunacional.cat\/wp-content\/uploads\/C\u00e9o-de-M\u00e9rode-300x155.jpg 300w\" sizes=\"auto, (max-width: 620px) 100vw, 620px\" \/><\/a><figcaption> (fig. 9) La bailarina <a href=\"https:\/\/es.wikipedia.org\/wiki\/Cl%C3%A9o_de_M%C3%A9rode\">Cl\u00e9o de M\u00e9rode<\/a>, 1875 &#8211; 1966 <\/figcaption><\/figure>\n\n\n\n<div class=\"wp-block-jetpack-tiled-gallery aligncenter is-style-rectangular\"><div class=\"tiled-gallery__gallery\"><div class=\"tiled-gallery__row\"><div class=\"tiled-gallery__col\"><figure class=\"tiled-gallery__item\"><a href=\"https:\/\/i1.wp.com\/blog.museunacional.cat\/wp-content\/uploads\/Paul-Poiret-1.jpg?ssl=1\"><img decoding=\"async\" srcset=\"https:\/\/i1.wp.com\/blog.museunacional.cat\/wp-content\/uploads\/Paul-Poiret-1.jpg?strip=info&#038;w=600&#038;ssl=1 600w,https:\/\/i1.wp.com\/blog.museunacional.cat\/wp-content\/uploads\/Paul-Poiret-1.jpg?strip=info&#038;w=627&#038;ssl=1 627w\" alt=\"\" data-height=\"981\" data-id=\"19054\" data-link=\"https:\/\/blog.museunacional.cat\/?attachment_id=19054\" data-url=\"https:\/\/blog.museunacional.cat\/wp-content\/uploads\/Paul-Poiret-1.jpg\" data-width=\"627\" src=\"https:\/\/i1.wp.com\/blog.museunacional.cat\/wp-content\/uploads\/Paul-Poiret-1.jpg?ssl=1\"\/><\/a><\/figure><\/div><div class=\"tiled-gallery__col\"><figure class=\"tiled-gallery__item\"><a href=\"https:\/\/i0.wp.com\/blog.museunacional.cat\/wp-content\/uploads\/Paul-Poiret-2.jpg?ssl=1\"><img decoding=\"async\" srcset=\"https:\/\/i0.wp.com\/blog.museunacional.cat\/wp-content\/uploads\/Paul-Poiret-2.jpg?strip=info&#038;w=600&#038;ssl=1 600w,https:\/\/i0.wp.com\/blog.museunacional.cat\/wp-content\/uploads\/Paul-Poiret-2.jpg?strip=info&#038;w=623&#038;ssl=1 623w\" alt=\"\" data-height=\"978\" data-id=\"19055\" data-link=\"https:\/\/blog.museunacional.cat\/?attachment_id=19055\" data-url=\"https:\/\/blog.museunacional.cat\/wp-content\/uploads\/Paul-Poiret-2.jpg\" data-width=\"623\" src=\"https:\/\/i0.wp.com\/blog.museunacional.cat\/wp-content\/uploads\/Paul-Poiret-2.jpg?ssl=1\"\/><\/a><\/figure><\/div><\/div><\/div><\/div>\n\n\n\n<ul class=\"wp-block-list\"><li>(fig. 10) Peggy Guggenheim vistiendo un dise\u00f1o de Poiret, 1924. Fotografia: Man Ray<\/li><li>(fig. 11) Modelo vestida de Paul Poiret. Fotograf\u00eda:&nbsp;<a rel=\"noreferrer noopener\" href=\"https:\/\/en.wikipedia.org\/wiki\/Paul_Poiret\" target=\"_blank\">Wikipedia<\/a><\/li><\/ul>\n\n\n\n<figure class=\"wp-block-image size-large\"><a href=\"https:\/\/blog.museunacional.cat\/wp-content\/uploads\/Paul-Poiret-3.jpg\" target=\"_blank\" rel=\"noreferrer noopener\"><img loading=\"lazy\" decoding=\"async\" width=\"822\" height=\"620\" src=\"https:\/\/blog.museunacional.cat\/wp-content\/uploads\/Paul-Poiret-3.jpg\" alt=\" Paul Poiret en su atelier Rosine de Par\u00eds\" class=\"wp-image-19059\" srcset=\"https:\/\/blog.museunacional.cat\/wp-content\/uploads\/Paul-Poiret-3.jpg 822w, https:\/\/blog.museunacional.cat\/wp-content\/uploads\/Paul-Poiret-3-300x226.jpg 300w, https:\/\/blog.museunacional.cat\/wp-content\/uploads\/Paul-Poiret-3-768x579.jpg 768w\" sizes=\"auto, (max-width: 822px) 100vw, 822px\" \/><\/a><figcaption> Paul Poiret en su atelier Rosine de Par\u00eds. Fotograf\u00eda del blog <a href=\"http:\/\/historiadelaindumentariaylostextiles.blogspot.com\/2017\/10\/paul-poiret.html\"><em>Historia de la indumentaria<\/em><\/a> <\/figcaption><\/figure>\n\n\n\n<p>Dentro de esta experiencia inmersiva de las obras de marqueter\u00eda de Gaspar Homar se detecta su condici\u00f3n multidisciplinar en las artes decorativas. Su relaci\u00f3n con la producci\u00f3n textil favorece un trato m\u00e1s sensible que el de otros artesanos. <strong>El realismo conseguido es capaz de hacer percibir los diferentes matices de sus texturas <\/strong>(fig. 5, 6, 7, 8), que sin duda le aportan un valor a\u00f1adido. En conclusi\u00f3n, la obra de Gaspar Homar es uno de los m\u00e1ximos exponentes de la corriente modernista.<\/p>\n\n\n\n<p>Por otra parte, hoy en d\u00eda la realidad de la producci\u00f3n artesanal es muy distinta a la de principios del siglo XX. La figura del artesano sigue estando presente, pero ha disminuido en n\u00famero. La evoluci\u00f3n tecnol\u00f3gica y la reducci\u00f3n de costes de producci\u00f3n han ido reemplazando a este gremio de creadores como lo fue Gaspar Homar. De hecho, lo que hoy se entiende por dise\u00f1o tiene un componente indispensable de funci\u00f3n que se acerca m\u00e1s a la herencia que nos dejan las corrientes funcionalistas de la era industrial. <strong>De alguna manera, a medida que la sociedad ha ido avanzando hacia la idea de confort, ha sido imposible mantener la figura del artesano tal y como se entend\u00eda a principios de siglo XX<\/strong>. No obstante, el trabajo en equipo y la figura del <em>ensemblier <\/em>que surgen en los proyectos realizados para las esferas burguesas dibujan un paralelismo con la figura del dise\u00f1ador de interiores.<\/p>\n\n\n\n<p>* <em>El <strong>kakemono<\/strong><\/em> (\u639b\u3051\u7269), <em>en el arte japon\u00e9s, es un objeto que se cuelga de la pared, generalmente una pintura o caligraf\u00eda. Es de forma alargada en sentido vertical y se sit\u00faa en un muro o en el interior de un tokonoma. El soporte sobre el que se realiza puede ser papel o seda.<\/em><\/p>\n\n\n\n<hr class=\"wp-block-separator\"\/>\n\n\n\n<h3 class=\"wp-block-heading\"><strong>Modernismo catal<\/strong>\u00e1n<\/h3>\n\n\n\n<h4 class=\"wp-block-heading\">MERC\u00c8 RODR\u00cdGUEZ RENALES<\/h4>\n\n\n\n<p>En la segunda mitad del siglo XIX, Barcelona vivir\u00e1 un espectacular desarrollo industrial y urban\u00edstico, y por lo tanto econ\u00f3mico, con el crecimiento de la nueva burgues\u00eda industrial, que ten\u00eda un alto poder adquisitivo e intereses culturales.<\/p>\n\n\n\n<p><strong>La Exposici\u00f3n Universal de 1888 no solo tendr\u00e1 consecuencias de car\u00e1cter urban\u00edstico y arquitect\u00f3nico, sino que provocar\u00e1 una transformaci\u00f3n cultural a trav\u00e9s de la <a href=\"https:\/\/es.wikipedia.org\/wiki\/Renaixen%C3%A7a\">Renaixen\u00e7a<\/a><\/strong>. Este movimiento literario, que tiene la voluntad de hacer renacer el catal\u00e1n como lengua y recuperar la historia del pa\u00eds, se ir\u00e1 imponiendo poco a poco como un movimiento cultural con influencia en todas las manifestaciones art\u00edsticas, pero con un peso importante asimismo en la arquitectura y las artes aplicadas.<\/p>\n\n\n\n<figure class=\"wp-block-image size-large\"><a href=\"https:\/\/blog.museunacional.cat\/wp-content\/uploads\/Casa-mart\u00ed.jpg\" target=\"_blank\" rel=\"noreferrer noopener\"><img loading=\"lazy\" decoding=\"async\" width=\"416\" height=\"297\" src=\"https:\/\/blog.museunacional.cat\/wp-content\/uploads\/Casa-mart\u00ed.jpg\" alt=\"Josep Puig i Cadafalch, Casa Mart\u00ed, 1896\" class=\"wp-image-19145\" srcset=\"https:\/\/blog.museunacional.cat\/wp-content\/uploads\/Casa-mart\u00ed.jpg 416w, https:\/\/blog.museunacional.cat\/wp-content\/uploads\/Casa-mart\u00ed-300x214.jpg 300w\" sizes=\"auto, (max-width: 416px) 100vw, 416px\" \/><\/a><figcaption> Josep Puig i Cadafalch,&nbsp;<em>Casa Mart\u00ed<\/em>, 1896 <\/figcaption><\/figure>\n\n\n\n<p> No podemos entender esta \u00e9poca sin la m\u00edtica taberna <a href=\"https:\/\/es.wikipedia.org\/wiki\/Els_Quatre_Gats\"><strong>Els Quatre Gats<\/strong><\/a>, propiedad del pintor Pere Romeu, que abri\u00f3 sus puertas en 1897 en los bajos de la <strong><a href=\"https:\/\/es.wikipedia.org\/wiki\/Casa_Mart%C3%AD\">Casa Mart\u00ed<\/a><\/strong>, un edificio neog\u00f3tico del arquitecto Josep Puig i Cadafalch. <\/p>\n\n\n\n<p>Este local se convertir\u00eda en un selecto club de intelectuales y\nartistas entre los que encontramos un destacado e importante grupo de pintores\nmodernistas formado, entre otros, por <strong>Ramon\nCasas<\/strong>, Santiago<\/p>\n\n\n\n<p>Rusi\u00f1ol, Joaquim Sunyer, Hermenegild Anglada Camarasa, Juan Brull,\nRicard Canals, Xavier Gos\u00e9, Josep Maria Sert y Miquel Utrillo, todos ellos muy\ninfluidos y conectados con la vanguardia de Par\u00eds, que se reun\u00edan para charlar\ny debatir, y entre los que tambi\u00e9n se contaba Pablo Picasso, que realiz\u00f3 all\u00ed\nsu primera exposici\u00f3n de dibujos y acuarelas en 1900.<\/p>\n\n\n\n<p>Entre todos los artistas nombrados anteriormente me gustar\u00eda destacar a <strong><a href=\"https:\/\/es.wikipedia.org\/wiki\/Ram%C3%B3n_Casas\">Ramon Casas<\/a><\/strong>.<\/p>\n\n\n\n<div class=\"wp-block-image\"><figure class=\"aligncenter size-large\"><img loading=\"lazy\" decoding=\"async\" width=\"302\" height=\"400\" src=\"https:\/\/blog.museunacional.cat\/wp-content\/uploads\/ramon-casas-autorretrat.jpg\" alt=\"Ramon Casas, Autorretrato, 1908, Museu Nacional d\u2019Art de Catalunya\" class=\"wp-image-20822\" srcset=\"https:\/\/blog.museunacional.cat\/wp-content\/uploads\/ramon-casas-autorretrat.jpg 302w, https:\/\/blog.museunacional.cat\/wp-content\/uploads\/ramon-casas-autorretrat-227x300.jpg 227w\" sizes=\"auto, (max-width: 302px) 100vw, 302px\" \/><figcaption>Ramon Casas,&nbsp;<em><a href=\"https:\/\/www.museunacional.cat\/es\/colleccio\/autorretrato\/ramon-casas\/027268-d\">Autorretrato<\/a><\/em>, 1908, Museu Nacional d\u2019Art de Catalunya<\/figcaption><\/figure><\/div>\n\n\n\n<p class=\"has-small-font-size\"><\/p>\n\n\n\n<p>Hijo\nde una familia adinerada, naci\u00f3 en Barcelona el 4 de enero de 1866 y muri\u00f3 el\n29 de febrero de 1932 a causa de una tuberculosis. Fue un pintor c\u00e9lebre por\nsus retratos, caricaturas y pinturas de la \u00e9lite social, intelectual, econ\u00f3mica\ny pol\u00edtica de Barcelona, Madrid y Par\u00eds, as\u00ed como un dise\u00f1ador gr\u00e1fico cuyos <strong>carteles <\/strong>y postales contribuyeron a\nperfilar el concepto de modernismo catal\u00e1n.<\/p>\n\n\n\n<p>Vivi\u00f3 en Par\u00eds como corresponsal de <em><a href=\"https:\/\/es.wikipedia.org\/wiki\/L%27Aven%C3%A7\">L\u2019Aven\u00e7<\/a><\/em>, una revista de historia y cultura de la que era cofundador junto con Jaume Mass\u00f3.<\/p>\n\n\n\n<p>En 1904, durante una estancia en la capital espa\u00f1ola, realiz\u00f3 una serie de caricaturas de la \u00e9lite madrile\u00f1a as\u00ed como de pintores como Joaqu\u00edn Sorolla y Agust\u00edn Querol. Fue precisamente en el estudio de Querol donde realiz\u00f3 un retrato ecuestre del rey Alfonso XIII que fue adquirido por el coleccionista norteamericano Charles Deering, quien posteriormente se convirti\u00f3 en su patrocinador y le encarg\u00f3 multitud de obras de arte.<\/p>\n\n\n\n<p>ebido al aumento de su fama como retratista, Casas se instal\u00f3 de nuevo en Barcelona. Frecuent\u00f3 las tertulias de la Maison Dor\u00e9e, donde <strong>conoci\u00f3 a J\u00falia Peraire, una vendedora de loter\u00eda veintid\u00f3s a\u00f1os m\u00e1s joven que \u00e9l<\/strong>.<\/p>\n\n\n\n<p>La pint\u00f3 por primera vez en 1906, cuando J\u00falia ten\u00eda dieciocho a\u00f1os, y\npronto se convirti\u00f3 en su modelo preferida y en su amante, con la que\nestableci\u00f3 la \u00fanica relaci\u00f3n sentimental estable que se le conoce. A pesar de\nque la familia de Casas no aprobaba esta relaci\u00f3n, llegaron finalmente a\ncasarse en 1922.<\/p>\n\n\n\n<p>Mientras su carrera como pintor prosperaba, <strong>Casas empez\u00f3 a trabajar en el dise\u00f1o gr\u00e1fico.<\/strong><\/p>\n\n\n\n<h4 class=\"wp-block-heading\">Carteles<\/h4>\n\n\n\n<p>Hemos de tener en cuenta que los carteles, como todo elemento publicitario, han de producir el efecto buscado por el simple hecho de ser vistos, de aqu\u00ed el esfuerzo y creatividad de los dibujantes y dise\u00f1adores para lograr un dise\u00f1o llamativo y directo. <strong>Una de las caracter\u00edsticas del cartelismo<\/strong>, que cumplen a la perfecci\u00f3n las piezas que nos ocupan,<strong> es que estas posean m\u00e1s visualidad que argumentaci\u00f3n con el objetivo fundamental de llamar la atenci\u00f3n.<\/strong><\/p>\n\n\n\n<p>Muchos artistas encontraron en el dise\u00f1o de carteles una v\u00eda abierta a\nla creatividad que, adem\u00e1s, les ofrec\u00eda la oportunidad de darse a conocer al\ngran p\u00fablico<\/p>\n\n\n\n<p>Normalmente, los carteles eran de gran tama\u00f1o y precisamente por esto se encontraban divididos en partes. No olvidemos que este tipo de obra se realizaba para pegarla en los muros de las grandes ciudades, lo que a\u00fan hoy sigue haci\u00e9ndose, con la pretensi\u00f3n de que fuese visible desde muy lejos. Por esta raz\u00f3n muchos de los carteles se imprim\u00edan directamente divididos en secciones que, una vez pegadas en la pared, formaban el conjunto de la obra. Otra raz\u00f3n que explica el gran formato de algunos de estos carteles se encuentra en la base misma de la publicidad: ser bien visible y llamar as\u00ed la atenci\u00f3n del ciudadano.<\/p>\n\n\n\n<p>Su estilo evolucion\u00f3 desde el postimpresionismo, influido por pintores\ncomo Manet o Degas, hasta un estilo de marcado car\u00e1cter realista, utilizando\ncolores vivos ya que el objetivo es que las obras llamen la atenci\u00f3n.<\/p>\n\n\n\n<p>En <strong>1897<\/strong>, Casas, formando equipo con uno de los maestros en la creaci\u00f3n de carteles, Miquel Utrillo, elabora el primer cartel, <em><strong>Ombres xineses<\/strong>,<\/em> para Els Quatre Gats.<\/p>\n\n\n\n<p>Tras esta experiencia empieza su andadura en solitario en la creaci\u00f3n de carteles publicitarios. Continu\u00f3 fiel a sus inicios ocup\u00e1ndose de los carteles de la taberna.<\/p>\n\n\n\n<div class=\"wp-block-jetpack-tiled-gallery aligncenter is-style-rectangular\"><div class=\"tiled-gallery__gallery\"><div class=\"tiled-gallery__row\"><div class=\"tiled-gallery__col\"><figure class=\"tiled-gallery__item\"><img decoding=\"async\" srcset=\"https:\/\/i0.wp.com\/blog.museunacional.cat\/wp-content\/uploads\/Sombras-2.jpg?strip=info&#038;w=600&#038;ssl=1 600w,https:\/\/i0.wp.com\/blog.museunacional.cat\/wp-content\/uploads\/Sombras-2.jpg?strip=info&#038;w=620&#038;ssl=1 620w\" alt=\"\" data-height=\"453\" data-id=\"19155\" data-link=\"https:\/\/blog.museunacional.cat\/?attachment_id=19155\" data-url=\"https:\/\/blog.museunacional.cat\/wp-content\/uploads\/Sombras-2.jpg\" data-width=\"620\" src=\"https:\/\/i0.wp.com\/blog.museunacional.cat\/wp-content\/uploads\/Sombras-2.jpg?ssl=1\"\/><\/figure><\/div><div class=\"tiled-gallery__col\"><figure class=\"tiled-gallery__item\"><img decoding=\"async\" srcset=\"https:\/\/i0.wp.com\/blog.museunacional.cat\/wp-content\/uploads\/Sombras-1.jpg?strip=info&#038;w=600&#038;ssl=1 600w,https:\/\/i0.wp.com\/blog.museunacional.cat\/wp-content\/uploads\/Sombras-1.jpg?strip=info&#038;w=620&#038;ssl=1 620w\" alt=\"\" data-height=\"467\" data-id=\"19156\" data-link=\"https:\/\/blog.museunacional.cat\/?attachment_id=19156\" data-url=\"https:\/\/blog.museunacional.cat\/wp-content\/uploads\/Sombras-1.jpg\" data-width=\"620\" src=\"https:\/\/i0.wp.com\/blog.museunacional.cat\/wp-content\/uploads\/Sombras-1.jpg?ssl=1\"\/><\/figure><\/div><\/div><\/div><\/div>\n\n\n\n<p class=\"has-text-align-center has-small-font-size\"> Ramon Casas y Miquel Utrillo,&nbsp;<em>Sombras. Quatre Gats<\/em>, 1897, Postermil S.L., Barcelona. <\/p>\n\n\n\n<figure class=\"wp-block-gallery columns-3 wp-block-gallery-2 is-layout-flex wp-block-gallery-is-layout-flex\"><ul class=\"blocks-gallery-grid\"><li class=\"blocks-gallery-item\"><figure><img loading=\"lazy\" decoding=\"async\" width=\"272\" height=\"400\" src=\"https:\/\/blog.museunacional.cat\/wp-content\/uploads\/Cartell_putxinellis_quatre_gats.jpeg\" alt=\"\" data-id=\"19166\" data-full-url=\"https:\/\/blog.museunacional.cat\/wp-content\/uploads\/Cartell_putxinellis_quatre_gats.jpeg\" data-link=\"https:\/\/blog.museunacional.cat\/?attachment_id=19166\" class=\"wp-image-19166\" srcset=\"https:\/\/blog.museunacional.cat\/wp-content\/uploads\/Cartell_putxinellis_quatre_gats.jpeg 272w, https:\/\/blog.museunacional.cat\/wp-content\/uploads\/Cartell_putxinellis_quatre_gats-204x300.jpeg 204w\" sizes=\"auto, (max-width: 272px) 100vw, 272px\" \/><\/figure><\/li><li class=\"blocks-gallery-item\"><figure><img loading=\"lazy\" decoding=\"async\" width=\"281\" height=\"400\" src=\"https:\/\/blog.museunacional.cat\/wp-content\/uploads\/Men\u00fa.jpg\" alt=\"\" data-id=\"19167\" data-full-url=\"https:\/\/blog.museunacional.cat\/wp-content\/uploads\/Men\u00fa.jpg\" data-link=\"https:\/\/blog.museunacional.cat\/?attachment_id=19167\" class=\"wp-image-19167\" srcset=\"https:\/\/blog.museunacional.cat\/wp-content\/uploads\/Men\u00fa.jpg 281w, https:\/\/blog.museunacional.cat\/wp-content\/uploads\/Men\u00fa-211x300.jpg 211w\" sizes=\"auto, (max-width: 281px) 100vw, 281px\" \/><\/figure><\/li><li class=\"blocks-gallery-item\"><figure><img loading=\"lazy\" decoding=\"async\" width=\"237\" height=\"400\" src=\"https:\/\/blog.museunacional.cat\/wp-content\/uploads\/Pere-Romeu.jpg\" alt=\"\" data-id=\"19168\" data-full-url=\"https:\/\/blog.museunacional.cat\/wp-content\/uploads\/Pere-Romeu.jpg\" data-link=\"https:\/\/blog.museunacional.cat\/?attachment_id=19168\" class=\"wp-image-19168\" srcset=\"https:\/\/blog.museunacional.cat\/wp-content\/uploads\/Pere-Romeu.jpg 237w, https:\/\/blog.museunacional.cat\/wp-content\/uploads\/Pere-Romeu-178x300.jpg 178w\" sizes=\"auto, (max-width: 237px) 100vw, 237px\" \/><\/figure><\/li><li class=\"blocks-gallery-item\"><figure><img loading=\"lazy\" decoding=\"async\" width=\"620\" height=\"324\" src=\"https:\/\/blog.museunacional.cat\/wp-content\/uploads\/Tandem-3.jpg\" alt=\"\" data-id=\"19164\" data-full-url=\"https:\/\/blog.museunacional.cat\/wp-content\/uploads\/Tandem-3.jpg\" data-link=\"https:\/\/blog.museunacional.cat\/?attachment_id=19164\" class=\"wp-image-19164\" srcset=\"https:\/\/blog.museunacional.cat\/wp-content\/uploads\/Tandem-3.jpg 620w, https:\/\/blog.museunacional.cat\/wp-content\/uploads\/Tandem-3-300x157.jpg 300w\" sizes=\"auto, (max-width: 620px) 100vw, 620px\" \/><\/figure><\/li><\/ul><\/figure>\n\n\n\n<p class=\"has-text-align-center has-small-font-size\"> Ramon Casas, cartel&nbsp;<em>Putxinellis Quatre Gats<\/em>,&nbsp;<em>Men\u00fa de los Quatre Gats<\/em>,&nbsp;cartell&nbsp;<em><a href=\"https:\/\/www.museunacional.cat\/es\/colleccio\/4-gats\/ramon-casas\/001046-c\">4 Gats<\/a><\/em>&nbsp;y dibujo&nbsp;<em><a href=\"https:\/\/www.museunacional.cat\/es\/colleccio\/estudio-para-el-cuadro-ramon-casas-y-pere-romeu-en-un-tandem\/ramon-casas\/026909-d\">Estudi per al quadre \u00abRamon Casas i Pere Romeu en un t\u00e0ndem\u00bb<\/a><\/em> <\/p>\n\n\n\n<p>Pero tambi\u00e9n\nempez\u00f3 a dise\u00f1ar carteles para otras empresas como:<\/p>\n\n\n\n<p><strong>Codorn\u00edu.<\/strong> En septiembre de 1898 se da a conocer la\nconvocatoria del segundo concurso de carteles organizado por la industria\nprivada, concretamente por Manuel Ravent\u00f3s para anunciar su champagne Codorn\u00edu. El Concurso y Exposici\u00f3n de\nCarteles buscaba una publicidad elegante a la vez que eficaz, resultando\nganador del mismo <strong>Ramon Casas<\/strong>.<\/p>\n\n\n\n<div class=\"wp-block-jetpack-tiled-gallery aligncenter is-style-rectangular\"><div class=\"tiled-gallery__gallery\"><div class=\"tiled-gallery__row\"><div class=\"tiled-gallery__col\"><figure class=\"tiled-gallery__item\"><img decoding=\"async\" srcset=\"https:\/\/i1.wp.com\/blog.museunacional.cat\/wp-content\/uploads\/Codorniu-1.jpg?strip=info&#038;w=599&#038;ssl=1 599w\" alt=\"\" data-height=\"420\" data-id=\"19173\" data-link=\"https:\/\/blog.museunacional.cat\/?attachment_id=19173\" data-url=\"https:\/\/blog.museunacional.cat\/wp-content\/uploads\/Codorniu-1.jpg\" data-width=\"599\" src=\"https:\/\/i1.wp.com\/blog.museunacional.cat\/wp-content\/uploads\/Codorniu-1.jpg?ssl=1\"\/><\/figure><\/div><div class=\"tiled-gallery__col\"><figure class=\"tiled-gallery__item\"><img decoding=\"async\" srcset=\"https:\/\/i2.wp.com\/blog.museunacional.cat\/wp-content\/uploads\/Codorniu-2.jpg?strip=info&#038;w=600&#038;ssl=1 600w,https:\/\/i2.wp.com\/blog.museunacional.cat\/wp-content\/uploads\/Codorniu-2.jpg?strip=info&#038;w=620&#038;ssl=1 620w\" alt=\"\" data-height=\"430\" data-id=\"19174\" data-link=\"https:\/\/blog.museunacional.cat\/?attachment_id=19174\" data-url=\"https:\/\/blog.museunacional.cat\/wp-content\/uploads\/Codorniu-2.jpg\" data-width=\"620\" src=\"https:\/\/i2.wp.com\/blog.museunacional.cat\/wp-content\/uploads\/Codorniu-2.jpg?ssl=1\"\/><\/figure><figure class=\"tiled-gallery__item\"><img decoding=\"async\" srcset=\"https:\/\/i1.wp.com\/blog.museunacional.cat\/wp-content\/uploads\/Codorniu-3.jpg?strip=info&#038;w=600&#038;ssl=1 600w,https:\/\/i1.wp.com\/blog.museunacional.cat\/wp-content\/uploads\/Codorniu-3.jpg?strip=info&#038;w=620&#038;ssl=1 620w\" alt=\"\" data-height=\"405\" data-id=\"19175\" data-link=\"https:\/\/blog.museunacional.cat\/?attachment_id=19175\" data-url=\"https:\/\/blog.museunacional.cat\/wp-content\/uploads\/Codorniu-3.jpg\" data-width=\"620\" src=\"https:\/\/i1.wp.com\/blog.museunacional.cat\/wp-content\/uploads\/Codorniu-3.jpg?ssl=1\"\/><\/figure><\/div><\/div><\/div><\/div>\n\n\n\n<p><strong>An\u00eds del Mono<\/strong>. Vicente Bosch, propietario de la f\u00e1brica, ha pasado a la historia por haber sido pionero en el uso del dise\u00f1o para hacer publicidad y crear imagen de marca con obras que forman parte de la antolog\u00eda del cartelismo universal y figuran destacadas en todos los manuales y estudios sobre el g\u00e9nero.<\/p>\n\n\n\n<div class=\"wp-block-jetpack-tiled-gallery aligncenter is-style-rectangular\"><div class=\"tiled-gallery__gallery\"><div class=\"tiled-gallery__row\"><div class=\"tiled-gallery__col\"><figure class=\"tiled-gallery__item\"><img decoding=\"async\" srcset=\"https:\/\/i2.wp.com\/blog.museunacional.cat\/wp-content\/uploads\/An\u00eds-1.jpg?strip=info&#038;w=198&#038;ssl=1 198w\" alt=\"\" data-height=\"400\" data-id=\"19177\" data-link=\"https:\/\/blog.museunacional.cat\/?attachment_id=19177\" data-url=\"https:\/\/blog.museunacional.cat\/wp-content\/uploads\/An\u00eds-1.jpg\" data-width=\"198\" src=\"https:\/\/i2.wp.com\/blog.museunacional.cat\/wp-content\/uploads\/An\u00eds-1.jpg?ssl=1\"\/><\/figure><\/div><div class=\"tiled-gallery__col\"><figure class=\"tiled-gallery__item\"><img decoding=\"async\" srcset=\"https:\/\/i2.wp.com\/blog.museunacional.cat\/wp-content\/uploads\/An\u00eds-2.jpg?strip=info&#038;w=193&#038;ssl=1 193w\" alt=\"\" data-height=\"400\" data-id=\"19178\" data-link=\"https:\/\/blog.museunacional.cat\/?attachment_id=19178\" data-url=\"https:\/\/blog.museunacional.cat\/wp-content\/uploads\/An\u00eds-2.jpg\" data-width=\"193\" src=\"https:\/\/i2.wp.com\/blog.museunacional.cat\/wp-content\/uploads\/An\u00eds-2.jpg?ssl=1\"\/><\/figure><\/div><div class=\"tiled-gallery__col\"><figure class=\"tiled-gallery__item\"><img decoding=\"async\" srcset=\"https:\/\/i1.wp.com\/blog.museunacional.cat\/wp-content\/uploads\/An\u00eds-3.jpg?strip=info&#038;w=207&#038;ssl=1 207w\" alt=\"\" data-height=\"400\" data-id=\"19179\" data-link=\"https:\/\/blog.museunacional.cat\/?attachment_id=19179\" data-url=\"https:\/\/blog.museunacional.cat\/wp-content\/uploads\/An\u00eds-3.jpg\" data-width=\"207\" src=\"https:\/\/i1.wp.com\/blog.museunacional.cat\/wp-content\/uploads\/An\u00eds-3.jpg?ssl=1\"\/><\/figure><\/div><\/div><\/div><\/div>\n\n\n\n<p class=\"has-small-font-size\"> <a href=\"https:\/\/www.museunacional.cat\/es\/colleccio\/anis-del-mono-con-una-falda-de-percal-plancha\/ramon-casas\/000385-c\"><em>An\u00eds del Mono (Con una falda de percal planch\u00e1<\/em>)<\/a> y&nbsp;<a href=\"https:\/\/www.museunacional.cat\/es\/colleccio\/anis-del-mono-mono-y-mona\/ramon-casas\/000391-c\"><em>An\u00eds del Mono (Mono y mona)<\/em> <\/a><\/p>\n\n\n\n<p>Personalmente, me ser\u00eda imposible mostrar \u00fanicamente estos trabajos (Codorn\u00edu y An\u00eds del Mono), ya que la riqueza de su obra y la amplia y variada tem\u00e1tica de sus trabajos ofrecen una belleza y un esplendor destacados en cada una de sus pinceladas. A<strong>qu\u00ed presento una peque\u00f1a muestra de otros carteles publicitarios del artista catal\u00e1n<\/strong>:<\/p>\n\n\n\n<ul class=\"wp-block-list\"><li><strong> 1897:<\/strong><em> Modas de Apolonia Casta\u00f1eda<\/em> <\/li><\/ul>\n\n\n\n<figure class=\"wp-block-image size-large\"><img loading=\"lazy\" decoding=\"async\" width=\"199\" height=\"312\" src=\"https:\/\/blog.museunacional.cat\/wp-content\/uploads\/Apolonia.jpg\" alt=\"Ramon Casas, Modas de Apolonia Casta\u00f1eda\" class=\"wp-image-19181\" srcset=\"https:\/\/blog.museunacional.cat\/wp-content\/uploads\/Apolonia.jpg 199w, https:\/\/blog.museunacional.cat\/wp-content\/uploads\/Apolonia-191x300.jpg 191w\" sizes=\"auto, (max-width: 199px) 100vw, 199px\" \/><\/figure>\n\n\n\n<ul class=\"wp-block-list\"><li><strong>1898:<\/strong> <em><a href=\"https:\/\/www.museunacional.cat\/es\/colleccio\/m-fvster-fabricacion-de-silicatos\/ramon-casas\/000366-c\">M. Fvster. Fabricaci\u00f3n de silicatos<\/a><\/em>, <em><a href=\"https:\/\/www.museunacional.cat\/es\/colleccio\/atelier-casas-utrillo\/ramon-casas\/001648-c\">Atelier Casas &amp; Utrillo<\/a><\/em>, <em>Transparentes y Objetos Art\u00edsticos<\/em>.<\/li><\/ul>\n\n\n\n<div class=\"wp-block-jetpack-tiled-gallery aligncenter is-style-rectangular\"><div class=\"tiled-gallery__gallery\"><div class=\"tiled-gallery__row\"><div class=\"tiled-gallery__col\"><figure class=\"tiled-gallery__item\"><img decoding=\"async\" srcset=\"https:\/\/i1.wp.com\/blog.museunacional.cat\/wp-content\/uploads\/Silicatos.jpg?strip=info&#038;w=600&#038;ssl=1 600w,https:\/\/i1.wp.com\/blog.museunacional.cat\/wp-content\/uploads\/Silicatos.jpg?strip=info&#038;w=620&#038;ssl=1 620w\" alt=\"\" data-height=\"260\" data-id=\"19184\" data-link=\"https:\/\/blog.museunacional.cat\/?attachment_id=19184\" data-url=\"https:\/\/blog.museunacional.cat\/wp-content\/uploads\/Silicatos.jpg\" data-width=\"620\" src=\"https:\/\/i1.wp.com\/blog.museunacional.cat\/wp-content\/uploads\/Silicatos.jpg?ssl=1\"\/><\/figure><\/div><\/div><div class=\"tiled-gallery__row\"><div class=\"tiled-gallery__col\"><figure class=\"tiled-gallery__item\"><img decoding=\"async\" srcset=\"https:\/\/i2.wp.com\/blog.museunacional.cat\/wp-content\/uploads\/Casas-i-Utrillo.jpg?strip=info&#038;w=338&#038;ssl=1 338w\" alt=\"\" data-height=\"400\" data-id=\"19185\" data-link=\"https:\/\/blog.museunacional.cat\/?attachment_id=19185\" data-url=\"https:\/\/blog.museunacional.cat\/wp-content\/uploads\/Casas-i-Utrillo.jpg\" data-width=\"338\" src=\"https:\/\/i2.wp.com\/blog.museunacional.cat\/wp-content\/uploads\/Casas-i-Utrillo.jpg?ssl=1\"\/><\/figure><\/div><div class=\"tiled-gallery__col\"><figure class=\"tiled-gallery__item\"><\/figure><\/div><\/div><\/div><\/div>\n\n\n\n<ul class=\"wp-block-list\"><li><strong>1899:<\/strong>&nbsp;<em>Renaud Germain. Perfumer\u00eda Fina y Jabones<\/em>.<\/li><li><strong>1900:<\/strong>&nbsp;<em><a href=\"https:\/\/www.museunacional.cat\/es\/colleccio\/sifilis\/ramon-casas\/000360-c\">S\u00edfilis<\/a><\/em>. <\/li><\/ul>\n\n\n\n<div class=\"wp-block-jetpack-tiled-gallery aligncenter is-style-rectangular\"><div class=\"tiled-gallery__gallery\"><div class=\"tiled-gallery__row\"><div class=\"tiled-gallery__col\"><figure class=\"tiled-gallery__item\"><img decoding=\"async\" srcset=\"https:\/\/i1.wp.com\/blog.museunacional.cat\/wp-content\/uploads\/Renaud-Germain-1.jpg?strip=info&#038;w=250&#038;ssl=1 250w\" alt=\"Publicitat de Renaud Germain de Ramon Casas\" data-height=\"250\" data-id=\"19190\" data-link=\"https:\/\/blog.museunacional.cat\/?attachment_id=19190\" data-url=\"https:\/\/blog.museunacional.cat\/wp-content\/uploads\/Renaud-Germain-1.jpg\" data-width=\"250\" src=\"https:\/\/i1.wp.com\/blog.museunacional.cat\/wp-content\/uploads\/Renaud-Germain-1.jpg?ssl=1\"\/><\/figure><figure class=\"tiled-gallery__item\"><img decoding=\"async\" srcset=\"https:\/\/i0.wp.com\/blog.museunacional.cat\/wp-content\/uploads\/Renaud-Germain-2.jpg?strip=info&#038;w=600&#038;ssl=1 600w,https:\/\/i0.wp.com\/blog.museunacional.cat\/wp-content\/uploads\/Renaud-Germain-2.jpg?strip=info&#038;w=620&#038;ssl=1 620w\" alt=\"F\u00e0brica de perfumeria Renaud Germain\" data-height=\"381\" data-id=\"19191\" data-link=\"https:\/\/blog.museunacional.cat\/?attachment_id=19191\" data-url=\"https:\/\/blog.museunacional.cat\/wp-content\/uploads\/Renaud-Germain-2.jpg\" data-width=\"620\" src=\"https:\/\/i0.wp.com\/blog.museunacional.cat\/wp-content\/uploads\/Renaud-Germain-2.jpg?ssl=1\"\/><\/figure><\/div><div class=\"tiled-gallery__col\"><figure class=\"tiled-gallery__item\"><img decoding=\"async\" srcset=\"https:\/\/i0.wp.com\/blog.museunacional.cat\/wp-content\/uploads\/S\u00edfilis.jpg?strip=info&#038;w=178&#038;ssl=1 178w\" alt=\"Cartell S\u00edfilis de Ramon Casas\" data-height=\"400\" data-id=\"19192\" data-link=\"https:\/\/blog.museunacional.cat\/?attachment_id=19192\" data-url=\"https:\/\/blog.museunacional.cat\/wp-content\/uploads\/S\u00edfilis.jpg\" data-width=\"178\" src=\"https:\/\/i0.wp.com\/blog.museunacional.cat\/wp-content\/uploads\/S\u00edfilis.jpg?ssl=1\"\/><\/figure><\/div><\/div><\/div><\/div>\n\n\n\n<ul class=\"wp-block-list\"><li><strong>1901:&nbsp;<\/strong><a href=\"https:\/\/www.museunacional.cat\/es\/colleccio\/auto-garage-central\/ramon-casas\/000389-c\"><em>Auto Garage Central<\/em>. Consejo de Ciento, 343<\/a>.<\/li><li><strong>1902:&nbsp;<\/strong><em><a href=\"https:\/\/www.museunacional.cat\/es\/colleccio\/antiqvarum-artivm-barcinonensis\/ramon-casas\/000362-c\">Antiquarum Artium Barcinonensis<\/a><\/em>,&nbsp;<em>Hojas Selectas. Revista para todos<\/em>&nbsp;y&nbsp;<em>Enciclopedia Universal Ilustrada J. Espasa<\/em>. &nbsp;&nbsp;&nbsp;&nbsp;&nbsp;&nbsp;&nbsp;&nbsp; <\/li><\/ul>\n\n\n\n<div class=\"wp-block-jetpack-tiled-gallery aligncenter is-style-rectangular\"><div class=\"tiled-gallery__gallery\"><div class=\"tiled-gallery__row\"><div class=\"tiled-gallery__col\"><figure class=\"tiled-gallery__item\"><img decoding=\"async\" srcset=\"https:\/\/i1.wp.com\/blog.museunacional.cat\/wp-content\/uploads\/Autogaraje.jpg?strip=info&#038;w=230&#038;ssl=1 230w\" alt=\"Cartell Autogaraje Central de Ramon Casas\" data-height=\"400\" data-id=\"19194\" data-link=\"https:\/\/blog.museunacional.cat\/?attachment_id=19194\" data-url=\"https:\/\/blog.museunacional.cat\/wp-content\/uploads\/Autogaraje.jpg\" data-width=\"230\" src=\"https:\/\/i1.wp.com\/blog.museunacional.cat\/wp-content\/uploads\/Autogaraje.jpg?ssl=1\"\/><\/figure><\/div><div class=\"tiled-gallery__col\"><figure class=\"tiled-gallery__item\"><img decoding=\"async\" srcset=\"https:\/\/i0.wp.com\/blog.museunacional.cat\/wp-content\/uploads\/Antiquarium.jpg?strip=info&#038;w=272&#038;ssl=1 272w\" alt=\"Cartell Antiquarium de Ramon Casas\" data-height=\"400\" data-id=\"19195\" data-link=\"https:\/\/blog.museunacional.cat\/?attachment_id=19195\" data-url=\"https:\/\/blog.museunacional.cat\/wp-content\/uploads\/Antiquarium.jpg\" data-width=\"272\" src=\"https:\/\/i0.wp.com\/blog.museunacional.cat\/wp-content\/uploads\/Antiquarium.jpg?ssl=1\"\/><\/figure><\/div><div class=\"tiled-gallery__col\"><figure class=\"tiled-gallery__item\"><img decoding=\"async\" srcset=\"https:\/\/i0.wp.com\/blog.museunacional.cat\/wp-content\/uploads\/Hojas-selectas.jpg?strip=info&#038;w=203&#038;ssl=1 203w\" alt=\"Cartell Hojas selectas de ramon Casas\" data-height=\"312\" data-id=\"19197\" data-link=\"https:\/\/blog.museunacional.cat\/?attachment_id=19197\" data-url=\"https:\/\/blog.museunacional.cat\/wp-content\/uploads\/Hojas-selectas.jpg\" data-width=\"203\" src=\"https:\/\/i0.wp.com\/blog.museunacional.cat\/wp-content\/uploads\/Hojas-selectas.jpg?ssl=1\"\/><\/figure><\/div><div class=\"tiled-gallery__col\"><figure class=\"tiled-gallery__item\"><img decoding=\"async\" srcset=\"https:\/\/i2.wp.com\/blog.museunacional.cat\/wp-content\/uploads\/Espasa-1.jpg?strip=info&#038;w=488&#038;ssl=1 488w\" alt=\"Cartell enciclop\u00e8dia Universal Ilustrada Espasa de Ramon Casas\" data-height=\"740\" data-id=\"19198\" data-link=\"https:\/\/blog.museunacional.cat\/?attachment_id=19198\" data-url=\"https:\/\/blog.museunacional.cat\/wp-content\/uploads\/Espasa-1.jpg\" data-width=\"488\" src=\"https:\/\/i2.wp.com\/blog.museunacional.cat\/wp-content\/uploads\/Espasa-1.jpg?ssl=1\"\/><\/figure><\/div><\/div><\/div><\/div>\n\n\n\n<ul class=\"wp-block-list\"><li> <strong>1904:<\/strong>&nbsp;<em>Agencia de Inquilinato<\/em>.<\/li><li><strong>1905:&nbsp;<\/strong><em>Champagne Kola<\/em>&nbsp;i&nbsp;<em>Jab\u00f3n Fluido Gorgot<\/em>.<\/li><li><strong>1908:<\/strong>&nbsp;<em><a href=\"https:\/\/www.museunacional.cat\/es\/colleccio\/jochs-florals-de-barcelona-festes-del-cinquantenari\/ramon-casas\/000453-c\">Jocs Florals de Barcelona. Festes del Cinquantenari<\/a><\/em>&nbsp;y&nbsp;<em>Copa Catalunya. Carrera Internacional de&nbsp;<\/em>\u00ab<em>Voiturettes<\/em>\u00bb.<\/li><li><strong>1910:<\/strong>&nbsp;<em>Vino Rioja Fino Rub\u00ed<\/em>. <\/li><\/ul>\n\n\n\n<div class=\"wp-block-jetpack-tiled-gallery aligncenter is-style-rectangular\"><div class=\"tiled-gallery__gallery\"><div class=\"tiled-gallery__row\"><div class=\"tiled-gallery__col\"><figure class=\"tiled-gallery__item\"><img decoding=\"async\" srcset=\"https:\/\/i0.wp.com\/blog.museunacional.cat\/wp-content\/uploads\/Jocs-florals.jpg?strip=info&#038;w=192&#038;ssl=1 192w\" alt=\"Cartell Jocs florals de Ramon Casas\" data-height=\"400\" data-id=\"19202\" data-link=\"https:\/\/blog.museunacional.cat\/?attachment_id=19202\" data-url=\"https:\/\/blog.museunacional.cat\/wp-content\/uploads\/Jocs-florals.jpg\" data-width=\"192\" src=\"https:\/\/i0.wp.com\/blog.museunacional.cat\/wp-content\/uploads\/Jocs-florals.jpg?ssl=1\"\/><\/figure><\/div><div class=\"tiled-gallery__col\"><figure class=\"tiled-gallery__item\"><img decoding=\"async\" srcset=\"https:\/\/i1.wp.com\/blog.museunacional.cat\/wp-content\/uploads\/Copa-Catalunya.jpg?strip=info&#038;w=400&#038;ssl=1 400w\" alt=\"Cartell Copa Catalunya de Ramon Casas\" data-height=\"280\" data-id=\"19204\" data-link=\"https:\/\/blog.museunacional.cat\/?attachment_id=19204\" data-url=\"https:\/\/blog.museunacional.cat\/wp-content\/uploads\/Copa-Catalunya.jpg\" data-width=\"400\" src=\"https:\/\/i1.wp.com\/blog.museunacional.cat\/wp-content\/uploads\/Copa-Catalunya.jpg?ssl=1\"\/><\/figure><\/div><\/div><\/div><\/div>\n\n\n\n<ul class=\"wp-block-list\"><li><strong>1916: <\/strong><em>L&#8217;auca del senyor Esteve<\/em> (obra teatral de Santiago Rusi\u00f1ol presentada en el Teatro Victoria).<\/li><li><strong>1929:<\/strong> <a href=\"https:\/\/www.museunacional.cat\/es\/colleccio\/la-tuberculosi-amenaca-la-vida-i-la-riquesa-de-catalunya\/ramon-casas\/213725-000\">La tuberculosi amena\u00e7a la vida i la riquesa de Catalunya<\/a> (precisamente \u00e9l, en 1866, hab\u00eda superado dicha enfermedad).<\/li><li><strong>1937:<\/strong> Ajut Infantil de Reraguarda espera els vostres donatius.<\/li><\/ul>\n\n\n\n<figure class=\"wp-block-gallery columns-3 is-cropped wp-block-gallery-3 is-layout-flex wp-block-gallery-is-layout-flex\"><ul class=\"blocks-gallery-grid\"><li class=\"blocks-gallery-item\"><figure><\/figure><\/li><li class=\"blocks-gallery-item\"><figure><img loading=\"lazy\" decoding=\"async\" width=\"205\" height=\"400\" src=\"https:\/\/blog.museunacional.cat\/wp-content\/uploads\/Tuberculosi.jpg\" alt=\"\" data-id=\"19208\" data-full-url=\"https:\/\/blog.museunacional.cat\/wp-content\/uploads\/Tuberculosi.jpg\" data-link=\"https:\/\/blog.museunacional.cat\/?attachment_id=19208\" class=\"wp-image-19208\" srcset=\"https:\/\/blog.museunacional.cat\/wp-content\/uploads\/Tuberculosi.jpg 205w, https:\/\/blog.museunacional.cat\/wp-content\/uploads\/Tuberculosi-154x300.jpg 154w\" sizes=\"auto, (max-width: 205px) 100vw, 205px\" \/><\/figure><\/li><li class=\"blocks-gallery-item\"><figure><img loading=\"lazy\" decoding=\"async\" width=\"200\" height=\"278\" src=\"https:\/\/blog.museunacional.cat\/wp-content\/uploads\/Ajut-infantil.jpg\" alt=\"\" data-id=\"19209\" data-full-url=\"https:\/\/blog.museunacional.cat\/wp-content\/uploads\/Ajut-infantil.jpg\" data-link=\"https:\/\/blog.museunacional.cat\/?attachment_id=19209\" class=\"wp-image-19209\"\/><\/figure><\/li><\/ul><\/figure>\n\n\n\n<p><strong>Y ya sin fechas concretas encontramos:<\/strong><\/p>\n\n\n\n<ul class=\"wp-block-list\"><li> <em>Aperitivo Rossi<\/em>.<\/li><li><em><a href=\"https:\/\/www.museunacional.cat\/es\/colleccio\/real-automovil-club-de-cataluna-copa-tibidabo\/ramon-casas\/214269-000\">Real Autom\u00f3vil-Club de Catalu\u00f1a<\/a>.&nbsp;&nbsp;&nbsp;&nbsp;&nbsp;&nbsp;&nbsp;&nbsp;&nbsp;&nbsp;&nbsp;&nbsp;&nbsp;&nbsp;&nbsp;&nbsp;&nbsp;&nbsp;&nbsp;&nbsp;&nbsp;&nbsp;<\/em><\/li><li><em>Los Cigarrillos Par\u00eds<\/em>. <\/li><\/ul>\n\n\n\n<div class=\"wp-block-jetpack-tiled-gallery aligncenter is-style-rectangular\"><div class=\"tiled-gallery__gallery\"><div class=\"tiled-gallery__row\"><div class=\"tiled-gallery__col\"><figure class=\"tiled-gallery__item\"><img decoding=\"async\" srcset=\"https:\/\/i0.wp.com\/blog.museunacional.cat\/wp-content\/uploads\/Aperitivo-Rossi.jpg?strip=info&#038;w=312&#038;ssl=1 312w\" alt=\"Cartell Aperitivo Rossi de Ramon Casas\" data-height=\"488\" data-id=\"19211\" data-link=\"https:\/\/blog.museunacional.cat\/?attachment_id=19211\" data-url=\"https:\/\/blog.museunacional.cat\/wp-content\/uploads\/Aperitivo-Rossi.jpg\" data-width=\"312\" src=\"https:\/\/i0.wp.com\/blog.museunacional.cat\/wp-content\/uploads\/Aperitivo-Rossi.jpg?ssl=1\"\/><\/figure><\/div><div class=\"tiled-gallery__col\"><figure class=\"tiled-gallery__item\"><img decoding=\"async\" srcset=\"https:\/\/i2.wp.com\/blog.museunacional.cat\/wp-content\/uploads\/Copa-Tibidabo-1.jpg?strip=info&#038;w=292&#038;ssl=1 292w\" alt=\"Cartell Copa Tibidabo de Ramon Casas\" data-height=\"400\" data-id=\"19212\" data-link=\"https:\/\/blog.museunacional.cat\/?attachment_id=19212\" data-url=\"https:\/\/blog.museunacional.cat\/wp-content\/uploads\/Copa-Tibidabo-1.jpg\" data-width=\"292\" src=\"https:\/\/i2.wp.com\/blog.museunacional.cat\/wp-content\/uploads\/Copa-Tibidabo-1.jpg?ssl=1\"\/><\/figure><\/div><div class=\"tiled-gallery__col\"><figure class=\"tiled-gallery__item\"><img decoding=\"async\" srcset=\"https:\/\/i2.wp.com\/blog.museunacional.cat\/wp-content\/uploads\/Real-Club.jpg?strip=info&#038;w=600&#038;ssl=1 600w,https:\/\/i2.wp.com\/blog.museunacional.cat\/wp-content\/uploads\/Real-Club.jpg?strip=info&#038;w=620&#038;ssl=1 620w\" alt=\"Cartell Real Club de Ramon Casas\" data-height=\"425\" data-id=\"19213\" data-link=\"https:\/\/blog.museunacional.cat\/?attachment_id=19213\" data-url=\"https:\/\/blog.museunacional.cat\/wp-content\/uploads\/Real-Club.jpg\" data-width=\"620\" src=\"https:\/\/i2.wp.com\/blog.museunacional.cat\/wp-content\/uploads\/Real-Club.jpg?ssl=1\"\/><\/figure><\/div><div class=\"tiled-gallery__col\"><figure class=\"tiled-gallery__item\"><img decoding=\"async\" srcset=\"https:\/\/i2.wp.com\/blog.museunacional.cat\/wp-content\/uploads\/Cigarrillos-Paris.jpg?strip=info&#038;w=280&#038;ssl=1 280w\" alt=\"Cartell Cigarrillos Par\u00eds de Ramon Casas\" data-height=\"400\" data-id=\"19214\" data-link=\"https:\/\/blog.museunacional.cat\/?attachment_id=19214\" data-url=\"https:\/\/blog.museunacional.cat\/wp-content\/uploads\/Cigarrillos-Paris.jpg\" data-width=\"280\" src=\"https:\/\/i2.wp.com\/blog.museunacional.cat\/wp-content\/uploads\/Cigarrillos-Paris.jpg?ssl=1\"\/><\/figure><\/div><\/div><\/div><\/div>\n\n\n\n<p>Ram\u00f3n Casas utiliza la imagen de la mujer con exquisita sensibilidad, siendo <strong>la protagonista de la gran mayor\u00eda de sus obras y creando con ello su gran sello de identidad<\/strong>.<\/p>\n\n\n\n<p>La representa\ndestacando la femineidad, la delicadeza y sobre todo una gran y sensual belleza.\nEn ocasiones toma como fuente de inspiraci\u00f3n a las veneradas diosas griegas.<\/p>\n\n\n\n<p>Ramon Casas posee una de las colecciones de carteles\nm\u00e1s bellas.<\/p>\n\n\n\n<hr class=\"wp-block-separator\"\/>\n\n\n\n<h3 class=\"wp-block-heading\"><strong>Jujol, l\u2019<\/strong><em><strong>enfant terrible<\/strong><\/em><strong>!<\/strong><\/h3>\n\n\n\n<h4 class=\"wp-block-heading\">ADOLFO&nbsp;LLORET ESCRIV\u00c0<\/h4>\n\n\n\n<p> De la colecci\u00f3n permanente del Museu Nacional d\u2019Art de Catalunya dedicada al arte moderno, destacar\u00eda la pieza de mobiliario <a href=\"https:\/\/www.museunacional.cat\/es\/colleccio\/escritorio-archivador-de-partituras\/josep-maria-jujol\/213513-000\">Escritorio archivador de partituras<\/a>, del arquitecto, dibujante, dise\u00f1ador y pintor modernista <strong>Josep Maria Jujol<\/strong>. <\/p>\n\n\n\n<figure class=\"wp-block-image size-large\"><a href=\"https:\/\/blog.museunacional.cat\/wp-content\/uploads\/Jujol-escriptori.jpg\" target=\"_blank\" rel=\"https:\/\/blog.museunacional.cat\/wp-content\/uploads\/Jujol-escriptori.jpg noopener noreferrer\"><img loading=\"lazy\" decoding=\"async\" width=\"620\" height=\"613\" src=\"https:\/\/blog.museunacional.cat\/wp-content\/uploads\/Jujol-escriptori.jpg\" alt=\"Escritorio archivador de partituras\" class=\"wp-image-19088\" srcset=\"https:\/\/blog.museunacional.cat\/wp-content\/uploads\/Jujol-escriptori.jpg 620w, https:\/\/blog.museunacional.cat\/wp-content\/uploads\/Jujol-escriptori-300x297.jpg 300w\" sizes=\"auto, (max-width: 620px) 100vw, 620px\" \/><\/a><figcaption> <em>Escritorio archivador de partituras<\/em>, 1919-1925 <\/figcaption><\/figure>\n\n\n\n<h4 class=\"wp-block-heading\">Un artista 360\u00b0<\/h4>\n\n\n\n<p><a href=\"https:\/\/es.wikipedia.org\/wiki\/Josep_Maria_Jujol\">Josep Maria Jujol<\/a> (Tarragona, 1879 &#8211; Barcelona, \u200b\u200b1949) fue <strong>arquitecto municipal de Sant Joan Desp\u00ed, adem\u00e1s de catedr\u00e1tico de la Escuela de Arquitectura de Barcelona<\/strong>. Hay que destacar que fue un excelente acuarelista y dibujante que captaba y creaba todo tipo de objetos y elementos complementarios como muebles, l\u00e1mparas o ascensores. Esta vertiente, junto con el dominio del uso de los colores, hace que su obra, que a menudo se encuentra complementando la de otros arquitectos, resulte singular. Las colaboraciones m\u00e1s conocidas las llev\u00f3 a cabo en las obras de <strong>Gaud\u00ed<\/strong>: la Casa Batll\u00f3, la Casa Mil\u00e0, el Park G\u00fcell y la catedral de Palma.<\/p>\n\n\n\n<h4 class=\"wp-block-heading\">Jujol y Pere Ma\u00f1ach<\/h4>\n\n\n\n<p><a href=\"https:\/\/es.wikipedia.org\/wiki\/Pere_Ma%C3%B1ach\">Pere Ma\u00f1ach<\/a> era el heredero de una familia de industriales barceloneses. Con una gran intuici\u00f3n para detectar nuevos talentos de la pintura joven, apoy\u00f3 a artistas catalanes j\u00f3venes (fue el primer marchante de Picasso).<\/p>\n\n\n\n<p>A la\nmuerte de su padre (1866) tuvo que asumir la direcci\u00f3n del negocio familiar\ndedicado a la fabricaci\u00f3n de cerraduras de seguridad, cajas de caudales y\nart\u00edculos de cerrajer\u00eda. La prosperidad del negocio llev\u00f3 a que, en 1911, Pere\nMa\u00f1ach inaugurara su nueva y provocadora tienda. Por recomendaci\u00f3n de Gaud\u00ed, <strong>fue Josep Maria Jujol quien se hizo cargo\nde la fachada y el interior de la tienda.<\/strong><\/p>\n\n\n\n<p>Bajo un\nprograma iconogr\u00e1fico profundamente religioso, como la alabanza a la Virgen, <strong>Jujol quiso alejarse de los\nconvencionalismos propios de un establecimiento comercial t\u00edpico de la \u00e9poca<\/strong>\ny plasm\u00f3 su capacidad creativa incuestionable en soluciones cercanas al\nsurrealismo: techos y paredes sin entregas en aristas y con vol\u00famenes de yeso\nimitando el mant\u00f3n de la Virgen; colores aplicados como \u00absalsas que se mezclan\ny cohetes que explotan\u00bb, seg\u00fan explicaba Jujol. Siguiendo con este concepto\norg\u00e1nico, Jujol concibi\u00f3 muebles como las sillas en forma de coraz\u00f3n con\nheridas sangrantes que expresan el potencial m\u00edstico del concepto.<\/p>\n\n\n\n<figure class=\"wp-block-gallery columns-2 is-cropped wp-block-gallery-4 is-layout-flex wp-block-gallery-is-layout-flex\"><ul class=\"blocks-gallery-grid\"><li class=\"blocks-gallery-item\"><figure><img loading=\"lazy\" decoding=\"async\" width=\"529\" height=\"367\" src=\"https:\/\/blog.museunacional.cat\/wp-content\/uploads\/Interior-botiga-1.jpg\" alt=\"\" data-id=\"18784\" data-full-url=\"https:\/\/blog.museunacional.cat\/wp-content\/uploads\/Interior-botiga-1.jpg\" data-link=\"https:\/\/blog.museunacional.cat\/els-alumnes-de-disseny-dinteriors-de-lescola-massana-visiten-el-museu-nacional-dart-de-catalunya-i\/interior-botiga-1\/\" class=\"wp-image-18784\" srcset=\"https:\/\/blog.museunacional.cat\/wp-content\/uploads\/Interior-botiga-1.jpg 529w, https:\/\/blog.museunacional.cat\/wp-content\/uploads\/Interior-botiga-1-300x208.jpg 300w\" sizes=\"auto, (max-width: 529px) 100vw, 529px\" \/><\/figure><\/li><li class=\"blocks-gallery-item\"><figure><img loading=\"lazy\" decoding=\"async\" width=\"620\" height=\"547\" src=\"https:\/\/blog.museunacional.cat\/wp-content\/uploads\/Cadires-1.jpg\" alt=\"\" data-id=\"19091\" data-full-url=\"https:\/\/blog.museunacional.cat\/wp-content\/uploads\/Cadires-1.jpg\" data-link=\"https:\/\/blog.museunacional.cat\/?attachment_id=19091\" class=\"wp-image-19091\" srcset=\"https:\/\/blog.museunacional.cat\/wp-content\/uploads\/Cadires-1.jpg 620w, https:\/\/blog.museunacional.cat\/wp-content\/uploads\/Cadires-1-300x265.jpg 300w\" sizes=\"auto, (max-width: 620px) 100vw, 620px\" \/><\/figure><\/li><\/ul><\/figure>\n\n\n\n<ul class=\"wp-block-list\"><li>Interior de la Casa Ma\u00f1ach, 1911. Arxiu Hist\u00f2ric del Col\u00b7legi d\u2019Arquitectes de Catalunya.<\/li><li>Sillas en forma de coraz\u00f3n sangrante (una de ellas es una r\u00e9plica) dise\u00f1adas para la Casa Ma\u00f1ach y pertenecientes a una colecci\u00f3n particular. Bedmar Fotografia.<\/li><\/ul>\n\n\n\n<h4 class=\"wp-block-heading\">Archivador de partituras<\/h4>\n\n\n\n<p>De esta\nrelaci\u00f3n profesional surgi\u00f3 una relaci\u00f3n de amistad muy fruct\u00edfera. Otro\nejemplo lo encontramos en los talleres de Gr\u00e0cia, de los que se conserva una\nl\u00e1mpara original y desconcertante con cristales de color y tres cabezas que\nparece surgir de un fondo marino imaginado por Julio Verne.<\/p>\n\n\n\n<p>Y finalmente llegamos a nuestro mueble protagonista, que form\u00f3 parte de un conjunto de mobiliario realizado hacia 1919 para la casa particular de Pere Ma\u00f1ach y Josefa Ochoa en la ronda de Sant Pere con motivo de su boda.<\/p>\n\n\n\n<figure class=\"wp-block-image size-large\"><img loading=\"lazy\" decoding=\"async\" width=\"527\" height=\"453\" src=\"https:\/\/blog.museunacional.cat\/wp-content\/uploads\/Jujol-llum.jpg\" alt=\"L\u00e1mpara de pared de Josep Maria Jujol\" class=\"wp-image-19094\" srcset=\"https:\/\/blog.museunacional.cat\/wp-content\/uploads\/Jujol-llum.jpg 527w, https:\/\/blog.museunacional.cat\/wp-content\/uploads\/Jujol-llum-300x258.jpg 300w\" sizes=\"auto, (max-width: 527px) 100vw, 527px\" \/><figcaption> L\u00e1mpara de pared. Cat\u00e1logo de la exposici\u00f3n&nbsp;<em><a href=\"https:\/\/www.museunacional.cat\/es\/jujol-dissenyador\">Jujol dissenyador<\/a><\/em>, Museu Nacional d&#8217;Art de Catalunya (17.05 \u2013 18.08.2002). Edici\u00f3n del Museu Nacional y Fundaci\u00f3 la Caixa. <\/figcaption><\/figure>\n\n\n\n<p>En este\ncaso Jujol aplica un procedimiento de lacado que, a diferencia de la refinada y\nsutil t\u00e9cnica japonesa milenaria del <em>urushi<\/em>,\nse elabora a base de una amalgama de materiales: goma laca y barnices. Trabaja frecuentemente\na partir de un conjunto heterog\u00e9neo de objetos que pertenecen al mundo que lo\nrodea, que a menudo podr\u00edamos clasificar como \u00abreciclados\u00bb: las maderas\nex\u00f3ticas dan paso a la madera de pino, material escasamente utilizado en el\nramo de la ebanister\u00eda. Los elementos ornamentales del mueble est\u00e1n elaborados asimismo\na partir de propuestas sencillas y enga\u00f1osas: tornillos revestidos de chapa de\ncobre, tiradores y ornamentos de cobre con formas retorcidas a modo de virutas,\nvidrio con textura de gotas de agua y m\u00faltiples incisiones redondas sobre la\nsuperficie, como un claveteado. El resultado es de una ambig\u00fcedad creativa\nevidente, a medio camino entre la pintura, el dise\u00f1o y la artesan\u00eda. <\/p>\n\n\n\n<p>No hay\nque olvidar que este escritorio, a pesar de ser un objeto con fines\nutilitarios, connota y sublima el universo espiritual y religioso del artista. Entre\nestos iconos religiosos destaca la silueta de la iglesia de Vistabella, pintada\nen la puerta central y que simula el perfil de la monta\u00f1a de Montserrat.<\/p>\n\n\n\n<div class=\"wp-block-jetpack-tiled-gallery aligncenter is-style-square\"><div class=\"tiled-gallery__gallery\"><div class=\"tiled-gallery__row columns-3\"><div class=\"tiled-gallery__col\"><figure class=\"tiled-gallery__item\"><a href=\"https:\/\/i0.wp.com\/blog.museunacional.cat\/wp-content\/uploads\/Adolfo-Lloret-1-1.jpg?ssl=1&amp;resize=516%2C516\"><img decoding=\"async\" srcset=\"https:\/\/i0.wp.com\/blog.museunacional.cat\/wp-content\/uploads\/Adolfo-Lloret-1-1.jpg?resize=516%2C516&#038;strip=info&#038;ssl=1 516w\" alt=\"\" data-height=\"516\" data-id=\"19101\" data-link=\"https:\/\/blog.museunacional.cat\/?attachment_id=19101\" data-url=\"https:\/\/blog.museunacional.cat\/wp-content\/uploads\/Adolfo-Lloret-1-1.jpg\" data-width=\"620\" src=\"https:\/\/i0.wp.com\/blog.museunacional.cat\/wp-content\/uploads\/Adolfo-Lloret-1-1.jpg?ssl=1&amp;resize=516%2C516\"\/><\/a><\/figure><\/div><div class=\"tiled-gallery__col\"><figure class=\"tiled-gallery__item\"><a href=\"https:\/\/i0.wp.com\/blog.museunacional.cat\/wp-content\/uploads\/Adolfo-Lloret-3-1.jpg?ssl=1&amp;resize=375%2C375\"><img decoding=\"async\" srcset=\"https:\/\/i0.wp.com\/blog.museunacional.cat\/wp-content\/uploads\/Adolfo-Lloret-3-1.jpg?resize=375%2C375&#038;strip=info&#038;ssl=1 375w\" alt=\"\" data-height=\"400\" data-id=\"19103\" data-link=\"https:\/\/blog.museunacional.cat\/?attachment_id=19103\" data-url=\"https:\/\/blog.museunacional.cat\/wp-content\/uploads\/Adolfo-Lloret-3-1.jpg\" data-width=\"375\" src=\"https:\/\/i0.wp.com\/blog.museunacional.cat\/wp-content\/uploads\/Adolfo-Lloret-3-1.jpg?ssl=1&amp;resize=375%2C375\"\/><\/a><\/figure><\/div><div class=\"tiled-gallery__col\"><figure class=\"tiled-gallery__item\"><a href=\"https:\/\/i2.wp.com\/blog.museunacional.cat\/wp-content\/uploads\/Adolfo-Lloret-2-1.jpg?ssl=1&amp;resize=300%2C300\"><img decoding=\"async\" srcset=\"https:\/\/i2.wp.com\/blog.museunacional.cat\/wp-content\/uploads\/Adolfo-Lloret-2-1.jpg?resize=300%2C300&#038;strip=info&#038;ssl=1 300w\" alt=\"\" data-height=\"400\" data-id=\"19102\" data-link=\"https:\/\/blog.museunacional.cat\/?attachment_id=19102\" data-url=\"https:\/\/blog.museunacional.cat\/wp-content\/uploads\/Adolfo-Lloret-2-1.jpg\" data-width=\"300\" src=\"https:\/\/i2.wp.com\/blog.museunacional.cat\/wp-content\/uploads\/Adolfo-Lloret-2-1.jpg?ssl=1&amp;resize=300%2C300\"\/><\/a><\/figure><\/div><\/div><\/div><\/div>\n\n\n\n<p class=\"has-text-align-center has-small-font-size\">Detalles del <em>Escritorio archivador de partituras<\/em>, 1919-1925. Fotograf\u00edas: Adolfo Lloret <\/p>\n\n\n\n<figure class=\"wp-block-gallery columns-2 is-cropped wp-block-gallery-5 is-layout-flex wp-block-gallery-is-layout-flex\"><ul class=\"blocks-gallery-grid\"><li class=\"blocks-gallery-item\"><figure><a href=\"https:\/\/blog.museunacional.cat\/wp-content\/uploads\/Adolfo-Lloret-4.jpg\"><img loading=\"lazy\" decoding=\"async\" width=\"615\" height=\"431\" src=\"https:\/\/blog.museunacional.cat\/wp-content\/uploads\/Adolfo-Lloret-4.jpg\" alt=\"\" data-id=\"19106\" data-full-url=\"https:\/\/blog.museunacional.cat\/wp-content\/uploads\/Adolfo-Lloret-4.jpg\" data-link=\"https:\/\/blog.museunacional.cat\/?attachment_id=19106\" class=\"wp-image-19106\" srcset=\"https:\/\/blog.museunacional.cat\/wp-content\/uploads\/Adolfo-Lloret-4.jpg 615w, https:\/\/blog.museunacional.cat\/wp-content\/uploads\/Adolfo-Lloret-4-300x210.jpg 300w\" sizes=\"auto, (max-width: 615px) 100vw, 615px\" \/><\/a><\/figure><\/li><li class=\"blocks-gallery-item\"><figure><a href=\"https:\/\/blog.museunacional.cat\/wp-content\/uploads\/Adolfo-Lloret-5.jpg\"><img loading=\"lazy\" decoding=\"async\" width=\"620\" height=\"434\" src=\"https:\/\/blog.museunacional.cat\/wp-content\/uploads\/Adolfo-Lloret-5.jpg\" alt=\"\" data-id=\"19107\" data-full-url=\"https:\/\/blog.museunacional.cat\/wp-content\/uploads\/Adolfo-Lloret-5.jpg\" data-link=\"https:\/\/blog.museunacional.cat\/?attachment_id=19107\" class=\"wp-image-19107\" srcset=\"https:\/\/blog.museunacional.cat\/wp-content\/uploads\/Adolfo-Lloret-5.jpg 620w, https:\/\/blog.museunacional.cat\/wp-content\/uploads\/Adolfo-Lloret-5-300x210.jpg 300w\" sizes=\"auto, (max-width: 620px) 100vw, 620px\" \/><\/a><\/figure><\/li><li class=\"blocks-gallery-item\"><figure><a href=\"https:\/\/blog.museunacional.cat\/wp-content\/uploads\/Carlos-Flores.jpg\"><img loading=\"lazy\" decoding=\"async\" width=\"598\" height=\"319\" src=\"https:\/\/blog.museunacional.cat\/wp-content\/uploads\/Carlos-Flores.jpg\" alt=\"\" data-id=\"19105\" data-full-url=\"https:\/\/blog.museunacional.cat\/wp-content\/uploads\/Carlos-Flores.jpg\" data-link=\"https:\/\/blog.museunacional.cat\/?attachment_id=19105\" class=\"wp-image-19105\" srcset=\"https:\/\/blog.museunacional.cat\/wp-content\/uploads\/Carlos-Flores.jpg 598w, https:\/\/blog.museunacional.cat\/wp-content\/uploads\/Carlos-Flores-300x160.jpg 300w\" sizes=\"auto, (max-width: 598px) 100vw, 598px\" \/><\/a><\/figure><\/li><\/ul><figcaption class=\"blocks-gallery-caption\"> Frontal del <em>Escritorio archivador de partituras<\/em> , 1919-1925 e iglesia de Vistabella. Fotograf\u00edas: Adolfo Lloret y Carlos Flores   <\/figcaption><\/figure>\n\n\n\n<h4 class=\"wp-block-heading\">Trascendencia<\/h4>\n\n\n\n<p>\u00bfHa influido este escritorio en\ndise\u00f1adores posteriores? En la historia del mueble reciente encontramos piezas\nque tienen connotaciones similares porque sus dise\u00f1adores han tenido o tienen\nun car\u00e1cter innovador y transgresor que comparten con Jujol. Estas piezas de\nmobiliario fueron tambi\u00e9n en un principio despreciadas por la cr\u00edtica del\nmomento y posteriormente se han convertido en \u00abcl\u00e1sicos\u00bb revalorizados. <\/p>\n\n\n\n<ul class=\"wp-block-list\"><li>Es el caso, por ejemplo, del sof\u00e1<a href=\"https:\/\/bdbarcelona.com\/es\/producto\/5\"> <em>Dalilips<\/em> de <strong>Salvador Dal\u00ed y \u00d3scar Tusquets<\/strong><\/a>, dise\u00f1ado en 1972 para la sala Mae West del Teatre-Museu Dal\u00ed de Figueres. Monocrom\u00e1tico, pero llamativo y atrevido. <\/li><\/ul>\n\n\n\n<ul class=\"wp-block-list\"><li>Una d\u00e9cada despu\u00e9s nace la <a href=\"https:\/\/www.moises-showroom.com\/muebles\/estanterias\/estanteria-carlton-memphis-milano\">estanter\u00eda <em>Carlton<\/em> (1981), de <strong>Ettore Sottass<\/strong><\/a> (Grupo Memphis), de car\u00e1cter na\u00edf pero de una singularidad irrepetible y con una gama crom\u00e1tica similar al escritorio de Jujol. <\/li><\/ul>\n\n\n\n<ul class=\"wp-block-list\"><li>Casualmente, un a\u00f1o antes (1980) en Valencia, <strong>Javier Mariscal<\/strong>, con su lenguaje art\u00edstico audaz y singular, dise\u00f1a junto con Fernando Salas el <a href=\"https:\/\/www.mariscal.com\/es\/proyectos\/122\/taburete-duplex\">taburete <em>D\u00faplex<\/em><\/a>, de formas asim\u00e9tricas pero funcionales y policrom\u00eda.<\/li><\/ul>\n\n\n\n<ul class=\"wp-block-list\"><li>Tambi\u00e9n de <strong>Mariscal<\/strong>, pero quince a\u00f1os despu\u00e9s (1995), el <a href=\"https:\/\/www.mariscal.com\/es\/proyectos\/81\/muebles-amorosos\">sill\u00f3n <em>Alessandra<\/em><\/a> forma parte de una colecci\u00f3n de muebles denominada \u00abMuebles amorosos\u00bb. Comparte similitudes est\u00e9ticas con el taburete <em>D\u00faplex<\/em>.<\/li><\/ul>\n\n\n\n<figure class=\"wp-block-gallery columns-2 wp-block-gallery-6 is-layout-flex wp-block-gallery-is-layout-flex\"><ul class=\"blocks-gallery-grid\"><li class=\"blocks-gallery-item\"><figure><a href=\"https:\/\/blog.museunacional.cat\/wp-content\/uploads\/Dalilips.jpg\"><img loading=\"lazy\" decoding=\"async\" width=\"620\" height=\"434\" src=\"https:\/\/blog.museunacional.cat\/wp-content\/uploads\/Dalilips.jpg\" alt=\"\" data-id=\"19110\" data-link=\"https:\/\/blog.museunacional.cat\/?attachment_id=19110\" class=\"wp-image-19110\" srcset=\"https:\/\/blog.museunacional.cat\/wp-content\/uploads\/Dalilips.jpg 620w, https:\/\/blog.museunacional.cat\/wp-content\/uploads\/Dalilips-300x210.jpg 300w\" sizes=\"auto, (max-width: 620px) 100vw, 620px\" \/><\/a><\/figure><\/li><li class=\"blocks-gallery-item\"><figure><a href=\"https:\/\/blog.museunacional.cat\/wp-content\/uploads\/Prestatgeria-Carlton.jpg\"><img loading=\"lazy\" decoding=\"async\" width=\"266\" height=\"400\" src=\"https:\/\/blog.museunacional.cat\/wp-content\/uploads\/Prestatgeria-Carlton.jpg\" alt=\"\" data-id=\"19111\" data-link=\"https:\/\/blog.museunacional.cat\/?attachment_id=19111\" class=\"wp-image-19111\" srcset=\"https:\/\/blog.museunacional.cat\/wp-content\/uploads\/Prestatgeria-Carlton.jpg 266w, https:\/\/blog.museunacional.cat\/wp-content\/uploads\/Prestatgeria-Carlton-200x300.jpg 200w\" sizes=\"auto, (max-width: 266px) 100vw, 266px\" \/><\/a><\/figure><\/li><li class=\"blocks-gallery-item\"><figure><a href=\"https:\/\/blog.museunacional.cat\/wp-content\/uploads\/Duplex-Mariscal.jpg\"><img loading=\"lazy\" decoding=\"async\" width=\"295\" height=\"400\" src=\"https:\/\/blog.museunacional.cat\/wp-content\/uploads\/Duplex-Mariscal.jpg\" alt=\"\" data-id=\"19112\" data-link=\"https:\/\/blog.museunacional.cat\/?attachment_id=19112\" class=\"wp-image-19112\" srcset=\"https:\/\/blog.museunacional.cat\/wp-content\/uploads\/Duplex-Mariscal.jpg 295w, https:\/\/blog.museunacional.cat\/wp-content\/uploads\/Duplex-Mariscal-221x300.jpg 221w\" sizes=\"auto, (max-width: 295px) 100vw, 295px\" \/><\/a><\/figure><\/li><li class=\"blocks-gallery-item\"><figure><a href=\"https:\/\/blog.museunacional.cat\/wp-content\/uploads\/Moroso-Mariscal.jpg\"><img loading=\"lazy\" decoding=\"async\" width=\"400\" height=\"400\" src=\"https:\/\/blog.museunacional.cat\/wp-content\/uploads\/Moroso-Mariscal.jpg\" alt=\"\" data-id=\"19113\" data-link=\"https:\/\/blog.museunacional.cat\/?attachment_id=19113\" class=\"wp-image-19113\" srcset=\"https:\/\/blog.museunacional.cat\/wp-content\/uploads\/Moroso-Mariscal.jpg 400w, https:\/\/blog.museunacional.cat\/wp-content\/uploads\/Moroso-Mariscal-300x300.jpg 300w, https:\/\/blog.museunacional.cat\/wp-content\/uploads\/Moroso-Mariscal-150x150.jpg 150w\" sizes=\"auto, (max-width: 400px) 100vw, 400px\" \/><\/a><\/figure><\/li><\/ul><\/figure>\n\n\n\n<h4 class=\"wp-block-heading\">Recomendaciones<\/h4>\n\n\n\n<p>Este\na\u00f1o se cumplen 140 a\u00f1os del nacimiento de Josep Maria Jujol y 70 de su muerte,\ny el Ayuntamiento de Sant Joan Desp\u00ed, ciudad donde Jujol tiene una gran\ncantidad de obras y de la que fue arquitecto municipal \u2014como he dicho antes\u2014,\nha organizado un evento llamado \u00abEl A\u00f1o Jujol 140\u00bb para difundir su figura. Las\nactividades se prolongar\u00e1n hasta septiembre y se pueden consultar en la web <a href=\"http:\/\/jujol140.cat\/es\/\">http:\/\/jujol140.cat\/es\/<\/a>.<\/p>\n\n\n\n<p>Para\ncompletar datos interesantes sobre la obra de Jujol, dejamos este enlace de un\ndocumental producido en 2002 donde su hijo, sus compa\u00f1eros y varios alumnos,\nentre otros, aportan informaci\u00f3n relevante sobre este artista de primer orden.<\/p>\n\n\n\n<figure class=\"wp-block-embed-youtube wp-block-embed is-type-video is-provider-youtube wp-embed-aspect-16-9 wp-has-aspect-ratio\"><div class=\"wp-block-embed__wrapper\">\nhttps:\/\/youtu.be\/-8elmTGfwfY\n<\/div><\/figure>\n\n\n\n<p><strong>\u00abPero ya de peque\u00f1o se extasiaba ante las\npuestas de sol tarraconenses, con las nubes rojas que cambiaban de color\u00bb,<\/strong> recuerda Josep Maria Jujol hijo\nsobre el misterioso potencial creativo del arquitecto.<\/p>\n","protected":false},"excerpt":{"rendered":"<p>Esta semana compartimos tres nuevas propuestas de los estudiantes de segundo curso del ciclo formativo de grado superior de Proyectos y Direcci\u00f3n de Obras de Decoraci\u00f3n de la Escuela Massana. Pod\u00e9is recuperar los art\u00edculos de la semana pasada aqu\u00ed. &nbsp; La marqueter\u00eda de Gaspar Homar ESTER COBLES P\u00c9REZ y SOL URBANO MORALES El final del&#8230;<\/p>\n","protected":false},"author":47,"featured_media":19236,"comment_status":"open","ping_status":"open","sticky":false,"template":"","format":"standard","meta":{"_jetpack_memberships_contains_paid_content":false,"footnotes":""},"categories":[32,1,3],"tags":[754,461,494,497],"class_list":["post-19022","post","type-post","status-publish","format-standard","has-post-thumbnail","hentry","category-educacion","category-general","category-general-es","tag-aprendizaje","tag-creatividad","tag-educacion-artistica","tag-educacion-patrimonial","author-guest"],"jetpack_featured_media_url":"https:\/\/blog.museunacional.cat\/wp-content\/uploads\/Imatge-cap\u00e7alera-2a-part.jpg","jetpack_sharing_enabled":true,"jetpack_shortlink":"https:\/\/wp.me\/p4tWCI-4WO","_links":{"self":[{"href":"https:\/\/blog.museunacional.cat\/es\/wp-json\/wp\/v2\/posts\/19022","targetHints":{"allow":["GET"]}}],"collection":[{"href":"https:\/\/blog.museunacional.cat\/es\/wp-json\/wp\/v2\/posts"}],"about":[{"href":"https:\/\/blog.museunacional.cat\/es\/wp-json\/wp\/v2\/types\/post"}],"author":[{"embeddable":true,"href":"https:\/\/blog.museunacional.cat\/es\/wp-json\/wp\/v2\/users\/47"}],"replies":[{"embeddable":true,"href":"https:\/\/blog.museunacional.cat\/es\/wp-json\/wp\/v2\/comments?post=19022"}],"version-history":[{"count":75,"href":"https:\/\/blog.museunacional.cat\/es\/wp-json\/wp\/v2\/posts\/19022\/revisions"}],"predecessor-version":[{"id":22165,"href":"https:\/\/blog.museunacional.cat\/es\/wp-json\/wp\/v2\/posts\/19022\/revisions\/22165"}],"wp:featuredmedia":[{"embeddable":true,"href":"https:\/\/blog.museunacional.cat\/es\/wp-json\/wp\/v2\/media\/19236"}],"wp:attachment":[{"href":"https:\/\/blog.museunacional.cat\/es\/wp-json\/wp\/v2\/media?parent=19022"}],"wp:term":[{"taxonomy":"category","embeddable":true,"href":"https:\/\/blog.museunacional.cat\/es\/wp-json\/wp\/v2\/categories?post=19022"},{"taxonomy":"post_tag","embeddable":true,"href":"https:\/\/blog.museunacional.cat\/es\/wp-json\/wp\/v2\/tags?post=19022"}],"curies":[{"name":"wp","href":"https:\/\/api.w.org\/{rel}","templated":true}]}}