
{"id":17556,"date":"2019-11-21T13:06:34","date_gmt":"2019-11-21T13:07:36","guid":{"rendered":"https:\/\/blog.museunacional.cat\/?p=17556"},"modified":"2019-12-11T12:19:41","modified_gmt":"2019-12-11T12:19:41","slug":"francesc-pausas-y-cuba","status":"publish","type":"post","link":"https:\/\/blog.museunacional.cat\/es\/francesc-pausas-y-cuba\/","title":{"rendered":"Francesc Pausas y Cuba"},"content":{"rendered":"\n<p class=\"has-small-font-size\">S\u00edlvia\nLanceta y Juli G. Pausas<\/p>\n\n\n\n<p>Hace unos meses presentamos en este blog la figura del pintor modernista catal\u00e1n <a aria-label=\" (opens in a new tab)\" href=\"https:\/\/www.uv.es\/jgpausas\/francesc_pausas.htm\" target=\"_blank\" rel=\"noreferrer noopener\">Francesc Pausas i Coll<\/a>, y las obras que de \u00e9l conservaba el <a href=\"https:\/\/blog.museunacional.cat\/es\/maria-sampere-y-francesc-pausas-al-museu-nacional-dart-de-catalunya\/\">M<\/a><a aria-label=\"u (opens in a new tab)\" href=\"https:\/\/blog.museunacional.cat\/es\/maria-sampere-y-francesc-pausas-al-museu-nacional-dart-de-catalunya\/\" target=\"_blank\" rel=\"noreferrer noopener\">u<\/a><a href=\"https:\/\/blog.museunacional.cat\/es\/maria-sampere-y-francesc-pausas-al-museu-nacional-dart-de-catalunya\/\">seu Nacional d&#8217;Art de Catalunya<\/a>.<\/p>\n\n\n\n<p>Le dejamos viviendo y trabajando en Nueva York. Ahora le seguiremos hasta La Habana, ciudad desde donde recibi\u00f3 numerosos encargos y donde se traslad\u00f3 con su familia a principios de los a\u00f1os 20.<\/p>\n\n\n\n<h3 class=\"wp-block-heading\">El primer Pausas que se relaciona con La Habana<\/h3>\n\n\n\n<p>El primer cuadro que vincula a Pausas con Cuba es el <em>Retrato de Orestes Ferrara<\/em>, pintado en Nueva York en 1914. Orestes Ferrara, abogado, periodista y pol\u00edtico influente en la vida p\u00fablica cubana, fue un gran admirador de Francesc Pausas i Coll.&nbsp; <\/p>\n\n\n\n<p>Actualmente, el retrato de Ferrara se encuentra en la entrada del <a aria-label=\" (opens in a new tab)\" href=\"https:\/\/www.ecured.cu\/Museo_Napole\u00f3nico_de_La_Habana\" target=\"_blank\" rel=\"noreferrer noopener\">Museo Napole\u00f3nico de La Habana<\/a>, antiguo Palacio de Ferrara; el \u00fanico cuadro, que sepamos, expuesto al p\u00fablico en la isla antillana.&nbsp; Junto al retrato, en la cartela se lee \u00abF. Paiyas\u00bb. Avisamos al museo del error el pasado julio de 2019. <\/p>\n\n\n\n<figure class=\"wp-block-image\"><a href=\"https:\/\/blog.museunacional.cat\/wp-content\/uploads\/Retrat-OrestesFerrara-1914.jpg\"><img loading=\"lazy\" decoding=\"async\" width=\"171\" height=\"300\" src=\"https:\/\/blog.museunacional.cat\/wp-content\/uploads\/Retrat-OrestesFerrara-1914-171x300.jpg\" alt=\"\" class=\"wp-image-17548\" srcset=\"https:\/\/blog.museunacional.cat\/wp-content\/uploads\/Retrat-OrestesFerrara-1914-171x300.jpg 171w, https:\/\/blog.museunacional.cat\/wp-content\/uploads\/Retrat-OrestesFerrara-1914-768x1348.jpg 768w, https:\/\/blog.museunacional.cat\/wp-content\/uploads\/Retrat-OrestesFerrara-1914-583x1024.jpg 583w, https:\/\/blog.museunacional.cat\/wp-content\/uploads\/Retrat-OrestesFerrara-1914.jpg 1306w\" sizes=\"auto, (max-width: 171px) 100vw, 171px\" \/><\/a><\/figure>\n\n\n\n<p class=\"has-small-font-size\"><em>Retrato de Orestes Ferrara<\/em>,  Francesc Pausas, 1914<\/p>\n\n\n\n<h3 class=\"wp-block-heading\">Una d\u00e9cada prol\u00edfica en la pintura de Pausas (1919 \u2013 1929)<\/h3>\n\n\n\n<p>En 1917, todav\u00eda en Nueva York, Pausas retrata al secretario de Estado cubano, <a aria-label=\" (opens in a new tab)\" href=\"https:\/\/en.wikipedia.org\/wiki\/Aurelio_Hevia\" target=\"_blank\" rel=\"noreferrer noopener\">Aurelio Hevia<\/a>. Asimismo, fue Josep Marimon i Juliach, presidente del Banco Espa\u00f1ol en la isla de Cuba quien, impresionado por el prestigio de Pausas en Estados Unidos y por la calidad de sus \u00f3leos, le invita a La Habana. <\/p>\n\n\n\n<p>A finales de 1918, Pausas viaja por primera vez a Cuba, donde retratar\u00e1 a personalidades destacadas del mundo pol\u00edtico y empresarial. Pronto se convirti\u00f3 en un pintor reputado y los encargos fueron tantos que volvi\u00f3 el invierno siguiente. <\/p>\n\n\n\n<p>No conocemos con exactitud el a\u00f1o en que la familia Pausas Sampere se traslada definitivamente a La Habana, pero seguramente fue a principios de la d\u00e9cada de los a\u00f1os 20. Dir\u00edamos que no m\u00e1s tarde de 1923, si prestamos atenci\u00f3n a las cartas que el amigo Ram\u00f3n Vilar\u00f3 le enviaba ya a esta ciudad; y el diario de Ana\u00efs Nin, en el que la escritora, el 18 de junio de 1924 recuerda que Mar\u00eda Sampere le hab\u00eda vendido los muebles (suponemos que los de la casa de Nueva York para trasladarse a vivir en la Habana). <\/p>\n\n\n\n<p>Desde un inicio, Pausas se vincul\u00f3 a la vida cultural y art\u00edstica de la Ciudad antillana. Se hizo socio de la Asociaci\u00f3n de pintores y escultores de La Habana y participo en los Salones de Bellas Artes de la Ciudad de 1921, 1922 y 1928.<\/p>\n\n\n\n<p>En agosto de 1922 Pausas pinta unos cuadros decorativos para una de las salas del Casino de la playa de Marianao, donde hab\u00eda instalado el estudio y desde donde segu\u00eda dedic\u00e1ndose al retrato. Lamentablemente, el Casino ya no existe, por lo cual no se pueden ver los cuadros que lo decoraban. <\/p>\n\n\n\n<h3 class=\"wp-block-heading\">El \u00e9xito de la exposici\u00f3n de Pausas en el convento de Santa Catalina <\/h3>\n\n\n\n<p>En marzo de 1920, Pausas decora el trascoro del antiguo convento de Santa Catalina, actualmente desaparecido, y expone 47 cuadros. Entre ellos, destacamos algunos que aparecen nombrados como los m\u00e1s importantes en <em>el Diccionario de artistas pl\u00e1sticos de Cuba<\/em> &nbsp;(A. Rodr\u00edguez Morey, 2013): &nbsp;<em>Primavera<\/em> (retrato de Nena Conangla Tom\u00e1s), <em>Mi padre pol\u00edtico<\/em> (Jos\u00e9 Sampere), <em>Retrato de la Sra de Marim\u00f3n <\/em>(Caridad Salas)<em>, Retrato de Jos\u00e9 Marim\u00f3n, Mar\u00eda Gay en Carmen, Retrato del Dr Julio de la Torre, Mi mujer, Auto-Retrato, Retrato del Coronel Hevia, Mi madre (Leonor Coll), Anocheciendo, Cabo de Creus, Lolita, Retrato de la Sra de Ferrara <\/em>(Ma. Luisa S\u00e1nchez)<em>, Retrato del Sr. Bonet, Retrato de la Sra Duque <\/em>y <em>Apasionatta.<\/em><\/p>\n\n\n\n<p>Se editaron ocho mil cat\u00e1logos de la exposici\u00f3n, se vendieron muchos de los cuadros y la prensa cubana se hizo eco de ello. \u00abEl \u00e9xito de la exposici\u00f3n de Pausas ha superado en todos los sentidos el de las otras exhibiciones art\u00edsticas efectuadas en La Habana. Y esta afirmaci\u00f3n la justifican todos los peri\u00f3dicos y revistas, por la unanimidad de criterio con el que han elogiado entusiastas del arte de nuestro excelente pintor, uno de los m\u00e1s destacables que han pasado por La Habana, y el mejor sin duda, en el dif\u00edcil g\u00e9nero del retrato.\u00bb As\u00ed iniciaba <em>La Nova Catalunya <\/em>de marzo de 1920 el reportaje dedicado a la exposici\u00f3n; y continuaba con el resumen de los comentarios hechos en otros diarios cubanos, como <em>Heraldo de Cuba, Diario de la Marina, La Prensa, La Noche, El Mundo&#8230;<\/em>&nbsp; <\/p>\n\n\n\n<h3 class=\"wp-block-heading\">El retrato de Maria Sampere, expuesto en La Habana<\/h3>\n\n\n\n<p><em>Mi Mujer,<\/em> el retrato de Maria Sampere i Montseny, actualmente expuesto en el Museu Nacional d&#8217;Art de Catalunya y del que hablamos en la primera parte de este art\u00edculo, tambi\u00e9n se expuso en el convento de Santa Catalina. Era la segunda vez que este retrato de 1911 se expon\u00eda al p\u00fablico. \u00abEn el retrato de su esposa, que aparece ataviada con traje y sombrero negro y destac\u00e1ndose en un fondo neutro, Pausas ha resuelto un dif\u00edcil problema de t\u00e9cnica. Ese retrato es una verdadera maravilla,\u00bb <em>Bohemia<\/em>, 21 de marzo de 1920. La revista cubana describe minuciosamente el resto de retratos de la exposici\u00f3n. <\/p>\n\n\n\n<figure class=\"wp-block-image\"><a href=\"https:\/\/www.museunacional.cat\/sites\/default\/files\/040912-000_3490-010ret.jpg\" target=\"_blank\" rel=\"noreferrer noopener\"><img loading=\"lazy\" decoding=\"async\" width=\"126\" height=\"300\" src=\"https:\/\/blog.museunacional.cat\/wp-content\/uploads\/040912-000_3490-010ret-126x300.jpg\" alt=\"\" class=\"wp-image-17549\" srcset=\"https:\/\/blog.museunacional.cat\/wp-content\/uploads\/040912-000_3490-010ret-126x300.jpg 126w, https:\/\/blog.museunacional.cat\/wp-content\/uploads\/040912-000_3490-010ret.jpg 251w\" sizes=\"auto, (max-width: 126px) 100vw, 126px\" \/><\/a><\/figure>\n\n\n\n<p class=\"has-small-font-size\"><em><a aria-label=\"Retrato de Maria Sampere, mujer del pintor (opens in a new tab)\" href=\"https:\/\/www.museunacional.cat\/es\/colleccio\/retrato-de-maria-sampere-esposa-del-pintor\/francesc-pausas\/040912-000\" target=\"_blank\" rel=\"noreferrer noopener\">Retrato de Maria Sampere, mujer del pintor<\/a><\/em>, Francesc Pausas i Coll, 1911<\/p>\n\n\n\n<p>Tambi\u00e9n se habla de este retrato en <em>Vida catalana<\/em>, n\u00fam. 211 (La Habana, mayo de 1920): \u00abEntre estos retratos y en los que solamente ha querido hacer arte por excelencia, destacan unos cuantos que afirman la celebridad de la cual disfruta [SIC]. Aquel denominado \u201cMi mujer\u201d por ejemplo, solo falta que se pague una suma fabulosa para que tanga la recuesta de un Rembrant, lo que no ver\u00e1 \u00e9l en vida, ni se regocij\u00f3 de tal satisfacci\u00f3n el inmortal maestro holand\u00e9s\u00bb.<\/p>\n\n\n\n<h3 class=\"wp-block-heading\">Pausas y el Centro Catal\u00e1n en La Habana Pausas<\/h3>\n\n\n\n<p>&nbsp;Pausas conect\u00f3 con el Centro Catal\u00e1n de La\nHabana y las actividades que organizaba. El 1924, el artista se encarg\u00f3,\njuntamente con el pintor Garcia Escarr\u00e9 y el mueblista Anton Agramunt, de la\ndecoraci\u00f3n art\u00edstica de la nueva sede del centro, en el antiguo Palacio\nMontalvo. Este mismo a\u00f1o, el centro celebra un banquete en homenaje a Pausas,\nen los Jardines de la Tropical.<\/p>\n\n\n\n<figure class=\"wp-block-image\"><a href=\"https:\/\/blog.museunacional.cat\/wp-content\/uploads\/1922_Membres-del-Centre-Catal\u00e0-de-LHavana.jpg\"><img loading=\"lazy\" decoding=\"async\" width=\"300\" height=\"228\" src=\"https:\/\/blog.museunacional.cat\/wp-content\/uploads\/1922_Membres-del-Centre-Catal\u00e0-de-LHavana-300x228.jpg\" alt=\"\" class=\"wp-image-17550\" srcset=\"https:\/\/blog.museunacional.cat\/wp-content\/uploads\/1922_Membres-del-Centre-Catal\u00e0-de-LHavana-300x228.jpg 300w, https:\/\/blog.museunacional.cat\/wp-content\/uploads\/1922_Membres-del-Centre-Catal\u00e0-de-LHavana.jpg 591w\" sizes=\"auto, (max-width: 300px) 100vw, 300px\" \/><\/a><\/figure>\n\n\n\n<p class=\"has-small-font-size\">Miembros del Centro Catal\u00e1n de La Habana, al casino de La Playa de Marianao (La Habana). De izquierda a derecha: Josep Pineda i Fargas, Francesc Molla i Presas, <strong>Francesc Pausas i Coll<\/strong>, Josep Conangla i Fontanilles, Pere Pons Cerc\u00f3s, Claudi Mim\u00f3 i Caba, y Joaquim Muntal i Gramunt [Fuente: <em>La Nova Catalunya<\/em>, n\u00fam. 254, agosto 1922]  <\/p>\n\n\n\n<p>Pausas mantuvo una relaci\u00f3n estrecha con los\ncatalanes de La Habana, especialmente con Josep Conangla i Fontanilles\n(Montblanc, 1875 \u00ad\u00ad\u2013 La Habana, 1965), periodista destacado, uno de los\nfumadores de <em>La Nova Catalunya<\/em> y\nredactor de la Constituci\u00f3n provisional de la Rep\u00fablica Catalana. Y pint\u00f3 los\nretratos de Francesc Molla, ex-presidente del Centro Catal\u00e1n (1922) y de Eudald\nRomagosa, presidente de honor de la Sociedad de Beneficencia de Naturales de\nCatalu\u00f1a. El <em>Retrato del Sr. Romagosa<\/em>\n(1928), actualmente, decora uno de los despachos de la sede actual de la\nSociedad de Beneficencia de Naturales de Catalu\u00f1a. <\/p>\n\n\n\n<figure class=\"wp-block-image\"><a href=\"https:\/\/blog.museunacional.cat\/wp-content\/uploads\/Retrat-Eudald-Romagosa-1928.jpg\"><img loading=\"lazy\" decoding=\"async\" width=\"255\" height=\"300\" src=\"https:\/\/blog.museunacional.cat\/wp-content\/uploads\/Retrat-Eudald-Romagosa-1928-255x300.jpg\" alt=\"\" class=\"wp-image-17551\" srcset=\"https:\/\/blog.museunacional.cat\/wp-content\/uploads\/Retrat-Eudald-Romagosa-1928-255x300.jpg 255w, https:\/\/blog.museunacional.cat\/wp-content\/uploads\/Retrat-Eudald-Romagosa-1928-768x903.jpg 768w, https:\/\/blog.museunacional.cat\/wp-content\/uploads\/Retrat-Eudald-Romagosa-1928-871x1024.jpg 871w, https:\/\/blog.museunacional.cat\/wp-content\/uploads\/Retrat-Eudald-Romagosa-1928.jpg 1789w\" sizes=\"auto, (max-width: 255px) 100vw, 255px\" \/><\/a><\/figure>\n\n\n\n<p class=\"has-small-font-size\"><em>Retrato de Eudald Romagona<\/em>, Francesc Pausas, 1928<\/p>\n\n\n\n<p>El archivo conserva, entre otros documentos y publicaciones, <em>La Nova Catalunya<\/em>. Esta revista, de car\u00e1cter marcadamente pol\u00edtico, permite que nos adentremos en un tiempo y en un espacio en el que vivi\u00f3 Pausas. Un Pausas cosmopolita, como el arte que \u00e9l admiraba y anhelaba conseguir. Este adentrarnos en su momento puede que nos ayude a entender uno de los silencios de los que habl\u00e1bamos en la entrada <a aria-label=\" (opens in a new tab)\" href=\"https:\/\/blog.museunacional.cat\/es\/maria-sampere-y-francesc-pausas-al-museu-nacional-dart-de-catalunya\/\" target=\"_blank\" rel=\"noreferrer noopener\">Maria Sampere y Francesc Pausas en el Museu Nacional d&#8217;Art de Catalunya<\/a>.&nbsp; <\/p>\n\n\n\n<h3 class=\"wp-block-heading\">Cien a\u00f1os despu\u00e9s<\/h3>\n\n\n\n<p>Son\ninnumerables los cuadros que Pausas pint\u00f3 en Cuba. Pero de muchos de ellos\ndesconocemos d\u00f3nde podr\u00edan estar ahora, porque ha llovido mucho desde entonces,\nincluso una revoluci\u00f3n. Continuaremos indagando para saber de qu\u00e9 pared cuelgan\nhoy. Por ejemplo, d\u00f3nde est\u00e1 <em>Carnaval<\/em>,\nuna composici\u00f3n de grandes dimensiones donde aparecen tres chicas disfrazadas:\nuna de arlequ\u00edn, otra de china y la tercera con torera, sentada en primer plano\nsobre un mant\u00f3n de Manila. <\/p>\n\n\n\n<figure class=\"wp-block-image\"><img loading=\"lazy\" decoding=\"async\" width=\"221\" height=\"300\" src=\"https:\/\/blog.museunacional.cat\/wp-content\/uploads\/Carnaval_editada-221x300.jpg\" alt=\"\" class=\"wp-image-17671\" srcset=\"https:\/\/blog.museunacional.cat\/wp-content\/uploads\/Carnaval_editada-221x300.jpg 221w, https:\/\/blog.museunacional.cat\/wp-content\/uploads\/Carnaval_editada-768x1044.jpg 768w, https:\/\/blog.museunacional.cat\/wp-content\/uploads\/Carnaval_editada-753x1024.jpg 753w\" sizes=\"auto, (max-width: 221px) 100vw, 221px\" \/><\/figure>\n\n\n\n<p class=\"has-small-font-size\"><em>Carnaval<\/em>, de Francesc Pausas. Localizaci\u00f3n desconocida<\/p>\n\n\n\n<p>En 1947, Maria Sampere regal\u00f3 <em>Carnaval <\/em>al amigo Conangla. Seg\u00fan sus descendientes, el cuadro se qued\u00f3 en la isla, cuando la familia la abandon\u00f3 a finales de los 60. Quiz\u00e1 alguien leer\u00e1 estas l\u00edneas y nos lo pueda hacer saber. <\/p>\n\n\n\n<p>Cien a\u00f1os despu\u00e9s, encontrar vestigios testimoniales del paso de Francesc Pausas por La Habana \u2013una d\u00e9cada prol\u00edfica en su trayectoria art\u00edstica\u2013 ha supuesto un verdadero reto, porque a menudo la Historia elimina la Historia que la precede. Tal vez esto, explica otro silencio. <\/p>\n\n\n\n<h3 class=\"wp-block-heading\">Enlaces relacionados<\/h3>\n\n\n\n<p><a aria-label=\" (opens in a new tab)\" href=\"https:\/\/blog.museunacional.cat\/es\/maria-sampere-y-francesc-pausas-al-museu-nacional-dart-de-catalunya\/\" target=\"_blank\" rel=\"noreferrer noopener\">Maria Sampere y Francesc Pausas en el Museu Nacional d\u2019Art de Catalunya<\/a><\/p>\n\n\n\n<p><a aria-label=\"Obras de Francesc Pausas en el cat\u00e1logo online del museo (opens in a new tab)\" href=\"https:\/\/www.museunacional.cat\/es\/advanced-piece-search?title_1=pausas&amp;title=&amp;field_piece_inventory_number_value=&amp;keys=\" target=\"_blank\" rel=\"noreferrer noopener\">Obras de Francesc Pausas en el cat\u00e1logo online del museo<\/a><\/p>\n\n\n\n<p><a aria-label=\" (opens in a new tab)\" href=\"https:\/\/www.uv.es\/jgpausas\/francisco_pausas.htm\" target=\"_blank\" rel=\"noreferrer noopener\">Francesc Pausas Coll (1877 \u2013 1944), pintor universal y desconocido<\/a> <\/p>\n\n\n\n<p class=\"has-small-font-size\"><strong>S\u00edlvia Lanceta y Juli G. Pausas<\/strong><\/p>\n","protected":false},"excerpt":{"rendered":"<p>S\u00edlvia Lanceta y Juli G. Pausas Hace unos meses presentamos en este blog la figura del pintor modernista catal\u00e1n Francesc Pausas i Coll, y las obras que de \u00e9l conservaba el Museu Nacional d&#8217;Art de Catalunya. Le dejamos viviendo y trabajando en Nueva York. Ahora le seguiremos hasta La Habana, ciudad desde donde recibi\u00f3 numerosos&#8230;<\/p>\n","protected":false},"author":47,"featured_media":0,"comment_status":"open","ping_status":"open","sticky":false,"template":"","format":"standard","meta":{"_jetpack_memberships_contains_paid_content":false,"footnotes":""},"categories":[14,1],"tags":[394,269],"class_list":["post-17556","post","type-post","status-publish","format-standard","hentry","category-coleccion","category-general","tag-arte-moderno","tag-pintura-es","author-guest"],"jetpack_featured_media_url":"","jetpack_sharing_enabled":true,"jetpack_shortlink":"https:\/\/wp.me\/p4tWCI-4za","_links":{"self":[{"href":"https:\/\/blog.museunacional.cat\/es\/wp-json\/wp\/v2\/posts\/17556","targetHints":{"allow":["GET"]}}],"collection":[{"href":"https:\/\/blog.museunacional.cat\/es\/wp-json\/wp\/v2\/posts"}],"about":[{"href":"https:\/\/blog.museunacional.cat\/es\/wp-json\/wp\/v2\/types\/post"}],"author":[{"embeddable":true,"href":"https:\/\/blog.museunacional.cat\/es\/wp-json\/wp\/v2\/users\/47"}],"replies":[{"embeddable":true,"href":"https:\/\/blog.museunacional.cat\/es\/wp-json\/wp\/v2\/comments?post=17556"}],"version-history":[{"count":7,"href":"https:\/\/blog.museunacional.cat\/es\/wp-json\/wp\/v2\/posts\/17556\/revisions"}],"predecessor-version":[{"id":17751,"href":"https:\/\/blog.museunacional.cat\/es\/wp-json\/wp\/v2\/posts\/17556\/revisions\/17751"}],"wp:attachment":[{"href":"https:\/\/blog.museunacional.cat\/es\/wp-json\/wp\/v2\/media?parent=17556"}],"wp:term":[{"taxonomy":"category","embeddable":true,"href":"https:\/\/blog.museunacional.cat\/es\/wp-json\/wp\/v2\/categories?post=17556"},{"taxonomy":"post_tag","embeddable":true,"href":"https:\/\/blog.museunacional.cat\/es\/wp-json\/wp\/v2\/tags?post=17556"}],"curies":[{"name":"wp","href":"https:\/\/api.w.org\/{rel}","templated":true}]}}