
{"id":14718,"date":"2018-11-15T12:49:36","date_gmt":"2018-11-14T17:18:25","guid":{"rendered":"http:\/\/blog.museunacional.cat\/?p=14718"},"modified":"2020-03-02T13:10:59","modified_gmt":"2020-03-02T13:10:59","slug":"el-teatro-y-la-pintura-de-santiago-rusinol-en-las-salas-del-museu-nacional","status":"publish","type":"post","link":"https:\/\/blog.museunacional.cat\/es\/el-teatro-y-la-pintura-de-santiago-rusinol-en-las-salas-del-museu-nacional\/","title":{"rendered":"El teatro y la pintura de Santiago Rusi\u00f1ol en las salas del Museu Nacional"},"content":{"rendered":"<h6>Eduard Vall\u00e8s<\/h6>\n<p>El museo del futuro, y tambi\u00e9n el del presente, tiene que trascender las paredes y las disciplinas propias a partir de la colaboraci\u00f3n institucional, un rol que, desde hace a\u00f1os, el Museu Nacional ya tiene interiorizado.<\/p>\n<h3>La colaboraci\u00f3n entre el museo y el <a href=\"https:\/\/www.tnc.cat\/es\/home\" target=\"_blank\" rel=\"noopener noreferrer\">Teatre Nacional de Catalunya<\/a> (TNC)<\/h3>\n<p>Durante 2018 se ha producido la primera colaboraci\u00f3n entre dos entidades que hist\u00f3ricamente han funcionado en registros y par\u00e1metros bastante diferentes, pero que las circunstancias y un personaje muy concreto han situado en una sugerente intersecci\u00f3n. El responsable es el pintor, escritor, dramaturgo y coleccionista <a href=\"https:\/\/es.wikipedia.org\/wiki\/Santiago_Rusi%C3%B1ol\">Santiago Rusi\u00f1ol<\/a>. No hay otra personalidad m\u00e1s indicada para iniciar esta colaboraci\u00f3n, ya que Rusi\u00f1ol no solo fue artista y dramaturgo, sino que accedi\u00f3 a esas dos condiciones con m\u00e1ximos honores. Actualmente, \u00e9poca de especializaciones, ser\u00eda impensable que surgiera \u2013o, mejor dicho, que permitieran surgir\u2013 alguien que fuera m\u00e1xima figura en el teatro y en las artes pl\u00e1sticas a la vez.<\/p>\n<p>El punto de partida de esta colaboraci\u00f3n ha sido la <a href=\"https:\/\/www.tnc.cat\/es\/epicentro-santiago-rusinyol\" target=\"_blank\" rel=\"noopener noreferrer\">programaci\u00f3n oto\u00f1al de este a\u00f1o del TNC, protagonizada por Rusi\u00f1ol<\/a>, con dos de sus piezas m\u00e1s destacadas: <em>Los juegos florales de Canprosa<\/em> y <em>La ni\u00f1a gorda<\/em>.<\/p>\n<h3>Rusi\u00f1ol, y el sentido de la modernidad<\/h3>\n<p>El motivo es que Rusi\u00f1ol no es solo uno de los artistas m\u00e1s y mejor representados en nuestras colecciones, sino que su papel va m\u00e1s all\u00e1 de la vertiente estrictamente pl\u00e1stica: Rusi\u00f1ol es, junto con <a href=\"https:\/\/es.wikipedia.org\/wiki\/Ram%C3%B3n_Casas\" target=\"_blank\" rel=\"noopener noreferrer\">Ramon Casas<\/a>, el gran pionero del acceso a la modernidad del arte catal\u00e1n durante uno de sus per\u00edodos m\u00e1s brillantes, entre finales del siglo xix y principios del siglo xx.<\/p>\n<div id=\"attachment_14702\" style=\"width: 338px\" class=\"wp-caption alignnone\"><a href=\"https:\/\/blog.museunacional.cat\/wp-content\/uploads\/Retrat-de-Santiago-Rusi\u00f1ol-Ramon-Casas.jpg\" target=\"_blank\" rel=\"noopener noreferrer\"><img loading=\"lazy\" decoding=\"async\" aria-describedby=\"caption-attachment-14702\" class=\"wp-image-14702\" title=\"Ramon Casas, Retrato de Santiago Rusi\u00f1ol, h. 1900\" src=\"https:\/\/blog.museunacional.cat\/wp-content\/uploads\/Retrat-de-Santiago-Rusi\u00f1ol-Ramon-Casas.jpg\" alt=\"Ramon Casas, Retrato de Santiago Rusi\u00f1ol, h. 1900\" width=\"328\" height=\"400\" srcset=\"https:\/\/blog.museunacional.cat\/wp-content\/uploads\/Retrat-de-Santiago-Rusi\u00f1ol-Ramon-Casas.jpg 2457w, https:\/\/blog.museunacional.cat\/wp-content\/uploads\/Retrat-de-Santiago-Rusi\u00f1ol-Ramon-Casas-246x300.jpg 246w, https:\/\/blog.museunacional.cat\/wp-content\/uploads\/Retrat-de-Santiago-Rusi\u00f1ol-Ramon-Casas-768x938.jpg 768w, https:\/\/blog.museunacional.cat\/wp-content\/uploads\/Retrat-de-Santiago-Rusi\u00f1ol-Ramon-Casas-839x1024.jpg 839w\" sizes=\"auto, (max-width: 328px) 100vw, 328px\" \/><\/a><p id=\"caption-attachment-14702\" class=\"wp-caption-text\">Ramon Casas, <a href=\"https:\/\/www.museunacional.cat\/es\/colleccio\/retrato-de-santiago-rusinol\/ramon-casas\/027334-d\" target=\"_blank\" rel=\"noopener noreferrer\"><em>Retrato de Santiago Rusi\u00f1ol<\/em><\/a><em>, <\/em>hacia 1900<\/p><\/div>\n<p>Con Casas, se instala en el Par\u00eds de los pioneros y durante un tiempo llegan incluso a convivir en el mismo edificio del Moulin de la Galette. Los textos period\u00edsticos que Rusi\u00f1ol enviaba desde Par\u00eds, ilustrados por Casas, son el testimonio de un artista que no solo import\u00f3 el arte moderno de su tiempo, sino que lo verbaliz\u00f3 a trav\u00e9s de sus textos, donde combinaba el dietarismo con la cr\u00edtica de arte.<\/p>\n<p>A partir de la primera d\u00e9cada del siglo xx, su figura, entendida como <em>moderno<\/em>, se desplaza progresivamente. Su teatro tiene cada vez menos carga de compromiso social y su pintura se orienta hacia el paisaje, m\u00e1s concretamente los jardines. Rusi\u00f1ol sale del centro de gravedad de la estricta vanguardia, aunque continu\u00f3 teniendo el favor del p\u00fablico del teatro. Visto con perspectiva, Rusi\u00f1ol es uno de los pocos artistas del arte catal\u00e1n que podr\u00eda explicar toda una \u00e9poca por s\u00ed solo, y no una cualquiera, sino una de las m\u00e1s exitosas. Incluso el propio <a href=\"https:\/\/es.wikipedia.org\/wiki\/Eugenio_d%27Ors\" target=\"_blank\" rel=\"noopener noreferrer\">Eugeni d\u2019Ors<\/a>, que capitane\u00f3 los nuevos tiempos que desterrar\u00edan a Rusi\u00f1ol y los restos del modernismo, puso revaloriz\u00f3 lo que represent\u00f3 su figura en el libro <em>Cincuenta a\u00f1os de pintura catalana:<\/em><\/p>\n<p>\u201cHoy se hace dif\u00edcil, ya a cierta distancia, hacerse cargo de lo que signific\u00f3 un d\u00eda, en el ambiente est\u00e9tico, y todav\u00eda en el ambiente social de Catalu\u00f1a, la presencia de aquella personalidad. En muchos aspectos, y en su tiempo, Santiago Rusi\u00f1ol fue, en el medio local, el renovador por excelencia. Durante a\u00f1os y a\u00f1os, muchas almas j\u00f3venes vieron en \u00e9l a alguien parecido a un s\u00edmbolo del idealismo, en lucha con la vulgaridad del ambiente, y en su nombre, a una especie de s\u00edmbolo de la libertad y de la sinceridad.\u201d<\/p>\n<table style=\"height: 199px;\" border=\"0\" width=\"618\" cellspacing=\"0\" cellpadding=\"0\">\n<tbody>\n<tr>\n<td style=\"border: hidden;\" valign=\"top\">\n<p><div id=\"attachment_14706\" style=\"width: 310px\" class=\"wp-caption alignnone\"><a href=\"https:\/\/blog.museunacional.cat\/wp-content\/uploads\/Orationibus-Santiago-Rusi\u00f1ol.jpg\" target=\"_blank\" rel=\"noopener noreferrer\"><img loading=\"lazy\" decoding=\"async\" aria-describedby=\"caption-attachment-14706\" class=\"wp-image-14706\" title=\"Oracions. \u00a9 Pere Cots\" src=\"https:\/\/blog.museunacional.cat\/wp-content\/uploads\/Orationibus-Santiago-Rusi\u00f1ol.jpg\" alt=\"Oracions. \u00a9 Pere Cots\" width=\"300\" height=\"168\" srcset=\"https:\/\/blog.museunacional.cat\/wp-content\/uploads\/Orationibus-Santiago-Rusi\u00f1ol.jpg 770w, https:\/\/blog.museunacional.cat\/wp-content\/uploads\/Orationibus-Santiago-Rusi\u00f1ol-300x168.jpg 300w, https:\/\/blog.museunacional.cat\/wp-content\/uploads\/Orationibus-Santiago-Rusi\u00f1ol-768x431.jpg 768w\" sizes=\"auto, (max-width: 300px) 100vw, 300px\" \/><\/a><p id=\"caption-attachment-14706\" class=\"wp-caption-text\"><em>Oracions<\/em>. \u00a9 Pere Cots<\/p><\/div><\/td>\n<td style=\"border: hidden;\" valign=\"top\">\n<p><div id=\"attachment_14707\" style=\"width: 310px\" class=\"wp-caption alignnone\"><a href=\"https:\/\/blog.museunacional.cat\/wp-content\/uploads\/Orationibus-TNC-Santiago-Rusi\u00f1ol.jpg\" target=\"_blank\" rel=\"noopener noreferrer\"><img loading=\"lazy\" decoding=\"async\" aria-describedby=\"caption-attachment-14707\" class=\"wp-image-14707\" title=\"Oracions. \u00a9 Pere Cots\" src=\"https:\/\/blog.museunacional.cat\/wp-content\/uploads\/Orationibus-TNC-Santiago-Rusi\u00f1ol.jpg\" alt=\"Oracions. \u00a9 Pere Cots\" width=\"300\" height=\"168\" srcset=\"https:\/\/blog.museunacional.cat\/wp-content\/uploads\/Orationibus-TNC-Santiago-Rusi\u00f1ol.jpg 770w, https:\/\/blog.museunacional.cat\/wp-content\/uploads\/Orationibus-TNC-Santiago-Rusi\u00f1ol-300x168.jpg 300w, https:\/\/blog.museunacional.cat\/wp-content\/uploads\/Orationibus-TNC-Santiago-Rusi\u00f1ol-768x431.jpg 768w\" sizes=\"auto, (max-width: 300px) 100vw, 300px\" \/><\/a><p id=\"caption-attachment-14707\" class=\"wp-caption-text\"><em>Oracions<\/em>. \u00a9 Pere Cots<\/p><\/div><\/td>\n<\/tr>\n<\/tbody>\n<\/table>\n<h3>Rusi\u00f1ol en las salas del museo<\/h3>\n<p>Y ahora el Rusi\u00f1ol literato entra en el museo de la mano del TNC con la representaci\u00f3n de una obra de teatro inspirada en uno de sus textos. Introduciremos la palabra en un escenario donde normalmente hay pintura, con todos los retos que supone trabajar en un \u00e1mbito que queda un poco alejado del nuestro.<\/p>\n<p>La obra escogida ha sido <a href=\"https:\/\/www.museunacional.cat\/es\/actividades\/orationibus-sr-de-albert-arribas\" target=\"_blank\" rel=\"noopener noreferrer\"><em>Orationibus#SR<\/em><\/a> del dramaturgo Albert Arribas, una pieza inspirada en el libro <em>Oracions<\/em> de Santiago Rusi\u00f1ol. <em>Orationibus#SR <\/em>es <strong>una lectura en clave contempor\u00e1nea de muchas de las problem\u00e1ticas que ya apuntaba Rusi\u00f1ol, como la funci\u00f3n de la cultura en la sociedad o el sentido de la tradici\u00f3n.<\/strong> Un espect\u00e1culo minimalista que combina la l\u00edrica, el cabaret y la <em>performance, c<\/em>on fragmentos de obras de teatro l\u00edrico musical de Rusi\u00f1ol como <em>La Alegr\u00eda que pasa <\/em>o<em> El jard\u00edn abandonado.<\/em><\/p>\n<div style=\"width: 620px;\" class=\"wp-video\"><!--[if lt IE 9]><script>document.createElement('video');<\/script><![endif]-->\n<video class=\"wp-video-shortcode\" id=\"video-14718-1\" width=\"620\" height=\"349\" preload=\"metadata\" controls=\"controls\"><source type=\"video\/mp4\" src=\"https:\/\/blog.museunacional.cat\/wp-content\/uploads\/Orationibus_TantarantanaV2.mp4?_=1\" \/><a href=\"https:\/\/blog.museunacional.cat\/wp-content\/uploads\/Orationibus_TantarantanaV2.mp4\">https:\/\/blog.museunacional.cat\/wp-content\/uploads\/Orationibus_TantarantanaV2.mp4<\/a><\/video><\/div>\n<p>El museo, aparte de acoger las representaciones, contribuye con una peque\u00f1a muestra de las obras de Rusi\u00f1ol de su fondo, m\u00e1s o menos vinculadas al teatro, que \u201cilustran\u201d pl\u00e1sticamente la faceta teatral del artista. Est\u00e1 dise\u00f1ada como un complemento para el espectador que vaya a ver <em>Orationibus#SR<\/em>, y se podr\u00e1 visitar un rato antes de que empiece la representaci\u00f3n, en un espacio adyacente. Las obras escogidas quieren ser una s\u00edntesis de este <em>by-pass <\/em>entre teatro y pl\u00e1stica y, a excepci\u00f3n de dos, todas provienen de las reservas del museo. Para acompa\u00f1ar la visita se ha dise\u00f1ado un folleto, que deja testimonio de esta actividad con un peque\u00f1o texto y la reproducci\u00f3n de las obras expuestas.<\/p>\n<p>Se han escogido tres carteles, una disciplina que Rusi\u00f1ol, al contrario que Casas que fue prol\u00edfico, no cultiv\u00f3 demasiado. Pero sorprende que, <strong>de los pocos carteles que hizo, algunos tienen el teatro como protagonista. <\/strong>Destacan un par: <em>La alegr\u00eda que pasa<\/em> e <em>Interior<\/em>. <em>La alegr\u00eda que pasa<\/em>, obra del propio Rusi\u00f1ol, fue uno de sus grandes \u00e9xitos teatrales y tuvo una gran recepci\u00f3n en su \u00e9poca. El cartel recoge un par de elementos definitorios de la obra de Rusi\u00f1ol: el <em>clown<\/em> que representa a la Poes\u00eda \u2013en eterna lucha contra la Prosa\u2013 y las dos filas de \u00e1rboles en punto de fuga. Esta imagen alude a la c\u00e9lebre iconograf\u00eda de las \u201ccarreteras\u201d de Rusi\u00f1ol, que tanto cultiv\u00f3 al \u00f3leo y que bebe del paisajismo catal\u00e1n de la segunda mitad del siglo XIX.<\/p>\n<div id=\"attachment_14733\" style=\"width: 285px\" class=\"wp-caption alignnone\"><a href=\"https:\/\/blog.museunacional.cat\/wp-content\/uploads\/Alegria-que-passa-Rusi\u00f1ol.jpg\" target=\"_blank\" rel=\"noopener noreferrer\"><img loading=\"lazy\" decoding=\"async\" aria-describedby=\"caption-attachment-14733\" class=\"wp-image-14733\" title=\"Santiago Rusi\u00f1ol, L\u2019alegria que passa, 1898\" src=\"https:\/\/blog.museunacional.cat\/wp-content\/uploads\/Alegria-que-passa-Rusi\u00f1ol.jpg\" alt=\"Santiago Rusi\u00f1ol, L\u2019alegria que passa, 1898\" width=\"275\" height=\"400\" srcset=\"https:\/\/blog.museunacional.cat\/wp-content\/uploads\/Alegria-que-passa-Rusi\u00f1ol.jpg 3654w, https:\/\/blog.museunacional.cat\/wp-content\/uploads\/Alegria-que-passa-Rusi\u00f1ol-206x300.jpg 206w, https:\/\/blog.museunacional.cat\/wp-content\/uploads\/Alegria-que-passa-Rusi\u00f1ol-768x1117.jpg 768w, https:\/\/blog.museunacional.cat\/wp-content\/uploads\/Alegria-que-passa-Rusi\u00f1ol-704x1024.jpg 704w\" sizes=\"auto, (max-width: 275px) 100vw, 275px\" \/><\/a><p id=\"caption-attachment-14733\" class=\"wp-caption-text\">Santiago Rusi\u00f1ol<em>, L\u2019alegria que passa, <\/em>1898<\/p><\/div>\n<p><em>Interior<\/em> lo hizo para la obra con el mismo t\u00edtulo del dramaturgo belga Maurice Maeterlinck. El azul, color que para Rusi\u00f1ol siempre fue m\u00e1s que un recurso expresivo, en realidad un estado del alma, monopoliza el cartel.<\/p>\n<div id=\"attachment_14734\" style=\"width: 287px\" class=\"wp-caption alignnone\"><a href=\"https:\/\/blog.museunacional.cat\/wp-content\/uploads\/maeterlink-santiago-rusi\u00f1ol.jpg\" target=\"_blank\" rel=\"noopener noreferrer\"><img loading=\"lazy\" decoding=\"async\" aria-describedby=\"caption-attachment-14734\" class=\"wp-image-14734\" title=\"Santiago Rusi\u00f1ol, Teatro art\u00edstico interior por Mce Maeterlinck, 1899\" src=\"https:\/\/blog.museunacional.cat\/wp-content\/uploads\/maeterlink-santiago-rusi\u00f1ol.jpg\" alt=\"Santiago Rusi\u00f1ol, Teatro art\u00edstico interior por Mce Maeterlinck, 1899\" width=\"277\" height=\"400\" srcset=\"https:\/\/blog.museunacional.cat\/wp-content\/uploads\/maeterlink-santiago-rusi\u00f1ol.jpg 3600w, https:\/\/blog.museunacional.cat\/wp-content\/uploads\/maeterlink-santiago-rusi\u00f1ol-208x300.jpg 208w, https:\/\/blog.museunacional.cat\/wp-content\/uploads\/maeterlink-santiago-rusi\u00f1ol-768x1107.jpg 768w, https:\/\/blog.museunacional.cat\/wp-content\/uploads\/maeterlink-santiago-rusi\u00f1ol-710x1024.jpg 710w\" sizes=\"auto, (max-width: 277px) 100vw, 277px\" \/><\/a><p id=\"caption-attachment-14734\" class=\"wp-caption-text\">Santiago Rusi\u00f1ol,<em> Teatro art\u00edstico interior por Mce Maeterlinck<\/em>, 1899<\/p><\/div>\n<p>El tercer cartel no es obra de Rusi\u00f1ol, sino del cr\u00edtico y activista cultural <a href=\"https:\/\/es.wikipedia.org\/wiki\/Miquel_Utrillo\" target=\"_blank\" rel=\"noopener noreferrer\">Miquel Utrillo<\/a>, y fue creado con motivo de la obra de Rusi\u00f1ol <em>Oracions<\/em>. Sobre un paisaje de fondo donde aparece una glorieta del Generalife de Granada, Utrillo ubica una de las cl\u00e1sicas j\u00f3venes decadentes de Rusi\u00f1ol.<\/p>\n<div id=\"attachment_14708\" style=\"width: 310px\" class=\"wp-caption alignnone\"><a href=\"https:\/\/blog.museunacional.cat\/wp-content\/uploads\/Oracions-Santiago-Rusi\u00f1ol.jpg\" target=\"_blank\" rel=\"noopener noreferrer\"><img loading=\"lazy\" decoding=\"async\" aria-describedby=\"caption-attachment-14708\" class=\"wp-image-14708\" title=\"Miquel Utrillo, Oracions, 1897\" src=\"https:\/\/blog.museunacional.cat\/wp-content\/uploads\/Oracions-Santiago-Rusi\u00f1ol.jpg\" alt=\"Miquel Utrillo, Oracions, 1897\" width=\"300\" height=\"443\" srcset=\"https:\/\/blog.museunacional.cat\/wp-content\/uploads\/Oracions-Santiago-Rusi\u00f1ol.jpg 2033w, https:\/\/blog.museunacional.cat\/wp-content\/uploads\/Oracions-Santiago-Rusi\u00f1ol-203x300.jpg 203w, https:\/\/blog.museunacional.cat\/wp-content\/uploads\/Oracions-Santiago-Rusi\u00f1ol-768x1133.jpg 768w, https:\/\/blog.museunacional.cat\/wp-content\/uploads\/Oracions-Santiago-Rusi\u00f1ol-694x1024.jpg 694w\" sizes=\"auto, (max-width: 300px) 100vw, 300px\" \/><\/a><p id=\"caption-attachment-14708\" class=\"wp-caption-text\">Miquel Utrillo<em>, <\/em><a href=\"https:\/\/www.museunacional.cat\/es\/colleccio\/oracions\/miquel-utrillo\/000647-c\" target=\"_blank\" rel=\"noopener noreferrer\"><em>Oracions<\/em><\/a><em>, <\/em>1897<\/p><\/div>\n<p>Los patios y jardines se convertir\u00e1n en espacios id\u00f3neos para la literatura de Rusi\u00f1ol, tal como indican los t\u00edtulos, por ejemplo, <a href=\"https:\/\/www.museunacional.cat\/es\/colleccio\/patio-azul\/santiago-rusinol\/145243-000\" target=\"_blank\" rel=\"noopener noreferrer\"><em>El patio azul<\/em><\/a> o <em>El<\/em> <em>jard\u00edn abandonado<\/em>, en correlaci\u00f3n evidente con su obra pict\u00f3rica. Por eso en esta peque\u00f1a muestra incluimos un patio, con su singular azul, y un \u00f3leo del Generalife de Granada. Las pinturas son posteriores a las obras de teatro, pero nos encontramos frente a escenarios troncales de la creaci\u00f3n rusi\u00f1oliana, sobre todo porque a menudo eran una proyecci\u00f3n exterior del mundo interior del artista.<\/p>\n<table style=\"height: 312px;\" border=\"0\" width=\"608\" cellspacing=\"0\" cellpadding=\"0\">\n<tbody>\n<tr>\n<td style=\"border: hidden;\" valign=\"top\">\n<p><div id=\"attachment_14709\" style=\"width: 323px\" class=\"wp-caption alignnone\"><a href=\"https:\/\/blog.museunacional.cat\/wp-content\/uploads\/El-pati-blau-Santiago-Rusi\u00f1ol.jpg\" target=\"_blank\" rel=\"noopener noreferrer\"><img loading=\"lazy\" decoding=\"async\" aria-describedby=\"caption-attachment-14709\" class=\"wp-image-14709\" title=\"Santiago Rusi\u00f1ol, El patio azul, 1913\" src=\"https:\/\/blog.museunacional.cat\/wp-content\/uploads\/El-pati-blau-Santiago-Rusi\u00f1ol.jpg\" alt=\"Santiago Rusi\u00f1ol, El patio azul, 1913\" width=\"313\" height=\"256\" srcset=\"https:\/\/blog.museunacional.cat\/wp-content\/uploads\/El-pati-blau-Santiago-Rusi\u00f1ol.jpg 3000w, https:\/\/blog.museunacional.cat\/wp-content\/uploads\/El-pati-blau-Santiago-Rusi\u00f1ol-300x245.jpg 300w, https:\/\/blog.museunacional.cat\/wp-content\/uploads\/El-pati-blau-Santiago-Rusi\u00f1ol-768x628.jpg 768w, https:\/\/blog.museunacional.cat\/wp-content\/uploads\/El-pati-blau-Santiago-Rusi\u00f1ol-1024x837.jpg 1024w\" sizes=\"auto, (max-width: 313px) 100vw, 313px\" \/><\/a><p id=\"caption-attachment-14709\" class=\"wp-caption-text\">Santiago Rusi\u00f1ol, <a href=\"https:\/\/www.museunacional.cat\/es\/colleccio\/patio-azul\/santiago-rusinol\/145243-000\"><em>El patio azul<\/em><\/a>, 1913<\/p><\/div><\/td>\n<td style=\"border: hidden;\" valign=\"top\">\n<p><div id=\"attachment_14710\" style=\"width: 214px\" class=\"wp-caption alignnone\"><a href=\"https:\/\/blog.museunacional.cat\/wp-content\/uploads\/Generalife-Santiago-Rusi\u00f1ol.jpg\" target=\"_blank\" rel=\"noopener noreferrer\"><img loading=\"lazy\" decoding=\"async\" aria-describedby=\"caption-attachment-14710\" class=\"wp-image-14710\" title=\"Santiago Rusi\u00f1ol, Jard\u00edn del Generalife, 1909\" src=\"https:\/\/blog.museunacional.cat\/wp-content\/uploads\/Generalife-Santiago-Rusi\u00f1ol.jpg\" alt=\"Santiago Rusi\u00f1ol, Jard\u00edn del Generalife, 1909\" width=\"204\" height=\"256\" srcset=\"https:\/\/blog.museunacional.cat\/wp-content\/uploads\/Generalife-Santiago-Rusi\u00f1ol.jpg 2390w, https:\/\/blog.museunacional.cat\/wp-content\/uploads\/Generalife-Santiago-Rusi\u00f1ol-239x300.jpg 239w, https:\/\/blog.museunacional.cat\/wp-content\/uploads\/Generalife-Santiago-Rusi\u00f1ol-768x964.jpg 768w, https:\/\/blog.museunacional.cat\/wp-content\/uploads\/Generalife-Santiago-Rusi\u00f1ol-816x1024.jpg 816w\" sizes=\"auto, (max-width: 204px) 100vw, 204px\" \/><\/a><p id=\"caption-attachment-14710\" class=\"wp-caption-text\">Santiago Rusi\u00f1ol, <a href=\"https:\/\/www.museunacional.cat\/es\/colleccio\/jardin-del-generalife\/santiago-rusinol\/004047-000\"><em>Jard\u00edn del Generalife<\/em><\/a>, 1909<\/p><\/div><\/td>\n<\/tr>\n<\/tbody>\n<\/table>\n<p>La muestra contar\u00e1 tambi\u00e9n con obras de personalidades del entorno de Rusi\u00f1ol, al margen del ya mencionado Utrillo. Por ejemplo, un <a href=\"https:\/\/www.museunacional.cat\/es\/colleccio\/retrato-de-santiago-rusinol\/ramon-casas\/027334-d\" target=\"_blank\" rel=\"noopener noreferrer\">retrato de Rusi\u00f1ol<\/a> por Ramon Casas o un dibujo de corte sat\u00edrico de Picarol donde se pueden ver juntos a Rusi\u00f1ol y a uno de los grandes actores del teatro catal\u00e1n, Enric Borr\u00e0s.<\/p>\n<p>Pero quiz\u00e1 una de las personalidades m\u00e1s universales que trat\u00f3 Rusi\u00f1ol, y que quedar\u00eda vinculada al teatro a trav\u00e9s de su m\u00fasica, fue <a href=\"https:\/\/es.wikipedia.org\/wiki\/Erik_Satie\" target=\"_blank\" rel=\"noopener noreferrer\">Erik Satie<\/a>. Rusi\u00f1ol lo conoci\u00f3 durante su estancia en Montmartre, cuando el m\u00fasico se ganaba la vida como pod\u00eda tocando el arm\u00f3nium por las tabernas. Rusi\u00f1ol lo dibuj\u00f3 en este per\u00edodo, tocando el instrumento y cubierto con un sombrero de copa. Unos a\u00f1os despu\u00e9s lo inmortaliz\u00f3, ya con un estatus m\u00e1s exitoso, en el c\u00e9lebre \u00f3leo<em> La romanza<\/em>.<\/p>\n<table style=\"height: 341px;\" border=\"0\" width=\"605\" cellspacing=\"0\" cellpadding=\"0\">\n<tbody>\n<tr>\n<td style=\"border: hidden;\" valign=\"top\">\n<p><div id=\"attachment_14712\" style=\"width: 212px\" class=\"wp-caption alignnone\"><a href=\"https:\/\/blog.museunacional.cat\/wp-content\/uploads\/Erik-Satie-harmonium.jpg\" target=\"_blank\" rel=\"noopener noreferrer\"><img loading=\"lazy\" decoding=\"async\" aria-describedby=\"caption-attachment-14712\" class=\"wp-image-14712\" title=\"Santiago Rusi\u00f1ol, Erik Satie tocando el arm\u00f3nium, 1891\" src=\"https:\/\/blog.museunacional.cat\/wp-content\/uploads\/Erik-Satie-harmonium.jpg\" alt=\"Santiago Rusi\u00f1ol, Erik Satie tocando el arm\u00f3nium, 1891\" width=\"202\" height=\"300\" srcset=\"https:\/\/blog.museunacional.cat\/wp-content\/uploads\/Erik-Satie-harmonium.jpg 2017w, https:\/\/blog.museunacional.cat\/wp-content\/uploads\/Erik-Satie-harmonium-202x300.jpg 202w, https:\/\/blog.museunacional.cat\/wp-content\/uploads\/Erik-Satie-harmonium-768x1142.jpg 768w, https:\/\/blog.museunacional.cat\/wp-content\/uploads\/Erik-Satie-harmonium-688x1024.jpg 688w\" sizes=\"auto, (max-width: 202px) 100vw, 202px\" \/><\/a><p id=\"caption-attachment-14712\" class=\"wp-caption-text\">Santiago Rusi\u00f1ol, <a href=\"https:\/\/www.museunacional.cat\/es\/colleccio\/erik-satie-tocando-el-armonio\/santiago-rusinol\/026792-d\" target=\"_blank\" rel=\"noopener noreferrer\"><em>Erik Satie tocando el arm\u00f3nium<\/em><\/a>, 1891<\/p><\/div><\/td>\n<td style=\"border: hidden;\" valign=\"top\">\n<p><div id=\"attachment_14713\" style=\"width: 388px\" class=\"wp-caption alignnone\"><a href=\"https:\/\/blog.museunacional.cat\/wp-content\/uploads\/Roman\u00e7a-Rusi\u00f1ol.jpg\" target=\"_blank\" rel=\"noopener noreferrer\"><img loading=\"lazy\" decoding=\"async\" aria-describedby=\"caption-attachment-14713\" class=\"wp-image-14713\" title=\"Santiago Rusi\u00f1ol, Una romanza, 1891\" src=\"https:\/\/blog.museunacional.cat\/wp-content\/uploads\/Roman\u00e7a-Rusi\u00f1ol.jpg\" alt=\"Santiago Rusi\u00f1ol, Una romanza, 1891\" width=\"378\" height=\"300\" srcset=\"https:\/\/blog.museunacional.cat\/wp-content\/uploads\/Roman\u00e7a-Rusi\u00f1ol.jpg 3000w, https:\/\/blog.museunacional.cat\/wp-content\/uploads\/Roman\u00e7a-Rusi\u00f1ol-300x238.jpg 300w, https:\/\/blog.museunacional.cat\/wp-content\/uploads\/Roman\u00e7a-Rusi\u00f1ol-768x609.jpg 768w, https:\/\/blog.museunacional.cat\/wp-content\/uploads\/Roman\u00e7a-Rusi\u00f1ol-1024x812.jpg 1024w\" sizes=\"auto, (max-width: 378px) 100vw, 378px\" \/><\/a><p id=\"caption-attachment-14713\" class=\"wp-caption-text\">Santiago Rusi\u00f1ol, <a href=\"https:\/\/www.museunacional.cat\/es\/colleccio\/una-romanza\/santiago-rusinol\/011422-000\" target=\"_blank\" rel=\"noopener noreferrer\"><em>Una romanza<\/em><\/a>, 1894<\/p><\/div><\/td>\n<\/tr>\n<\/tbody>\n<\/table>\n<p>Como an\u00e9cdota destaca la que explic\u00f3 M\u00e0rius Verdaguer en su libro <em>Medio siglo de vida \u00edntima barcelonesa<\/em>, que tiene por escenario la representaci\u00f3n del ballet cubista <em>Parade <\/em>en el Liceu, en 1917, durante una gira de los <em>Ballets Rusos<\/em> de Serge Diaghilev. Este ballet sofisticado, con decorados y figurines de Picasso y m\u00fasica de Satie, no tuvo una gran recepci\u00f3n entre el p\u00fablico, pero Rusi\u00f1ol, que estaba presente, no solo aplaudi\u00f3 con fervor, sino que lo hizo de pie sobre su butaca. A pesar de que en aquellas fechas Rusi\u00f1ol ya hab\u00eda dejado de ser el moderno de los d\u00edas de Montmartre, es evidente que todav\u00eda conservaba un moderno en su fuero interno, adem\u00e1s de un gran respeto por sus amigos de los tiempos heroicos, Satie y Picasso.<\/p>\n<div id=\"attachment_14714\" style=\"width: 310px\" class=\"wp-caption alignnone\"><a href=\"https:\/\/blog.museunacional.cat\/wp-content\/uploads\/Paisatge-Aranjuez-Rusi\u00f1ol.jpg\" target=\"_blank\" rel=\"noopener noreferrer\"><img loading=\"lazy\" decoding=\"async\" aria-describedby=\"caption-attachment-14714\" class=\"wp-image-14714\" title=\"Santiago Rusi\u00f1ol, Paisaje. Aranjuez (obra inacabada), 1931\" src=\"https:\/\/blog.museunacional.cat\/wp-content\/uploads\/Paisatge-Aranjuez-Rusi\u00f1ol.jpg\" alt=\"Santiago Rusi\u00f1ol, Paisaje. Aranjuez (obra inacabada), 1931\" width=\"300\" height=\"176\" srcset=\"https:\/\/blog.museunacional.cat\/wp-content\/uploads\/Paisatge-Aranjuez-Rusi\u00f1ol.jpg 3000w, https:\/\/blog.museunacional.cat\/wp-content\/uploads\/Paisatge-Aranjuez-Rusi\u00f1ol-300x176.jpg 300w, https:\/\/blog.museunacional.cat\/wp-content\/uploads\/Paisatge-Aranjuez-Rusi\u00f1ol-768x450.jpg 768w, https:\/\/blog.museunacional.cat\/wp-content\/uploads\/Paisatge-Aranjuez-Rusi\u00f1ol-1024x599.jpg 1024w\" sizes=\"auto, (max-width: 300px) 100vw, 300px\" \/><\/a><p id=\"caption-attachment-14714\" class=\"wp-caption-text\">Santiago Rusi\u00f1ol, <a href=\"https:\/\/www.museunacional.cat\/es\/colleccio\/paisaje-aranjuez-obra-inacabada\/santiago-rusinol\/214106-000\" target=\"_blank\" rel=\"noopener noreferrer\"><em>Paisaje. Aranjuez (obra inacabada)<\/em><\/a>, 1931<\/p><\/div>\n<p>Cierra esta muestra el \u00faltimo \u00f3leo pintado por Rusi\u00f1ol durante sus \u00faltimos d\u00edas en Aranjuez, que qued\u00f3 inacabado. Es uno de sus jardines, pintado en 1931, que representa cuatro columnas en uno de los jardines de esta ciudad.<\/p>\n<p>Esta obra cierra simb\u00f3licamente el tel\u00f3n de la vida y la obra de Rusi\u00f1ol que, como en buena parte de los grandes artistas, se correlacionan entre s\u00ed. Vida y obra de Rusi\u00f1ol han estado desde siempre al servicio de una causa mayor, la construcci\u00f3n del mito Rusi\u00f1ol. Ese es el objetivo de esta combinaci\u00f3n plasticoteatral que proponemos desde el Museu Nacional, un acercamiento combinado a uno de los artistas, sin duda, m\u00e1s relevantes e influyentes de toda la historia del arte catal\u00e1n. Y tiene todo el sentido hacerlo de la mano del Teatre Nacional y de su equipo, con quienes hemos trabajado en magn\u00edfica sinton\u00eda.<\/p>\n<h3>Enlaces relacionados<\/h3>\n<p><a href=\"https:\/\/blog.museunacional.cat\/es\/curiosidades-de-la-coleccion-arte-moderno\/\" target=\"_blank\" rel=\"noopener noreferrer\">Curiosidades de la colecci\u00f3n: arte moderno<\/a><\/p>\n<p><a href=\"https:\/\/www.museunacional.cat\/es\/nueva-presentacion-de-arte-moderno\" target=\"_blank\" rel=\"noopener noreferrer\">Nueva presentaci\u00f3n de Arte Moderno<\/a>, Museu Nacional d\u2019Art de Catalunya<\/p>\n<p><a href=\"https:\/\/www.museunacional.cat\/es\/actividades\/orationibus-sr-de-albert-arribas\" target=\"_blank\" rel=\"noopener noreferrer\"><em>Orationibus#SR<\/em><\/a><\/p>\n","protected":false},"excerpt":{"rendered":"<p>Eduard Vall\u00e8s El museo del futuro, y tambi\u00e9n el del presente, tiene que trascender las paredes y las disciplinas propias a partir de la colaboraci\u00f3n institucional, un rol que, desde hace a\u00f1os, el Museu Nacional ya tiene interiorizado. La colaboraci\u00f3n entre el museo y el Teatre Nacional de Catalunya (TNC) Durante 2018 se ha producido&#8230;<\/p>\n","protected":false},"author":29,"featured_media":14720,"comment_status":"open","ping_status":"open","sticky":false,"template":"","format":"standard","meta":{"_jetpack_memberships_contains_paid_content":false,"footnotes":""},"categories":[14,1,3],"tags":[394,243],"class_list":["post-14718","post","type-post","status-publish","format-standard","has-post-thumbnail","hentry","category-coleccion","category-general","category-general-es","tag-arte-moderno","tag-modernismo","author-eduard-valles"],"jetpack_featured_media_url":"https:\/\/blog.museunacional.cat\/wp-content\/uploads\/Santiago-Rusi\u00f1ol-Teatre-al-Museu-Nacional.jpg","jetpack_sharing_enabled":true,"jetpack_shortlink":"https:\/\/wp.me\/p4tWCI-3Po","_links":{"self":[{"href":"https:\/\/blog.museunacional.cat\/es\/wp-json\/wp\/v2\/posts\/14718","targetHints":{"allow":["GET"]}}],"collection":[{"href":"https:\/\/blog.museunacional.cat\/es\/wp-json\/wp\/v2\/posts"}],"about":[{"href":"https:\/\/blog.museunacional.cat\/es\/wp-json\/wp\/v2\/types\/post"}],"author":[{"embeddable":true,"href":"https:\/\/blog.museunacional.cat\/es\/wp-json\/wp\/v2\/users\/29"}],"replies":[{"embeddable":true,"href":"https:\/\/blog.museunacional.cat\/es\/wp-json\/wp\/v2\/comments?post=14718"}],"version-history":[{"count":10,"href":"https:\/\/blog.museunacional.cat\/es\/wp-json\/wp\/v2\/posts\/14718\/revisions"}],"predecessor-version":[{"id":19428,"href":"https:\/\/blog.museunacional.cat\/es\/wp-json\/wp\/v2\/posts\/14718\/revisions\/19428"}],"wp:featuredmedia":[{"embeddable":true,"href":"https:\/\/blog.museunacional.cat\/es\/wp-json\/wp\/v2\/media\/14720"}],"wp:attachment":[{"href":"https:\/\/blog.museunacional.cat\/es\/wp-json\/wp\/v2\/media?parent=14718"}],"wp:term":[{"taxonomy":"category","embeddable":true,"href":"https:\/\/blog.museunacional.cat\/es\/wp-json\/wp\/v2\/categories?post=14718"},{"taxonomy":"post_tag","embeddable":true,"href":"https:\/\/blog.museunacional.cat\/es\/wp-json\/wp\/v2\/tags?post=14718"}],"curies":[{"name":"wp","href":"https:\/\/api.w.org\/{rel}","templated":true}]}}