
{"id":12146,"date":"2018-01-11T12:51:18","date_gmt":"2018-01-11T08:05:26","guid":{"rendered":"http:\/\/blog.museunacional.cat\/?p=12146"},"modified":"2018-03-08T09:57:59","modified_gmt":"2018-03-08T09:57:59","slug":"el-museu-nacional-restaura-obras-del-monasterio-de-ripoll","status":"publish","type":"post","link":"https:\/\/blog.museunacional.cat\/es\/el-museu-nacional-restaura-obras-del-monasterio-de-ripoll\/","title":{"rendered":"El Museu Nacional restaura obras del monasterio de Ripoll"},"content":{"rendered":"<h6>Joan Pey<\/h6>\n<div id=\"attachment_12164\" style=\"width: 630px\" class=\"wp-caption alignnone\"><a href=\"https:\/\/blog.museunacional.cat\/wp-content\/uploads\/IMG_0359.jpg\" target=\"_blank\" rel=\"noopener noreferrer\"><img loading=\"lazy\" decoding=\"async\" aria-describedby=\"caption-attachment-12164\" class=\"wp-image-12164\" src=\"https:\/\/blog.museunacional.cat\/wp-content\/uploads\/IMG_0359.jpg\" alt=\"\" width=\"620\" height=\"206\" srcset=\"https:\/\/blog.museunacional.cat\/wp-content\/uploads\/IMG_0359.jpg 5427w, https:\/\/blog.museunacional.cat\/wp-content\/uploads\/IMG_0359-300x100.jpg 300w, https:\/\/blog.museunacional.cat\/wp-content\/uploads\/IMG_0359-768x255.jpg 768w, https:\/\/blog.museunacional.cat\/wp-content\/uploads\/IMG_0359-1024x340.jpg 1024w\" sizes=\"auto, (max-width: 620px) 100vw, 620px\" \/><\/a><p id=\"caption-attachment-12164\" class=\"wp-caption-text\">Cuatro bases rom\u00e1nicas procedentes del fondo de Santa Mar\u00eda de Ripoll (BdV 520)<\/p><\/div>\n<p>\u00bfOs resultan familiares estas cuatro bases escult\u00f3ricas de piedra labrada del segundo tercio del siglo XII? Son propiedad del <a href=\"http:\/\/www.monestirderipoll.cat\/\" target=\"_blank\" rel=\"noopener noreferrer\">monasterio de Ripoll<\/a> y est\u00e1n en dep\u00f3sito en el Museu Nacional d\u2019Art de Catalunya, expuestas en las salas de arte rom\u00e1nico. Una <a href=\"https:\/\/www.museunacional.cat\/es\/colleccio\/cabeza-de-leon-de-ripoll\/anonim\/202505-000\" target=\"_blank\" rel=\"noopener noreferrer\">cabeza de le\u00f3n<\/a>, que pertenece a la colecci\u00f3n del Museu Nacional y que se sab\u00eda que proced\u00eda de Ripoll, se ha podido reencontrar con su base de la que se hab\u00eda separado en el pasado.<\/p>\n<table style=\"height: 365px;\" border=\"0\" width=\"619\" cellspacing=\"0\" cellpadding=\"0\">\n<tbody>\n<tr>\n<td style=\"border: hidden;\" valign=\"top\">\n<p><div id=\"attachment_12123\" style=\"width: 300px\" class=\"wp-caption alignnone\"><a href=\"https:\/\/blog.museunacional.cat\/wp-content\/uploads\/BdV-520.01.jpg\" target=\"_blank\" rel=\"noopener noreferrer\"><img loading=\"lazy\" decoding=\"async\" aria-describedby=\"caption-attachment-12123\" class=\"wp-image-12123\" src=\"https:\/\/blog.museunacional.cat\/wp-content\/uploads\/BdV-520.01.jpg\" alt=\"\" width=\"290\" height=\"333\" srcset=\"https:\/\/blog.museunacional.cat\/wp-content\/uploads\/BdV-520.01.jpg 2617w, https:\/\/blog.museunacional.cat\/wp-content\/uploads\/BdV-520.01-262x300.jpg 262w, https:\/\/blog.museunacional.cat\/wp-content\/uploads\/BdV-520.01-768x880.jpg 768w, https:\/\/blog.museunacional.cat\/wp-content\/uploads\/BdV-520.01-893x1024.jpg 893w\" sizes=\"auto, (max-width: 290px) 100vw, 290px\" \/><\/a><p id=\"caption-attachment-12123\" class=\"wp-caption-text\"><em><a href=\"https:\/\/www.museunacional.cat\/es\/colleccio\/base-del-baldaquin-de-ripoll\/anonim-catalunya\/214984-000\" target=\"_blank\" rel=\"noopener noreferrer\">Base de baldaquino de Ripoll<\/a>\u00a0<\/em>despu\u00e9s de la intervenci\u00f3n (BdV 520.01)<\/p><\/div><\/td>\n<td style=\"border: hidden;\" valign=\"top\">\n<p><div id=\"attachment_12124\" style=\"width: 319px\" class=\"wp-caption alignnone\"><a href=\"https:\/\/blog.museunacional.cat\/wp-content\/uploads\/BdV-520.02.jpg\" target=\"_blank\" rel=\"noopener noreferrer\"><img loading=\"lazy\" decoding=\"async\" aria-describedby=\"caption-attachment-12124\" class=\"wp-image-12124\" src=\"https:\/\/blog.museunacional.cat\/wp-content\/uploads\/BdV-520.02.jpg\" alt=\"\" width=\"309\" height=\"332\" srcset=\"https:\/\/blog.museunacional.cat\/wp-content\/uploads\/BdV-520.02.jpg 2789w, https:\/\/blog.museunacional.cat\/wp-content\/uploads\/BdV-520.02-279x300.jpg 279w, https:\/\/blog.museunacional.cat\/wp-content\/uploads\/BdV-520.02-768x826.jpg 768w, https:\/\/blog.museunacional.cat\/wp-content\/uploads\/BdV-520.02-952x1024.jpg 952w\" sizes=\"auto, (max-width: 309px) 100vw, 309px\" \/><\/a><p id=\"caption-attachment-12124\" class=\"wp-caption-text\"><a href=\"https:\/\/www.museunacional.cat\/es\/colleccio\/base-del-baldaquino-de-ripoll\/anonim-catalunya\/214983-000\" target=\"_blank\" rel=\"noopener noreferrer\"><em>Base de baldaquino de Ripoll<\/em> <\/a>despu\u00e9s de la intervenci\u00f3n (BdV 520.02)<\/p><\/div><\/td>\n<\/tr>\n<\/tbody>\n<\/table>\n<table style=\"height: 300px;\" border=\"0\" width=\"620\" cellspacing=\"0\" cellpadding=\"0\">\n<tbody>\n<tr>\n<td style=\"border: hidden;\" valign=\"top\">\n<p><div id=\"attachment_12125\" style=\"width: 260px\" class=\"wp-caption alignnone\"><a href=\"https:\/\/blog.museunacional.cat\/wp-content\/uploads\/BdV-520.03.jpg\" target=\"_blank\" rel=\"noopener noreferrer\"><img loading=\"lazy\" decoding=\"async\" aria-describedby=\"caption-attachment-12125\" class=\"wp-image-12125\" src=\"https:\/\/blog.museunacional.cat\/wp-content\/uploads\/BdV-520.03.jpg\" alt=\"\" width=\"250\" height=\"289\" srcset=\"https:\/\/blog.museunacional.cat\/wp-content\/uploads\/BdV-520.03.jpg 2596w, https:\/\/blog.museunacional.cat\/wp-content\/uploads\/BdV-520.03-260x300.jpg 260w, https:\/\/blog.museunacional.cat\/wp-content\/uploads\/BdV-520.03-768x888.jpg 768w, https:\/\/blog.museunacional.cat\/wp-content\/uploads\/BdV-520.03-886x1024.jpg 886w\" sizes=\"auto, (max-width: 250px) 100vw, 250px\" \/><\/a><p id=\"caption-attachment-12125\" class=\"wp-caption-text\"><a href=\"https:\/\/www.museunacional.cat\/ca\/colleccio\/base-del-baldaqui-de-ripoll\/anonim-catalunya\/214984-000\" target=\"_blank\" rel=\"noopener noreferrer\"><em>Base de baldaquino de Ripoll<\/em><\/a> despu\u00e9s de la intervenci\u00f3n (BdV 520.03)<\/p><\/div><\/td>\n<td style=\"border: hidden;\" valign=\"top\">\n<p><div id=\"attachment_12126\" style=\"width: 358px\" class=\"wp-caption alignnone\"><a href=\"https:\/\/blog.museunacional.cat\/wp-content\/uploads\/BdV-520.04.jpg\" target=\"_blank\" rel=\"noopener noreferrer\"><img loading=\"lazy\" decoding=\"async\" aria-describedby=\"caption-attachment-12126\" class=\"wp-image-12126\" src=\"https:\/\/blog.museunacional.cat\/wp-content\/uploads\/BdV-520.04.jpg\" alt=\"\" width=\"348\" height=\"289\" srcset=\"https:\/\/blog.museunacional.cat\/wp-content\/uploads\/BdV-520.04.jpg 3000w, https:\/\/blog.museunacional.cat\/wp-content\/uploads\/BdV-520.04-300x250.jpg 300w, https:\/\/blog.museunacional.cat\/wp-content\/uploads\/BdV-520.04-768x639.jpg 768w, https:\/\/blog.museunacional.cat\/wp-content\/uploads\/BdV-520.04-1024x852.jpg 1024w\" sizes=\"auto, (max-width: 348px) 100vw, 348px\" \/><\/a><p id=\"caption-attachment-12126\" class=\"wp-caption-text\"><a href=\"https:\/\/www.museunacional.cat\/es\/colleccio\/base-del-baldaquino-de-ripoll\/anonim-catalunya\/214985-000\" target=\"_blank\" rel=\"noopener noreferrer\"><em>Base de baldaquino de Ripoll<\/em><\/a> despu\u00e9s de la intervenci\u00f3n (BdV 520.04)<\/p><\/div><\/td>\n<\/tr>\n<\/tbody>\n<\/table>\n<div id=\"attachment_12094\" style=\"width: 630px\" class=\"wp-caption alignnone\"><a href=\"https:\/\/blog.museunacional.cat\/wp-content\/uploads\/6-9.jpg\" target=\"_blank\" rel=\"noopener noreferrer\"><img loading=\"lazy\" decoding=\"async\" aria-describedby=\"caption-attachment-12094\" class=\"wp-image-12094\" src=\"https:\/\/blog.museunacional.cat\/wp-content\/uploads\/6-9.jpg\" alt=\"\" width=\"620\" height=\"413\" srcset=\"https:\/\/blog.museunacional.cat\/wp-content\/uploads\/6-9.jpg 1299w, https:\/\/blog.museunacional.cat\/wp-content\/uploads\/6-9-300x200.jpg 300w, https:\/\/blog.museunacional.cat\/wp-content\/uploads\/6-9-768x512.jpg 768w, https:\/\/blog.museunacional.cat\/wp-content\/uploads\/6-9-1024x683.jpg 1024w\" sizes=\"auto, (max-width: 620px) 100vw, 620px\" \/><\/a><p id=\"caption-attachment-12094\" class=\"wp-caption-text\">Un soporte de acero inoxidable une la cabeza del le\u00f3n al cuerpo de forma que sea desmontable cuando sea necesario (BdV 520.02)<\/p><\/div>\n<p>A finales de marzo de 2011, en el Museu Nacional recibimos en dep\u00f3sito, de parte del Patrimonio Cultural del Obispado de Vic, un conjunto de cuatro bases rom\u00e1nicas procedentes del fondo de Santa Maria de Ripoll, para que fueran expuestas en las salas del museo. Parecer ser, seg\u00fan algunos historiadores del arte, que podr\u00edan haber formado parte del baldaquino de la iglesia del monasterio. En las condiciones del dep\u00f3sito se determinaba un intercambio de servicios: el Museu Nacional aceptaba el compromiso de restaurar estas cuatro bases y otras obras de arte de escultura arquitect\u00f3nica que forman parte de la colecci\u00f3n procedente del monasterio.<\/p>\n<div id=\"attachment_12095\" style=\"width: 630px\" class=\"wp-caption alignnone\"><a href=\"https:\/\/blog.museunacional.cat\/wp-content\/uploads\/7-9.jpg\" target=\"_blank\" rel=\"noopener noreferrer\"><img loading=\"lazy\" decoding=\"async\" aria-describedby=\"caption-attachment-12095\" class=\"wp-image-12095\" src=\"https:\/\/blog.museunacional.cat\/wp-content\/uploads\/7-9.jpg\" alt=\"\" width=\"620\" height=\"463\" srcset=\"https:\/\/blog.museunacional.cat\/wp-content\/uploads\/7-9.jpg 1151w, https:\/\/blog.museunacional.cat\/wp-content\/uploads\/7-9-300x224.jpg 300w, https:\/\/blog.museunacional.cat\/wp-content\/uploads\/7-9-768x573.jpg 768w, https:\/\/blog.museunacional.cat\/wp-content\/uploads\/7-9-1024x764.jpg 1024w\" sizes=\"auto, (max-width: 620px) 100vw, 620px\" \/><\/a><p id=\"caption-attachment-12095\" class=\"wp-caption-text\">Proceso de limpieza (BdV 520.03)<\/p><\/div>\n<div id=\"attachment_12122\" style=\"width: 310px\" class=\"wp-caption alignnone\"><a href=\"https:\/\/blog.museunacional.cat\/wp-content\/uploads\/BdV-520.01-2.jpg\" target=\"_blank\" rel=\"noopener noreferrer\"><img loading=\"lazy\" decoding=\"async\" aria-describedby=\"caption-attachment-12122\" class=\"wp-image-12122\" src=\"https:\/\/blog.museunacional.cat\/wp-content\/uploads\/BdV-520.01-2.jpg\" alt=\"\" width=\"300\" height=\"400\" srcset=\"https:\/\/blog.museunacional.cat\/wp-content\/uploads\/BdV-520.01-2.jpg 2304w, https:\/\/blog.museunacional.cat\/wp-content\/uploads\/BdV-520.01-2-225x300.jpg 225w, https:\/\/blog.museunacional.cat\/wp-content\/uploads\/BdV-520.01-2-768x1024.jpg 768w\" sizes=\"auto, (max-width: 300px) 100vw, 300px\" \/><\/a><p id=\"caption-attachment-12122\" class=\"wp-caption-text\">Uni\u00f3n de los fragmentos rotos (BdV 520.01)<\/p><\/div>\n<p>En abril de 2015 se firm\u00f3 la primera adenda al convenio en virtud de la qual el museo se hac\u00eda cargo de la restauraci\u00f3n del denominado <em>Sarc\u00f3fago del abad Vilaregut<\/em>, restauraci\u00f3n actualmente concluida, con la obra ya devuelta al monasterio.<\/p>\n<div id=\"attachment_12128\" style=\"width: 630px\" class=\"wp-caption alignnone\"><a href=\"https:\/\/blog.museunacional.cat\/wp-content\/uploads\/BdV523_087779.jpg\" target=\"_blank\" rel=\"noopener noreferrer\"><img loading=\"lazy\" decoding=\"async\" aria-describedby=\"caption-attachment-12128\" class=\"wp-image-12128\" src=\"https:\/\/blog.museunacional.cat\/wp-content\/uploads\/BdV523_087779.jpg\" alt=\"\" width=\"620\" height=\"413\" srcset=\"https:\/\/blog.museunacional.cat\/wp-content\/uploads\/BdV523_087779.jpg 3000w, https:\/\/blog.museunacional.cat\/wp-content\/uploads\/BdV523_087779-300x200.jpg 300w, https:\/\/blog.museunacional.cat\/wp-content\/uploads\/BdV523_087779-768x512.jpg 768w, https:\/\/blog.museunacional.cat\/wp-content\/uploads\/BdV523_087779-1024x683.jpg 1024w\" sizes=\"auto, (max-width: 620px) 100vw, 620px\" \/><\/a><p id=\"caption-attachment-12128\" class=\"wp-caption-text\">Sarc\u00f3fago de Vilaregut (BdV 523_087779)<\/p><\/div>\n<div id=\"attachment_12129\" style=\"width: 630px\" class=\"wp-caption alignnone\"><a href=\"https:\/\/blog.museunacional.cat\/wp-content\/uploads\/BdV523.jpg\" target=\"_blank\" rel=\"noopener noreferrer\"><img loading=\"lazy\" decoding=\"async\" aria-describedby=\"caption-attachment-12129\" class=\"wp-image-12129\" src=\"https:\/\/blog.museunacional.cat\/wp-content\/uploads\/BdV523.jpg\" alt=\"\" width=\"620\" height=\"413\" srcset=\"https:\/\/blog.museunacional.cat\/wp-content\/uploads\/BdV523.jpg 3000w, https:\/\/blog.museunacional.cat\/wp-content\/uploads\/BdV523-300x200.jpg 300w, https:\/\/blog.museunacional.cat\/wp-content\/uploads\/BdV523-768x512.jpg 768w, https:\/\/blog.museunacional.cat\/wp-content\/uploads\/BdV523-1024x683.jpg 1024w\" sizes=\"auto, (max-width: 620px) 100vw, 620px\" \/><\/a><p id=\"caption-attachment-12129\" class=\"wp-caption-text\">Estado de conservaci\u00f3n inicial del sarc\u00f3fago (BdV 523)<\/p><\/div>\n<table style=\"height: 264px;\" border=\"0\" width=\"617\" cellspacing=\"0\" cellpadding=\"0\">\n<tbody>\n<tr>\n<td style=\"border: hidden;\" valign=\"top\">\n<p><div id=\"attachment_12130\" style=\"width: 310px\" class=\"wp-caption alignnone\"><a href=\"https:\/\/blog.museunacional.cat\/wp-content\/uploads\/BdV523_1748.jpg\" target=\"_blank\" rel=\"noopener noreferrer\"><img loading=\"lazy\" decoding=\"async\" aria-describedby=\"caption-attachment-12130\" class=\"wp-image-12130\" src=\"https:\/\/blog.museunacional.cat\/wp-content\/uploads\/BdV523_1748.jpg\" alt=\"\" width=\"300\" height=\"225\" srcset=\"https:\/\/blog.museunacional.cat\/wp-content\/uploads\/BdV523_1748.jpg 2592w, https:\/\/blog.museunacional.cat\/wp-content\/uploads\/BdV523_1748-300x225.jpg 300w, https:\/\/blog.museunacional.cat\/wp-content\/uploads\/BdV523_1748-768x576.jpg 768w, https:\/\/blog.museunacional.cat\/wp-content\/uploads\/BdV523_1748-1024x768.jpg 1024w\" sizes=\"auto, (max-width: 300px) 100vw, 300px\" \/><\/a><p id=\"caption-attachment-12130\" class=\"wp-caption-text\">Proceso de limpieza (BdV 523_1748)<\/p><\/div><\/td>\n<td style=\"border: hidden;\" valign=\"top\">\n<p><div id=\"attachment_12132\" style=\"width: 308px\" class=\"wp-caption alignnone\"><a href=\"https:\/\/blog.museunacional.cat\/wp-content\/uploads\/BdV523_6528.jpg\" target=\"_blank\" rel=\"noopener noreferrer\"><img loading=\"lazy\" decoding=\"async\" aria-describedby=\"caption-attachment-12132\" class=\"wp-image-12132\" src=\"https:\/\/blog.museunacional.cat\/wp-content\/uploads\/BdV523_6528.jpg\" alt=\"\" width=\"298\" height=\"223\" srcset=\"https:\/\/blog.museunacional.cat\/wp-content\/uploads\/BdV523_6528.jpg 3072w, https:\/\/blog.museunacional.cat\/wp-content\/uploads\/BdV523_6528-300x225.jpg 300w, https:\/\/blog.museunacional.cat\/wp-content\/uploads\/BdV523_6528-768x576.jpg 768w, https:\/\/blog.museunacional.cat\/wp-content\/uploads\/BdV523_6528-1024x768.jpg 1024w\" sizes=\"auto, (max-width: 298px) 100vw, 298px\" \/><\/a><p id=\"caption-attachment-12132\" class=\"wp-caption-text\">Proceso de limpieza (BdV 523_6528)<\/p><\/div><\/td>\n<\/tr>\n<\/tbody>\n<\/table>\n<div id=\"attachment_12134\" style=\"width: 630px\" class=\"wp-caption alignnone\"><a href=\"https:\/\/blog.museunacional.cat\/wp-content\/uploads\/BdV523_090613.jpg\" target=\"_blank\" rel=\"noopener noreferrer\"><img loading=\"lazy\" decoding=\"async\" aria-describedby=\"caption-attachment-12134\" class=\"wp-image-12134\" src=\"https:\/\/blog.museunacional.cat\/wp-content\/uploads\/BdV523_090613.jpg\" alt=\"\" width=\"620\" height=\"456\" srcset=\"https:\/\/blog.museunacional.cat\/wp-content\/uploads\/BdV523_090613.jpg 3000w, https:\/\/blog.museunacional.cat\/wp-content\/uploads\/BdV523_090613-300x221.jpg 300w, https:\/\/blog.museunacional.cat\/wp-content\/uploads\/BdV523_090613-768x564.jpg 768w, https:\/\/blog.museunacional.cat\/wp-content\/uploads\/BdV523_090613-1024x753.jpg 1024w\" sizes=\"auto, (max-width: 620px) 100vw, 620px\" \/><\/a><p id=\"caption-attachment-12134\" class=\"wp-caption-text\">Estado final de la obra despu\u00e9s de su restauraci\u00f3n (BdV 523_090613)<\/p><\/div>\n<p>En julio de 2017 se firm\u00f3 una segunda adenda por la que se trasladaban temporalmente al museo dos obras rom\u00e1nicas: un capitel de tipo corintio de principios del siglo XI y un relieve con figura nimbada del siglo XII con la misma finalidad.<\/p>\n<table style=\"height: 314px;\" border=\"0\" width=\"619\" cellspacing=\"0\" cellpadding=\"0\">\n<tbody>\n<tr>\n<td style=\"border: hidden;\" valign=\"top\">\n<p><div id=\"attachment_12135\" style=\"width: 318px\" class=\"wp-caption alignnone\"><a href=\"https:\/\/blog.museunacional.cat\/wp-content\/uploads\/516.04_091590.jpg\" target=\"_blank\" rel=\"noopener noreferrer\"><img loading=\"lazy\" decoding=\"async\" aria-describedby=\"caption-attachment-12135\" class=\"wp-image-12135\" src=\"https:\/\/blog.museunacional.cat\/wp-content\/uploads\/516.04_091590.jpg\" alt=\"\" width=\"308\" height=\"301\" srcset=\"https:\/\/blog.museunacional.cat\/wp-content\/uploads\/516.04_091590.jpg 3000w, https:\/\/blog.museunacional.cat\/wp-content\/uploads\/516.04_091590-300x294.jpg 300w, https:\/\/blog.museunacional.cat\/wp-content\/uploads\/516.04_091590-768x751.jpg 768w, https:\/\/blog.museunacional.cat\/wp-content\/uploads\/516.04_091590-1024x1002.jpg 1024w\" sizes=\"auto, (max-width: 308px) 100vw, 308px\" \/><\/a><p id=\"caption-attachment-12135\" class=\"wp-caption-text\">Capitel corintio (BdV 516.04_091590)<\/p><\/div><\/td>\n<td style=\"border: hidden;\" valign=\"top\">\n<p><div id=\"attachment_12136\" style=\"width: 299px\" class=\"wp-caption alignnone\"><a href=\"https:\/\/blog.museunacional.cat\/wp-content\/uploads\/091586.jpg\" target=\"_blank\" rel=\"noopener noreferrer\"><img loading=\"lazy\" decoding=\"async\" aria-describedby=\"caption-attachment-12136\" class=\"wp-image-12136\" src=\"https:\/\/blog.museunacional.cat\/wp-content\/uploads\/091586.jpg\" alt=\"\" width=\"289\" height=\"303\" srcset=\"https:\/\/blog.museunacional.cat\/wp-content\/uploads\/091586.jpg 2859w, https:\/\/blog.museunacional.cat\/wp-content\/uploads\/091586-286x300.jpg 286w, https:\/\/blog.museunacional.cat\/wp-content\/uploads\/091586-768x806.jpg 768w, https:\/\/blog.museunacional.cat\/wp-content\/uploads\/091586-976x1024.jpg 976w\" sizes=\"auto, (max-width: 289px) 100vw, 289px\" \/><\/a><p id=\"caption-attachment-12136\" class=\"wp-caption-text\">Capitel corintio (BdV 516-04_091586)<\/p><\/div><\/td>\n<\/tr>\n<\/tbody>\n<\/table>\n<div id=\"attachment_12138\" style=\"width: 630px\" class=\"wp-caption alignnone\"><a href=\"https:\/\/blog.museunacional.cat\/wp-content\/uploads\/516.04_091604.jpg\" target=\"_blank\" rel=\"noopener noreferrer\"><img loading=\"lazy\" decoding=\"async\" aria-describedby=\"caption-attachment-12138\" class=\"wp-image-12138\" src=\"https:\/\/blog.museunacional.cat\/wp-content\/uploads\/516.04_091604.jpg\" alt=\"\" width=\"620\" height=\"413\" srcset=\"https:\/\/blog.museunacional.cat\/wp-content\/uploads\/516.04_091604.jpg 3000w, https:\/\/blog.museunacional.cat\/wp-content\/uploads\/516.04_091604-300x200.jpg 300w, https:\/\/blog.museunacional.cat\/wp-content\/uploads\/516.04_091604-768x511.jpg 768w, https:\/\/blog.museunacional.cat\/wp-content\/uploads\/516.04_091604-1024x682.jpg 1024w\" sizes=\"auto, (max-width: 620px) 100vw, 620px\" \/><\/a><p id=\"caption-attachment-12138\" class=\"wp-caption-text\">Estado de conservaci\u00f3n inicial del capitel corintio (BdV 516.04_091604)<\/p><\/div>\n<div id=\"attachment_12140\" style=\"width: 295px\" class=\"wp-caption alignnone\"><a href=\"https:\/\/blog.museunacional.cat\/wp-content\/uploads\/544BdV_091618.jpg\" target=\"_blank\" rel=\"noopener noreferrer\"><img loading=\"lazy\" decoding=\"async\" aria-describedby=\"caption-attachment-12140\" class=\"wp-image-12140\" src=\"https:\/\/blog.museunacional.cat\/wp-content\/uploads\/544BdV_091618.jpg\" alt=\"\" width=\"285\" height=\"400\" srcset=\"https:\/\/blog.museunacional.cat\/wp-content\/uploads\/544BdV_091618.jpg 2139w, https:\/\/blog.museunacional.cat\/wp-content\/uploads\/544BdV_091618-214x300.jpg 214w, https:\/\/blog.museunacional.cat\/wp-content\/uploads\/544BdV_091618-768x1077.jpg 768w, https:\/\/blog.museunacional.cat\/wp-content\/uploads\/544BdV_091618-730x1024.jpg 730w\" sizes=\"auto, (max-width: 285px) 100vw, 285px\" \/><\/a><p id=\"caption-attachment-12140\" class=\"wp-caption-text\">Relieve con figura nimbada (BdV 544_091618)<\/p><\/div>\n<p>En general, el estado de conservaci\u00f3n de estas obras es consecuencia de los factores de degradaci\u00f3n medioambientales, pero sobre todo de los episodios de destrucci\u00f3n por causas naturales y los actos de vandalismo que sufri\u00f3 en diferentes per\u00edodos el monasterio de Santa Maria de Ripoll hasta concluir con su abandono. Los antecedentes hist\u00f3ricos describen, en ese sentido, hechos de todo tipo que finalizaron con los disturbios ocurridos en la primera oleada de bullangas en verano de 1835, en el contexto de la primera guerra carlista. Las funestas consecuencias de ese saqueo, con un grado de destrucci\u00f3n patrimonial muy elevado, y la desamortizaci\u00f3n de los bienes de las \u00f3rdenes seculares provocaron la exclaustraci\u00f3n y abandono definitivo del cenobio. A d\u00eda de hoy, en el estado de conservaci\u00f3n de esta peque\u00f1a muestra de escultura arquitect\u00f3nica que ha pasado por los talleres de restauraci\u00f3n del museo, est\u00e1 presente de manera abrumadora la memoria de esos hechos.<\/p>\n<p>De estas obras, que hasta hace poco se conservaban en las galer\u00edas del claustro, <strong>destacan por su singularidad los basamentos<\/strong>, que se cree que podr\u00edan formar parte de un segundo baldaquino de madera recubierto de plata que cubrir\u00eda el altar mayor de la bas\u00edlica, elaborados en el segundo tercio del siglo XII en un momento de gran vitalidad art\u00edstica. La calidad que atestigua este peque\u00f1o grupo de elementos preservados, con diferentes grados de mutilaci\u00f3n, nos conduce a imaginar lo que probablemente ten\u00eda que ser una estructura lit\u00fargica monumental, de caracter\u00edsticas t\u00e9cnicas y formales extraordinarias.<\/p>\n<p>El relieve con figura nimbada que actualmente se encuentra en estudio y que se intervendr\u00e1 a lo largo de 2018, se hab\u00eda dicho que podr\u00eda formar parte tambi\u00e9n del baldaquino mencionado. El tipo de piedra que lo constituye, sin embargo, una arenisca seguramente local, no se corresponder\u00eda con el tipo utilizado para elaborar los basamentos, litolog\u00eda equivalente a una modalidad de calc\u00e1rea f\u00f3sil de tonalidad ligeramente ocre, un tipo muy parecido a la piedra usada para esculpir los capiteles situados en la parte baja del claustro del monasterio de Sant Cugat del Vall\u00e8s, en gran parte tambi\u00e9n del siglo XII.<\/p>\n<p>Este relieve, de formato rectangular, representa una figura con nimbo entronizada que sustenta un libro con la mano derecha. La figura se mantiene bastante \u00edntegra y las p\u00e9rdidas de piedra, nada menospreciables, afectan partes poco relevantes del personaje. En algunos casos se observa una falta de cohesi\u00f3n de los minerales de composici\u00f3n. Estas peque\u00f1as disgregaciones han producido zonas con p\u00e9rdidas sutiles de volumen, pero sustanciales, sobre algunas partes del rostro, entre otras.<\/p>\n<div id=\"attachment_12107\" style=\"width: 630px\" class=\"wp-caption alignnone\"><a href=\"https:\/\/blog.museunacional.cat\/wp-content\/uploads\/19-4.jpg\" target=\"_blank\" rel=\"noopener noreferrer\"><img loading=\"lazy\" decoding=\"async\" aria-describedby=\"caption-attachment-12107\" class=\"wp-image-12107\" src=\"https:\/\/blog.museunacional.cat\/wp-content\/uploads\/19-4.jpg\" alt=\"\" width=\"620\" height=\"362\" srcset=\"https:\/\/blog.museunacional.cat\/wp-content\/uploads\/19-4.jpg 1320w, https:\/\/blog.museunacional.cat\/wp-content\/uploads\/19-4-300x175.jpg 300w, https:\/\/blog.museunacional.cat\/wp-content\/uploads\/19-4-768x448.jpg 768w, https:\/\/blog.museunacional.cat\/wp-content\/uploads\/19-4-1024x597.jpg 1024w\" sizes=\"auto, (max-width: 620px) 100vw, 620px\" \/><\/a><p id=\"caption-attachment-12107\" class=\"wp-caption-text\">Erosiones en la cara de la figura y roturas de la piedra en la parte superior del relieve (BdV\u00a0544_0361)<\/p><\/div>\n<p>Junto con el relieve, ingres\u00f3 en el museo, con las mismas condiciones, un capitel de tipo corintio de caracter\u00edsticas muy interesantes. Este capitel formar\u00eda parte de un conjunto conocido de 28 capiteles del siglo XI descubiertos en diferentes lugares de la Catalunya Vieja. De composici\u00f3n corintia, algunos autores apuntan a un ascendente que los relaciona con la escultura andalus\u00ed, que ejemplificar\u00eda las influencias que impregnaron, en la edad media, el mundo carolingio por parte de la cultura isl\u00e1mica. El capitel se incluye en el grupo de ocho unidades y varios fragmentos de caracter\u00edsticas similares que actualmente se conserva en el monasterio de Ripoll.<\/p>\n<p>El trabajo de restauraci\u00f3n en el Museu Nacional se basa habitualmente en las obras de su colecci\u00f3n, pero tambi\u00e9n se interviene en piezas que forman parte de exposiciones temporales y dep\u00f3sitos, de propiedad privada o de otras instituciones patrimoniales, cuando se establecen convenios de intercambio que benefician a ambas partes, como en el caso del acuerdo con el Patronato de monasterio de Santa Maria de Ripoll.<\/p>\n<h3>Enlaces relacionados<\/h3>\n<p><a href=\"https:\/\/blog.museunacional.cat\/es\/tres-capiteles-romanicos-de-sant-miquel-de-fluvia-identificados-en-el-museu-nacional\/\" target=\"_blank\" rel=\"noopener noreferrer\">Tres capiteles rom\u00e1nicos de Sant Miquel de Fluvi\u00e0 identificados en el Museu Nacional<\/a><\/p>\n","protected":false},"excerpt":{"rendered":"<p>Joan Pey \u00bfOs resultan familiares estas cuatro bases escult\u00f3ricas de piedra labrada del segundo tercio del siglo XII? Son propiedad del monasterio de Ripoll y est\u00e1n en dep\u00f3sito en el Museu Nacional d\u2019Art de Catalunya, expuestas en las salas de arte rom\u00e1nico. Una cabeza de le\u00f3n, que pertenece a la colecci\u00f3n del Museu Nacional y&#8230;<\/p>\n","protected":false},"author":59,"featured_media":12163,"comment_status":"open","ping_status":"open","sticky":false,"template":"","format":"standard","meta":{"_jetpack_memberships_contains_paid_content":false,"footnotes":""},"categories":[3,20],"tags":[914,798,1207,1211,1175],"class_list":["post-12146","post","type-post","status-publish","format-standard","has-post-thumbnail","hentry","category-general-es","category-restauracion","tag-romanico","tag-escultura-es","tag-monasterio-de-ripoll","tag-monasterio-de-ripoll-es","tag-piedra","author-joan-pey"],"jetpack_featured_media_url":"https:\/\/blog.museunacional.cat\/wp-content\/uploads\/cap\u00e7alera-36.jpg","jetpack_sharing_enabled":true,"jetpack_shortlink":"https:\/\/wp.me\/p4tWCI-39U","_links":{"self":[{"href":"https:\/\/blog.museunacional.cat\/es\/wp-json\/wp\/v2\/posts\/12146","targetHints":{"allow":["GET"]}}],"collection":[{"href":"https:\/\/blog.museunacional.cat\/es\/wp-json\/wp\/v2\/posts"}],"about":[{"href":"https:\/\/blog.museunacional.cat\/es\/wp-json\/wp\/v2\/types\/post"}],"author":[{"embeddable":true,"href":"https:\/\/blog.museunacional.cat\/es\/wp-json\/wp\/v2\/users\/59"}],"replies":[{"embeddable":true,"href":"https:\/\/blog.museunacional.cat\/es\/wp-json\/wp\/v2\/comments?post=12146"}],"version-history":[{"count":12,"href":"https:\/\/blog.museunacional.cat\/es\/wp-json\/wp\/v2\/posts\/12146\/revisions"}],"predecessor-version":[{"id":12779,"href":"https:\/\/blog.museunacional.cat\/es\/wp-json\/wp\/v2\/posts\/12146\/revisions\/12779"}],"wp:featuredmedia":[{"embeddable":true,"href":"https:\/\/blog.museunacional.cat\/es\/wp-json\/wp\/v2\/media\/12163"}],"wp:attachment":[{"href":"https:\/\/blog.museunacional.cat\/es\/wp-json\/wp\/v2\/media?parent=12146"}],"wp:term":[{"taxonomy":"category","embeddable":true,"href":"https:\/\/blog.museunacional.cat\/es\/wp-json\/wp\/v2\/categories?post=12146"},{"taxonomy":"post_tag","embeddable":true,"href":"https:\/\/blog.museunacional.cat\/es\/wp-json\/wp\/v2\/tags?post=12146"}],"curies":[{"name":"wp","href":"https:\/\/api.w.org\/{rel}","templated":true}]}}