
{"id":11505,"date":"2017-11-16T12:47:23","date_gmt":"2017-11-13T18:06:59","guid":{"rendered":"http:\/\/blog.museunacional.cat\/?p=11505"},"modified":"2020-03-03T10:01:15","modified_gmt":"2020-03-03T10:01:15","slug":"la-programacion-de-2018-del-museu-nacional","status":"publish","type":"post","link":"https:\/\/blog.museunacional.cat\/es\/la-programacion-de-2018-del-museu-nacional\/","title":{"rendered":"La programaci\u00f3n de 2018 del Museu Nacional"},"content":{"rendered":"<p>Os presentamos la <a href=\"https:\/\/www.museunacional.cat\/es\/exposiciones-futuras\" target=\"_blank\" rel=\"noopener noreferrer\">programaci\u00f3n<\/a> del Museu Nacional d\u2019Art de Catalunya para 2018, centrada en dos grandes exposiciones de dimensi\u00f3n y vocaci\u00f3n internacional. Estas exposiciones implican la colaboraci\u00f3n con museos internacionales y suponen el desarrollo de tem\u00e1ticas y artistas relacionados directamente con la colecci\u00f3n permanente del museo, estableciendo puentes y nuevas lecturas con los grandes movimientos art\u00edsticos internacionales.<\/p>\n<h3>Exposiciones<\/h3>\n<p><a href=\"https:\/\/www.museunacional.cat\/es\/william-morris-y-las-arts-crafts-en-gran-breta%C3%B1a\" target=\"_blank\" rel=\"noopener noreferrer\"><strong>William Morris y compa\u00f1\u00eda: el movimiento Arts and Crafts en Gran Breta\u00f1a<\/strong><\/a><\/p>\n<p>La primera gran muestra que el museo presentar\u00e1 en 2018 es la dedicada a William Morris y el movimiento Arts and Crafts, organizada conjuntamente con la <a href=\"https:\/\/www.march.es\/arte\/madrid\/exposiciones\/william-morris\/index.aspx?l=1\" target=\"_blank\" rel=\"noopener noreferrer\">Fundaci\u00f3n Juan March<\/a>. Se explora el gran movimiento art\u00edstico europeo relacionado con el modernismo, uno de los pilares de las colecciones del Museu Nacional.<\/p>\n<div id=\"attachment_11527\" style=\"width: 328px\" class=\"wp-caption alignnone\"><a href=\"https:\/\/blog.museunacional.cat\/wp-content\/uploads\/1.-Foto-W.-Morris.jpg\"><img loading=\"lazy\" decoding=\"async\" aria-describedby=\"caption-attachment-11527\" class=\"wp-image-11527\" src=\"https:\/\/blog.museunacional.cat\/wp-content\/uploads\/1.-Foto-W.-Morris.jpg\" alt=\"William Morris\" width=\"318\" height=\"469\" srcset=\"https:\/\/blog.museunacional.cat\/wp-content\/uploads\/1.-Foto-W.-Morris.jpg 2370w, https:\/\/blog.museunacional.cat\/wp-content\/uploads\/1.-Foto-W.-Morris-203x300.jpg 203w, https:\/\/blog.museunacional.cat\/wp-content\/uploads\/1.-Foto-W.-Morris-768x1132.jpg 768w, https:\/\/blog.museunacional.cat\/wp-content\/uploads\/1.-Foto-W.-Morris-695x1024.jpg 695w\" sizes=\"auto, (max-width: 318px) 100vw, 318px\" \/><\/a><p id=\"caption-attachment-11527\" class=\"wp-caption-text\">William Morris fotografiado por Emery Walker, c. 1887. Museo Nacional de Artes Decorativas, Madrid<\/p><\/div>\n<p><a href=\"https:\/\/es.wikipedia.org\/wiki\/William_Morris\" target=\"_blank\" rel=\"noopener noreferrer\">William Morris<\/a> es una de las figuras m\u00e1s relevantes de las artes, las letras y la cultura brit\u00e1nica de finales del siglo XIX. El movimiento <a href=\"https:\/\/es.wikipedia.org\/wiki\/Arts_and_Crafts\" target=\"_blank\" rel=\"noopener noreferrer\">Arts and Crafts <\/a>surgi\u00f3 alrededor de 1880 y se convirti\u00f3 en la corriente dominante en la artesan\u00eda y el dise\u00f1o brit\u00e1nicos hasta aproximadamente 1914; aunque su influencia persisti\u00f3 en algunas zonas hasta bien entrado el siglo XX.<\/p>\n<p>La exposici\u00f3n presenta 300 piezas importantes de mobiliario, textiles, papeles pintados, joyas, vidrio, cer\u00e1mica, metalister\u00eda, encuadernaciones, pintura, dibujo, grabado y fotograf\u00eda.<\/p>\n<div id=\"attachment_11487\" style=\"width: 610px\" class=\"wp-caption alignnone\"><a href=\"https:\/\/blog.museunacional.cat\/wp-content\/uploads\/3.-W.-Morris.-Bordado-Honeysuckle.jpg\" target=\"_blank\" rel=\"noopener noreferrer\"><img loading=\"lazy\" decoding=\"async\" aria-describedby=\"caption-attachment-11487\" class=\"wp-image-11487\" src=\"https:\/\/blog.museunacional.cat\/wp-content\/uploads\/3.-W.-Morris.-Bordado-Honeysuckle.jpg\" alt=\"\" width=\"600\" height=\"399\" srcset=\"https:\/\/blog.museunacional.cat\/wp-content\/uploads\/3.-W.-Morris.-Bordado-Honeysuckle.jpg 4256w, https:\/\/blog.museunacional.cat\/wp-content\/uploads\/3.-W.-Morris.-Bordado-Honeysuckle-300x200.jpg 300w, https:\/\/blog.museunacional.cat\/wp-content\/uploads\/3.-W.-Morris.-Bordado-Honeysuckle-768x511.jpg 768w, https:\/\/blog.museunacional.cat\/wp-content\/uploads\/3.-W.-Morris.-Bordado-Honeysuckle-1024x681.jpg 1024w\" sizes=\"auto, (max-width: 600px) 100vw, 600px\" \/><\/a><p id=\"caption-attachment-11487\" class=\"wp-caption-text\">William Morris, <em>Brodado Honeysuckle<\/em>,1880. Fuente: William Morris Gallery, Londres<\/p><\/div>\n<p>Es la primera vez que se organiza en nuestro pa\u00eds una muestra sobre este tema y, para ello, ha sido esencial la colaboraci\u00f3n del Victoria and Albert Museum y del British Museum. Se podr\u00e1 visitar en el Museu Nacional del 22 de febrero hasta el 20 de mayo de 2018.<\/p>\n<p><a href=\"https:\/\/www.museunacional.cat\/es\/gala-dali\" target=\"_blank\" rel=\"noopener noreferrer\"><strong>Gala Salvador Dal\u00ed. Una habitaci\u00f3n propia en P\u00fabol<\/strong><\/a><\/p>\n<p>Junto con la <a href=\"https:\/\/www.salvador-dali.org\/es\/fundacion-dali\/\" target=\"_blank\" rel=\"noopener noreferrer\">Fundaci\u00f3n Gala Salvador Dal\u00ed<\/a>, el museo prepara la primera gran exposici\u00f3n dedicada a Gala, una figura fundamental para entender el universo surrealista.<\/p>\n<div id=\"attachment_11489\" style=\"width: 338px\" class=\"wp-caption alignnone\"><a href=\"https:\/\/blog.museunacional.cat\/wp-content\/uploads\/2.-Eric-Schaal.-Gala-treballant-al-Somni-de-Venus.-1939.-Eric-Schaal-\u00a9-Fundaci\u00f3-Gala-Salvador-Dal\u00ed-Figueres-2017.jpg\" target=\"_blank\" rel=\"noopener noreferrer\"><img loading=\"lazy\" decoding=\"async\" aria-describedby=\"caption-attachment-11489\" class=\"wp-image-11489\" src=\"https:\/\/blog.museunacional.cat\/wp-content\/uploads\/2.-Eric-Schaal.-Gala-treballant-al-Somni-de-Venus.-1939.-Eric-Schaal-\u00a9-Fundaci\u00f3-Gala-Salvador-Dal\u00ed-Figueres-2017.jpg\" alt=\"\" width=\"328\" height=\"407\" srcset=\"https:\/\/blog.museunacional.cat\/wp-content\/uploads\/2.-Eric-Schaal.-Gala-treballant-al-Somni-de-Venus.-1939.-Eric-Schaal-\u00a9-Fundaci\u00f3-Gala-Salvador-Dal\u00ed-Figueres-2017.jpg 1500w, https:\/\/blog.museunacional.cat\/wp-content\/uploads\/2.-Eric-Schaal.-Gala-treballant-al-Somni-de-Venus.-1939.-Eric-Schaal-\u00a9-Fundaci\u00f3-Gala-Salvador-Dal\u00ed-Figueres-2017-242x300.jpg 242w, https:\/\/blog.museunacional.cat\/wp-content\/uploads\/2.-Eric-Schaal.-Gala-treballant-al-Somni-de-Venus.-1939.-Eric-Schaal-\u00a9-Fundaci\u00f3-Gala-Salvador-Dal\u00ed-Figueres-2017-768x954.jpg 768w, https:\/\/blog.museunacional.cat\/wp-content\/uploads\/2.-Eric-Schaal.-Gala-treballant-al-Somni-de-Venus.-1939.-Eric-Schaal-\u00a9-Fundaci\u00f3-Gala-Salvador-Dal\u00ed-Figueres-2017-824x1024.jpg 824w\" sizes=\"auto, (max-width: 328px) 100vw, 328px\" \/><\/a><p id=\"caption-attachment-11489\" class=\"wp-caption-text\">Eric Schaal, <em>Gala trabajando en el Sue\u00f1o de Venus<\/em>, 1939. Eric Schaal \u00a9 Fundaci\u00f3 Gala- Salvador Dal\u00ed, Figueres, 2017<\/p><\/div>\n<p>A pesar de su notable popularidad, Gala Dal\u00ed sigue siendo a\u00fan hoy un enigma. La muestra, comisariada por Estrella de Diego, descubrir\u00e1 una Gala que se camufla de musa mientras construye su propio camino como artista: escribe, dise\u00f1a ropa, imagina y crea su propia imagen, adem\u00e1s de convertirse en esencial en el desarrollo art\u00edstico de Dal\u00ed.<\/p>\n<div id=\"attachment_11491\" style=\"width: 610px\" class=\"wp-caption alignnone\"><a href=\"https:\/\/blog.museunacional.cat\/wp-content\/uploads\/3.-Salvador-Dal\u00ed.-Retrat-de-Gala-amb-dues-costelles-de-xai-en-equilibri-sobre-la-seva-espatlla.-c.-1934.-\u00a9-Fundaci\u00f3-Gala-Salvador-Dal\u00ed-Figueres-2017-.jpg\" target=\"_blank\" rel=\"noopener noreferrer\"><img loading=\"lazy\" decoding=\"async\" aria-describedby=\"caption-attachment-11491\" class=\"wp-image-11491\" src=\"https:\/\/blog.museunacional.cat\/wp-content\/uploads\/3.-Salvador-Dal\u00ed.-Retrat-de-Gala-amb-dues-costelles-de-xai-en-equilibri-sobre-la-seva-espatlla.-c.-1934.-\u00a9-Fundaci\u00f3-Gala-Salvador-Dal\u00ed-Figueres-2017-.jpg\" alt=\"\" width=\"600\" height=\"469\" srcset=\"https:\/\/blog.museunacional.cat\/wp-content\/uploads\/3.-Salvador-Dal\u00ed.-Retrat-de-Gala-amb-dues-costelles-de-xai-en-equilibri-sobre-la-seva-espatlla.-c.-1934.-\u00a9-Fundaci\u00f3-Gala-Salvador-Dal\u00ed-Figueres-2017-.jpg 1500w, https:\/\/blog.museunacional.cat\/wp-content\/uploads\/3.-Salvador-Dal\u00ed.-Retrat-de-Gala-amb-dues-costelles-de-xai-en-equilibri-sobre-la-seva-espatlla.-c.-1934.-\u00a9-Fundaci\u00f3-Gala-Salvador-Dal\u00ed-Figueres-2017--300x235.jpg 300w, https:\/\/blog.museunacional.cat\/wp-content\/uploads\/3.-Salvador-Dal\u00ed.-Retrat-de-Gala-amb-dues-costelles-de-xai-en-equilibri-sobre-la-seva-espatlla.-c.-1934.-\u00a9-Fundaci\u00f3-Gala-Salvador-Dal\u00ed-Figueres-2017--768x601.jpg 768w, https:\/\/blog.museunacional.cat\/wp-content\/uploads\/3.-Salvador-Dal\u00ed.-Retrat-de-Gala-amb-dues-costelles-de-xai-en-equilibri-sobre-la-seva-espatlla.-c.-1934.-\u00a9-Fundaci\u00f3-Gala-Salvador-Dal\u00ed-Figueres-2017--1024x801.jpg 1024w\" sizes=\"auto, (max-width: 600px) 100vw, 600px\" \/><\/a><p id=\"caption-attachment-11491\" class=\"wp-caption-text\">Salvador Dal\u00ed,<em> Retrato de Gala con dos costillas de cordero en equilibrio sobre su hombro<\/em>, hacia 1934. \u00a9 Fundaci\u00f3 Gala- Salvador Dal\u00ed, Figueres, 2017<\/p><\/div>\n<p>La exposici\u00f3n<em> Gala Salvador Dal\u00ed. Una habitaci\u00f3n propia en P\u00fabol<\/em> reunir\u00e1 un conjunto excepcional de obras de Dal\u00ed, adem\u00e1s de diferentes objetos que pertenecieron a Gala y una selecci\u00f3n de obras de otros artistas. Las obras proceden en buena parte de la Fundaci\u00f3 Gala Salvador Dal\u00ed de Figueres, as\u00ed como del Museo Dal\u00ed de San Petersburgo (Florida), el Centro Pompidou y otros museos y colecciones privadas. Se podr\u00e1 visitar en nuestro Museu Nacional del 5 de julio al 14 de octubre de 2018.<\/p>\n<p><strong><a href=\"https:\/\/www.museunacional.cat\/es\/el-arte-las-puertas-del-68-pop-y-nuevas-practicas-artisticas-en-catalu%C3%B1a\" target=\"_blank\" rel=\"noopener noreferrer\">El arte a las puertas del 68: Pop y nuevas pr\u00e1cticas art\u00edsticas en Catalu\u00f1a<\/a><br \/>\n<\/strong><\/p>\n<p>Una de las novedades de 2018 ser\u00e1 la puesta en marcha de una serie de exposiciones centradas en los a\u00f1os 50 a 70 del pasado siglo. La primera de ellas, <em>El arte a las puertas del 68: Pop y nuevas pr\u00e1cticas art\u00edsticas en Catalu\u00f1a<\/em>, ser\u00e1 una exposici\u00f3n de peque\u00f1o formato, fruto de la labor de investigaci\u00f3n que el museo ha realizado en estos \u00faltimos a\u00f1os para abordar en profundidad el arte catal\u00e1n de este periodo.<\/p>\n<div id=\"attachment_11493\" style=\"width: 328px\" class=\"wp-caption alignnone\"><a href=\"https:\/\/blog.museunacional.cat\/wp-content\/uploads\/2.-Norman-Narotzky-I-Am-a-Man-1968-1969.jpg\" target=\"_blank\" rel=\"noopener noreferrer\"><img loading=\"lazy\" decoding=\"async\" aria-describedby=\"caption-attachment-11493\" class=\"wp-image-11493\" src=\"https:\/\/blog.museunacional.cat\/wp-content\/uploads\/2.-Norman-Narotzky-I-Am-a-Man-1968-1969.jpg\" alt=\"\" width=\"318\" height=\"395\" srcset=\"https:\/\/blog.museunacional.cat\/wp-content\/uploads\/2.-Norman-Narotzky-I-Am-a-Man-1968-1969.jpg 559w, https:\/\/blog.museunacional.cat\/wp-content\/uploads\/2.-Norman-Narotzky-I-Am-a-Man-1968-1969-242x300.jpg 242w\" sizes=\"auto, (max-width: 318px) 100vw, 318px\" \/><\/a><p id=\"caption-attachment-11493\" class=\"wp-caption-text\">Norman Narotzky, <em>I Am a Man<\/em>, 1968-1969<\/p><\/div>\n<p>Pacifismo, revoluci\u00f3n sexual, cr\u00edtica al capitalismo, exploraci\u00f3n sin l\u00edmites de la creatividad individual, son algunos de los retos fundamentales manifestados por los artistas de estos a\u00f1os, a los que se a\u00f1ade la resistencia al contexto espec\u00edfico del franquismo. La muestra retratar\u00e1 un momento de tensi\u00f3n y entusiasmo que abri\u00f3 las puertas a una nueva sensibilidad.<\/p>\n<p>Comisariada por Alex Mitrani e Inma Pietro, est\u00e1 prevista para noviembre-diciembre de 2018.<\/p>\n<h3>Intervenciones en la colecci\u00f3n<\/h3>\n<p>El planteamiento que hacemos de la colecci\u00f3n ya no es permanente, sino cambiante. A\u00f1adiremos capas de lectura y se facilitar\u00e1 la generaci\u00f3n de diferentes relatos para que el visitante escoja y se construya su propio relato.<\/p>\n<p><a href=\"https:\/\/www.museunacional.cat\/es\/arte-de-la-postguerra-y-la-vanguardia\" target=\"_blank\" rel=\"noopener noreferrer\"><strong>Nuevas salas de arte moderno: la larga posguerra y la posibilidad de la vanguardia<\/strong><\/a><\/p>\n<p>Durante el 2018 se abrir\u00e1n dos nuevas salas dedicadas al arte de la posguerra y la vanguardia, que ampl\u00edan los l\u00edmites del relato hist\u00f3rico hasta los a\u00f1os 60 del siglo XX.<\/p>\n<div id=\"attachment_11490\" style=\"width: 328px\" class=\"wp-caption alignnone\"><a href=\"https:\/\/www.museunacional.cat\/sites\/default\/files\/251850-000_090760p.jpg\" target=\"_blank\" rel=\"noopener noreferrer\"><img loading=\"lazy\" decoding=\"async\" aria-describedby=\"caption-attachment-11490\" class=\"wp-image-11490\" src=\"https:\/\/blog.museunacional.cat\/wp-content\/uploads\/2.-Rafols-Casamada-El-Balc\u00f3.-Museu-nacional-dArt-de-Catalunya-.jpg\" alt=\"\" width=\"318\" height=\"402\" srcset=\"https:\/\/blog.museunacional.cat\/wp-content\/uploads\/2.-Rafols-Casamada-El-Balc\u00f3.-Museu-nacional-dArt-de-Catalunya-.jpg 3000w, https:\/\/blog.museunacional.cat\/wp-content\/uploads\/2.-Rafols-Casamada-El-Balc\u00f3.-Museu-nacional-dArt-de-Catalunya--237x300.jpg 237w, https:\/\/blog.museunacional.cat\/wp-content\/uploads\/2.-Rafols-Casamada-El-Balc\u00f3.-Museu-nacional-dArt-de-Catalunya--768x971.jpg 768w, https:\/\/blog.museunacional.cat\/wp-content\/uploads\/2.-Rafols-Casamada-El-Balc\u00f3.-Museu-nacional-dArt-de-Catalunya--810x1024.jpg 810w\" sizes=\"auto, (max-width: 318px) 100vw, 318px\" \/><\/a><p id=\"caption-attachment-11490\" class=\"wp-caption-text\">R\u00e0fols Casamada, <a href=\"https:\/\/www.museunacional.cat\/es\/colleccio\/el-balco-el-balcon\/albert-rafols-casamada\/251850-000\" target=\"_blank\" rel=\"noopener noreferrer\"><em>El balc\u00f3 (El balc\u00f3n)<\/em><\/a>, 1947<\/p><\/div>\n<p>A la espera de la ampliaci\u00f3n futura del museo, estas salas ser\u00e1n una <strong>prefiguraci\u00f3n del desarrollo del arte de los a\u00f1os posteriores a la Guerra Civil<\/strong> y funcionar\u00e1n como una exposici\u00f3n flexible y experimental dentro de la colecci\u00f3n permanente.<\/p>\n<div id=\"attachment_11495\" style=\"width: 610px\" class=\"wp-caption alignnone\"><a href=\"https:\/\/www.museunacional.cat\/sites\/default\/files\/202154-000.JPG\" target=\"_blank\" rel=\"noopener noreferrer\"><img loading=\"lazy\" decoding=\"async\" aria-describedby=\"caption-attachment-11495\" class=\"wp-image-11495\" src=\"https:\/\/blog.museunacional.cat\/wp-content\/uploads\/1.-Otho-Lloyd-Pla\u00e7a-de-Sant-Agust\u00ed-Vell.jpg\" alt=\"\" width=\"600\" height=\"454\" srcset=\"https:\/\/blog.museunacional.cat\/wp-content\/uploads\/1.-Otho-Lloyd-Pla\u00e7a-de-Sant-Agust\u00ed-Vell.jpg 3000w, https:\/\/blog.museunacional.cat\/wp-content\/uploads\/1.-Otho-Lloyd-Pla\u00e7a-de-Sant-Agust\u00ed-Vell-300x227.jpg 300w, https:\/\/blog.museunacional.cat\/wp-content\/uploads\/1.-Otho-Lloyd-Pla\u00e7a-de-Sant-Agust\u00ed-Vell-768x582.jpg 768w, https:\/\/blog.museunacional.cat\/wp-content\/uploads\/1.-Otho-Lloyd-Pla\u00e7a-de-Sant-Agust\u00ed-Vell-1024x776.jpg 1024w\" sizes=\"auto, (max-width: 600px) 100vw, 600px\" \/><\/a><p id=\"caption-attachment-11495\" class=\"wp-caption-text\">Otho Lloyd, <a href=\"https:\/\/www.museunacional.cat\/es\/colleccio\/plaza-de-sant-agusti-vell\/otho-lloyd\/202154-000\" target=\"_blank\" rel=\"noopener noreferrer\"><em>Pla\u00e7a de Sant Agust\u00ed Vell<\/em><\/a>, 1946<\/p><\/div>\n<p><strong>Incorporaciones a la colecci\u00f3n permanente y nuevas lecturas de las obras de arte modern <\/strong><\/p>\n<p>El museo se propone intensificar la tarea de mediaci\u00f3n e incorporar <strong>nuevas capas de lectura a la colecci\u00f3n de arte moderno<\/strong>, para hacerla m\u00e1s accesible a los diferentes p\u00fablicos.<\/p>\n<p>Se incluir\u00e1n progresivamente obras de los artistas de vanguardia a partir de fondos de otras instituciones y colecciones particulares. Una de las novedades ser\u00e1 la colaboraci\u00f3n con el <a href=\"http:\/\/www.museupicasso.bcn.cat\/es\" target=\"_blank\" rel=\"noopener noreferrer\">Museu Picasso de Barcelona<\/a> para reforzar la presencia de este artista en la colecci\u00f3n.<\/p>\n<div id=\"attachment_11496\" style=\"width: 610px\" class=\"wp-caption alignnone\"><a href=\"https:\/\/blog.museunacional.cat\/wp-content\/uploads\/modern.jpg\" target=\"_blank\" rel=\"noopener noreferrer\"><img loading=\"lazy\" decoding=\"async\" aria-describedby=\"caption-attachment-11496\" class=\"wp-image-11496\" src=\"https:\/\/blog.museunacional.cat\/wp-content\/uploads\/modern.jpg\" alt=\"\" width=\"600\" height=\"438\" srcset=\"https:\/\/blog.museunacional.cat\/wp-content\/uploads\/modern.jpg 2305w, https:\/\/blog.museunacional.cat\/wp-content\/uploads\/modern-300x219.jpg 300w, https:\/\/blog.museunacional.cat\/wp-content\/uploads\/modern-768x560.jpg 768w, https:\/\/blog.museunacional.cat\/wp-content\/uploads\/modern-1024x747.jpg 1024w\" sizes=\"auto, (max-width: 600px) 100vw, 600px\" \/><\/a><p id=\"caption-attachment-11496\" class=\"wp-caption-text\">Sala de arte moderno del museo. Foto: Marta M\u00e9rida<\/p><\/div>\n<h3>Proyectos de artista<\/h3>\n<p><strong>Pedro G. Romero. Habitaci\u00f3n <\/strong><\/p>\n<p>En las salas dedicadas a la Guerra Civil, en la colecci\u00f3n de arte moderno, se expondr\u00e1n los trabajos de Archivo FX sobre las llamadas checas psicot\u00e9cnicas de Alphonse Laurencic instaladas en los templos de las calles Vallmajor y Zaragoza de Barcelona y el convento de Santa \u00darsula de Valencia entre 1937 y 1939.<\/p>\n<p>Esta instalaci\u00f3n se enmarca en el trabajo realizado por el artista <a href=\"http:\/\/www.arteinformado.com\/guia\/f\/pedro-g-romero-2189\" target=\"_blank\" rel=\"noopener noreferrer\">Pedro G. Romero <\/a>e incluir\u00e1 material documental, fotograf\u00edas, filmes y bibliograf\u00eda que explican su funci\u00f3n y significado.<\/p>\n<div id=\"attachment_11499\" style=\"width: 328px\" class=\"wp-caption alignnone\"><a href=\"https:\/\/blog.museunacional.cat\/wp-content\/uploads\/txeca.jpg\" target=\"_blank\" rel=\"noopener noreferrer\"><img loading=\"lazy\" decoding=\"async\" aria-describedby=\"caption-attachment-11499\" class=\"wp-image-11499\" src=\"https:\/\/blog.museunacional.cat\/wp-content\/uploads\/txeca.jpg\" alt=\"\" width=\"318\" height=\"359\" srcset=\"https:\/\/blog.museunacional.cat\/wp-content\/uploads\/txeca.jpg 1975w, https:\/\/blog.museunacional.cat\/wp-content\/uploads\/txeca-266x300.jpg 266w, https:\/\/blog.museunacional.cat\/wp-content\/uploads\/txeca-768x867.jpg 768w, https:\/\/blog.museunacional.cat\/wp-content\/uploads\/txeca-907x1024.jpg 907w\" sizes=\"auto, (max-width: 318px) 100vw, 318px\" \/><\/a><p id=\"caption-attachment-11499\" class=\"wp-caption-text\"><em>Checa psicot\u00e9cnica<\/em> de Alphonse Laurencic<\/p><\/div>\n<h3>Exposiciones fuera del museo<\/h3>\n<p>La muestra dedicada a <a href=\"https:\/\/www.museunacional.cat\/es\/ramon-pichot\" target=\"_blank\" rel=\"noopener noreferrer\">Ramon Pichot. De Els Quatre Gats a la Maison Rose<\/a> se podr\u00e1 ver en CaixaForum Lleida y en CaixaForum Girona durante 2018 gracias a la colaboraci\u00f3n en este proyecto de la Obra Social \u00abla Caixa\u00bb.<\/p>\n<div id=\"attachment_11497\" style=\"width: 610px\" class=\"wp-caption alignnone\"><a href=\"https:\/\/www.museunacional.cat\/sites\/default\/files\/images\/field_exibition_images\/pichot.jpg\" target=\"_blank\" rel=\"noopener noreferrer\"><img loading=\"lazy\" decoding=\"async\" aria-describedby=\"caption-attachment-11497\" class=\"wp-image-11497\" src=\"https:\/\/blog.museunacional.cat\/wp-content\/uploads\/Germaine-1.jpg\" alt=\"\" width=\"600\" height=\"451\" srcset=\"https:\/\/blog.museunacional.cat\/wp-content\/uploads\/Germaine-1.jpg 1182w, https:\/\/blog.museunacional.cat\/wp-content\/uploads\/Germaine-1-300x225.jpg 300w, https:\/\/blog.museunacional.cat\/wp-content\/uploads\/Germaine-1-768x577.jpg 768w, https:\/\/blog.museunacional.cat\/wp-content\/uploads\/Germaine-1-1024x769.jpg 1024w\" sizes=\"auto, (max-width: 600px) 100vw, 600px\" \/><\/a><p id=\"caption-attachment-11497\" class=\"wp-caption-text\">Ramon Pichot, <em>Germaine<\/em>, hacia 1900. Colecci\u00f3n Artur Ramon<\/p><\/div>\n<p>El segundo semestre de 2018 el museo llevar\u00e1 a Brasil una peque\u00f1a exposici\u00f3n, con car\u00e1cter antol\u00f3gico, de obras de <a href=\"https:\/\/www.museunacional.cat\/es\/advanced-piece-search\/15219\" target=\"_blank\" rel=\"noopener noreferrer\"><strong>Juli Gonz\u00e1lez<\/strong><\/a>. La muestra incluir\u00e1 todas sus etapas y registros creativos (metalister\u00eda, pintura, dibujo y escultura), para valorar una vez m\u00e1s esta figura l\u00edder de la vanguardia internacional, padre de la escultura moderna en hierro.<\/p>\n<div id=\"attachment_11498\" style=\"width: 328px\" class=\"wp-caption alignnone\"><a href=\"https:\/\/www.museunacional.cat\/sites\/default\/files\/113511-000_004656.jpg\" target=\"_blank\" rel=\"noopener noreferrer\"><img loading=\"lazy\" decoding=\"async\" aria-describedby=\"caption-attachment-11498\" class=\"wp-image-11498\" src=\"https:\/\/blog.museunacional.cat\/wp-content\/uploads\/1.-Juli-Gonz\u00e1lez.-Autorretrat.jpg\" alt=\"\" width=\"318\" height=\"400\" srcset=\"https:\/\/blog.museunacional.cat\/wp-content\/uploads\/1.-Juli-Gonz\u00e1lez.-Autorretrat.jpg 2388w, https:\/\/blog.museunacional.cat\/wp-content\/uploads\/1.-Juli-Gonz\u00e1lez.-Autorretrat-239x300.jpg 239w, https:\/\/blog.museunacional.cat\/wp-content\/uploads\/1.-Juli-Gonz\u00e1lez.-Autorretrat-768x965.jpg 768w, https:\/\/blog.museunacional.cat\/wp-content\/uploads\/1.-Juli-Gonz\u00e1lez.-Autorretrat-815x1024.jpg 815w\" sizes=\"auto, (max-width: 318px) 100vw, 318px\" \/><\/a><p id=\"caption-attachment-11498\" class=\"wp-caption-text\">Juli Gonz\u00e1lez, <a href=\"https:\/\/www.museunacional.cat\/es\/colleccio\/autorretrato\/juli-gonzalez\/113511-000\" target=\"_blank\" rel=\"noopener noreferrer\"><em>Autorretrato<\/em><\/a>, hacia 1920-1926<\/p><\/div>\n<h3>A\u00fan pod\u00e9is visitar&#8230;<\/h3>\n<p>Las exposiciones <em><a href=\"https:\/\/www.museunacional.cat\/es\/ramon-pichot\" target=\"_blank\" rel=\"noopener noreferrer\">Ramon Pichot. De Els Quatre Gats a la Maison Rose<\/a><\/em> hasta el 21 de enero de 2018 y tambi\u00e9n <a href=\"https:\/\/www.museunacional.cat\/es\/la-caja-entropica-colision-de-historia-y-cultura\" target=\"_blank\" rel=\"noopener noreferrer\"><em>Francesc Torres. La caja entr\u00f3pica [El museo de objetos perdidos]<\/em><\/a> hasta el 14 de enero.<\/p>\n<p>\u00a1No las dej\u00e9is pasar!<\/p>\n<h3>Enlaces relacionados<\/h3>\n<p><a href=\"https:\/\/www.museunacional.cat\/es\/programacion-de-exposiciones-2018-1\" target=\"_blank\" rel=\"noopener noreferrer\">Dossier de prensa<\/a> (pdf &#8211; 7 Mb)<\/p>\n","protected":false},"excerpt":{"rendered":"<p>Os presentamos la programaci\u00f3n del Museu Nacional d\u2019Art de Catalunya para 2018, centrada en dos grandes exposiciones de dimensi\u00f3n y vocaci\u00f3n internacional. Estas exposiciones implican la colaboraci\u00f3n con museos internacionales y suponen el desarrollo de tem\u00e1ticas y artistas relacionados directamente con la colecci\u00f3n permanente del museo, estableciendo puentes y nuevas lecturas con los grandes movimientos&#8230;<\/p>\n","protected":false},"author":21,"featured_media":11483,"comment_status":"open","ping_status":"open","sticky":false,"template":"","format":"standard","meta":{"_jetpack_memberships_contains_paid_content":false,"footnotes":""},"categories":[14,19,1],"tags":[436,1186],"class_list":["post-11505","post","type-post","status-publish","format-standard","has-post-thumbnail","hentry","category-coleccion","category-exposiciones","category-general","tag-arte","tag-vanguardias","author-redacciomuseu"],"jetpack_featured_media_url":"https:\/\/blog.museunacional.cat\/wp-content\/uploads\/cap\u00e7alera-30.jpg","jetpack_sharing_enabled":true,"jetpack_shortlink":"https:\/\/wp.me\/p4tWCI-2Zz","_links":{"self":[{"href":"https:\/\/blog.museunacional.cat\/es\/wp-json\/wp\/v2\/posts\/11505","targetHints":{"allow":["GET"]}}],"collection":[{"href":"https:\/\/blog.museunacional.cat\/es\/wp-json\/wp\/v2\/posts"}],"about":[{"href":"https:\/\/blog.museunacional.cat\/es\/wp-json\/wp\/v2\/types\/post"}],"author":[{"embeddable":true,"href":"https:\/\/blog.museunacional.cat\/es\/wp-json\/wp\/v2\/users\/21"}],"replies":[{"embeddable":true,"href":"https:\/\/blog.museunacional.cat\/es\/wp-json\/wp\/v2\/comments?post=11505"}],"version-history":[{"count":17,"href":"https:\/\/blog.museunacional.cat\/es\/wp-json\/wp\/v2\/posts\/11505\/revisions"}],"predecessor-version":[{"id":19487,"href":"https:\/\/blog.museunacional.cat\/es\/wp-json\/wp\/v2\/posts\/11505\/revisions\/19487"}],"wp:featuredmedia":[{"embeddable":true,"href":"https:\/\/blog.museunacional.cat\/es\/wp-json\/wp\/v2\/media\/11483"}],"wp:attachment":[{"href":"https:\/\/blog.museunacional.cat\/es\/wp-json\/wp\/v2\/media?parent=11505"}],"wp:term":[{"taxonomy":"category","embeddable":true,"href":"https:\/\/blog.museunacional.cat\/es\/wp-json\/wp\/v2\/categories?post=11505"},{"taxonomy":"post_tag","embeddable":true,"href":"https:\/\/blog.museunacional.cat\/es\/wp-json\/wp\/v2\/tags?post=11505"}],"curies":[{"name":"wp","href":"https:\/\/api.w.org\/{rel}","templated":true}]}}