
{"id":16313,"date":"2019-05-16T12:05:42","date_gmt":"2019-05-16T12:05:42","guid":{"rendered":"https:\/\/blog.museunacional.cat\/?p=16313"},"modified":"2020-11-06T16:48:49","modified_gmt":"2020-11-06T16:48:49","slug":"maria-sampere-and-francesc-pausas-in-the-museu-nacional-dart-de-catalunya","status":"publish","type":"post","link":"https:\/\/blog.museunacional.cat\/en\/maria-sampere-and-francesc-pausas-in-the-museu-nacional-dart-de-catalunya\/","title":{"rendered":"Maria Sampere and Francesc Pausas in the Museu Nacional d\u2019Art de Catalunya"},"content":{"rendered":"\n<h6 class=\"wp-block-heading\">S\u00edlvia Lanceta<\/h6>\n\n\n\n<p>It is\nsurprising, or at least a little bit, that after the fascination caused by this\nfemale portrait, the fact is we know almost nothing about the author of this\npainting, <a href=\"https:\/\/www.uv.es\/jgpausas\/francesc_pausas_en.htm\">Francesc Pausas i\nColl.<\/a><\/p>\n\n\n\n<p>The woman\nof the portrait, who appears from within the darkness with a closed smile,\ndisturbing and with a challenging eyebrow, is Maria Sampere i Montseny, who, at\nthe same time, is the person who donated the work to the museum in 1946, at\nthat time being widow of the artist. In spite of being the emotional driver of\nthe painting, we know little about her.<\/p>\n\n\n\n<figure class=\"wp-block-image is-resized\"><a href=\"https:\/\/blog.museunacional.cat\/wp-content\/uploads\/maria-sampere-2.jpg\"><img loading=\"lazy\" decoding=\"async\" src=\"https:\/\/blog.museunacional.cat\/wp-content\/uploads\/maria-sampere-2-428x1024.jpg\" alt=\"Francesc Pausas, Portrait of Maria Sampere, the painter\u2019s wife, 1911\" class=\"wp-image-16285\" width=\"199\" height=\"478\" srcset=\"https:\/\/blog.museunacional.cat\/wp-content\/uploads\/maria-sampere-2-125x300.jpg 125w, https:\/\/blog.museunacional.cat\/wp-content\/uploads\/maria-sampere-2-768x1839.jpg 768w\" sizes=\"auto, (max-width: 199px) 100vw, 199px\" \/><\/a><figcaption>Francesc Pausas, <em><a href=\"https:\/\/www.museunacional.cat\/en\/colleccio\/portrait-maria-sampere-painters-wife\/francesc-pausas\/040912-000\">Portrait of Maria Sampere, the painter\u2019s wife<\/a><\/em>, 1911<\/figcaption><\/figure>\n\n\n\n<p>After this portrait of 1911, Maria was drawn, painted, esteemed and loved by Pausas, as she said of him, until July 1944, when the author of the painting died. Pausas did not endure another day after the unexpected and abrupt death of his only son. His heart <em>gave in<\/em> with so much pain. The right hand still took a few seconds to drop the pencil, which sketched the nakedness of a woman, by praising the slowness and the desire to learn always. The nude woman was sketched with a wide and open smile.<\/p>\n\n\n\n<p>Even though we don\u2019t know the exact date of his death, some references suggest it was 19th July.&nbsp; The same day, the same month, just eight years after his friend <a href=\"https:\/\/ca.wikipedia.org\/wiki\/Apel%C2%B7les_Mestres_i_O%C3%B1%C3%B3s\">Apel\u00b7les Mestres<\/a>, who he portrayed in 1934, in homage to the eightieth anniversary of <em>the<\/em> <em>friend of children, of flowers and of birds<\/em>.&nbsp; <\/p>\n\n\n\n<h3 class=\"wp-block-heading\">Francesc Pausas, perseverant artist<\/h3>\n\n\n\n<p>Pausas was and would always be a painter.&nbsp; He painted to live, to work, to disconnect, to love, to forget, to listen\u2026 He was born with a pencil under his arm, in a Barcelona that was expanding and was being renewed from top to bottom, and from left to right.&nbsp; On 21<sup>st<\/sup> April 1877.<\/p>\n\n\n\n<p>Before he was ten years old he was enrolled in the School of Fine Arts, prior to reaching the age of fifteen he was a student of Sorolla and when he was seventeen he presented <em>An artist<\/em> in the 2<sup>nd<\/sup> General Exhibition of Fine Arts, organized by Barcelona City Council.&nbsp; At that time, the young painter was already member of the Artistic Centre of Barcelona.&nbsp; Shortly afterwards, he would also form part of Sant Lluc. In these entities, he would start his professional career alongside multifaceted artists such as Isidre Nonell, Llu\u00eds Graner, Ramon Casas, Enric Claras\u00f3, Santiago Rusi\u00f1ol, Enric Galwey, Pau Audouard, Llimona &#8230;to name just a few.<\/p>\n\n\n\n<p>Discretion and modesty, which nowadays are no longer listed on the stock market, always accompanied the life of Pausas.&nbsp; Reflective, perseverant and artist, in all its meanings, Pausas developed friendships with eminent personalities, although little known. With his friend Ramon Vilar\u00f3, he kept up a relation of those which endure political discrepancies. With Miquel Llobet, confidences in Barcelona, in New York and, again, in Barcelona. And with Manuel Clausells, an activist of Catalan culture, he shared the same staircase, friendships and conversations while drawing <em>The Clausells girls<\/em>.&nbsp; <\/p>\n\n\n\n<h3 class=\"wp-block-heading\">The New York period of Pausas: reputation and prestige<\/h3>\n\n\n\n<p>But let\u2019s get back to 1911. <a href=\"https:\/\/www.museunacional.cat\/en\/colleccio\/portrait-maria-sampere-painters-wife\/francesc-pausas\/040912-000\">Portrait of a woman<\/a> is exhibited in the National Academy of Design of New York, the city in which Pausas resided from 1906 until the decade of the 1920s. The review1 of the annual exhibition published in <em><a href=\"https:\/\/www.jstor.org\/stable\/25590703\">American Art News<\/a><\/em> &nbsp;\u00ab a surprising work (&#8230;) in the boldness of the drawing, and in the life and action of the figure that should lead the artist to gaining a well-deserved reputation\u00bb. There is also evidence in an inscription on the back of the canvas where it states \u00abMiss. M. Sampere Montseny\/New York\/National Academy of Design\/-1911-\/F.Pausas\u00bb.<\/p>\n\n\n\n<figure class=\"wp-block-image is-resized\"><a href=\"https:\/\/blog.museunacional.cat\/wp-content\/uploads\/Francesc-Pausas-i-familia-La-Havana-1927.jpg\"><img loading=\"lazy\" decoding=\"async\" src=\"https:\/\/blog.museunacional.cat\/wp-content\/uploads\/Francesc-Pausas-i-familia-La-Havana-1927-640x1024.jpg\" alt=\"Francesc Pausas i fam\u00edlia, La Havana, 1927\" class=\"wp-image-16264\" width=\"306\" height=\"489\" srcset=\"https:\/\/blog.museunacional.cat\/wp-content\/uploads\/Francesc-Pausas-i-familia-La-Havana-1927-640x1024.jpg 640w, https:\/\/blog.museunacional.cat\/wp-content\/uploads\/Francesc-Pausas-i-familia-La-Havana-1927-188x300.jpg 188w, https:\/\/blog.museunacional.cat\/wp-content\/uploads\/Francesc-Pausas-i-familia-La-Havana-1927-768x1229.jpg 768w, https:\/\/blog.museunacional.cat\/wp-content\/uploads\/Francesc-Pausas-i-familia-La-Havana-1927.jpg 805w\" sizes=\"auto, (max-width: 306px) 100vw, 306px\" \/><\/a><figcaption>Francesc Pausas and family, Havana, 1927<\/figcaption><\/figure>\n\n\n\n<p>And yes, Pausas had a good reputation, which translated into prestige and money, for more than twenty years, mainly in North America and Cuba. (The woman of the portrait,) Maria Sampere and Montseny (,) opened the door to the world of music for him, in New York. Emmy Destinn, Lucrezia Bori, Dinah Gilly, Tamaki Miura, Maria Gay &#8230; continue to sing opera on the canvases of Pausas. Celebrities from the world of politics and art in general, from the first quarter of the 20th century, were immortalized in the Pausas\u2019 oils. For sure, nowadays they are resting in private collections.<\/p>\n\n\n\n<h3 class=\"wp-block-heading\">Artistic production of Francesc Pausas<\/h3>\n\n\n\n<p>The public can only enjoy three of them publicly exhibited. The <em>Portrait of Thomas Ustick Walter<\/em> (1925), the architect of the US Capitol, in the same building in Washington. In the Grohmann Museum in Milwaukee (Wisconsin), one of the most charismatic works by Pausas, <em>Brooklyn Galvanizing shop<\/em>. The most important museum dedicated to the world of work bought it for \u20ac40,000 in 2006. In Europe, the artistic recognition of Pausas can (only) be found in the Museu Nacional d\u2019Art de Catalunya, Barcelona, which, since 2014, has been exhibited as <em>Portrait of Maria Sampere<\/em>, wife of the artist in the room dedicated to the &#8220;Bourgeois Portrait&#8221; from the permanent collection of Modern Art (Room 45).<\/p>\n\n\n\n<ul class=\"wp-block-gallery columns-2 is-cropped wp-block-gallery-2 is-layout-flex wp-block-gallery-is-layout-flex\"><li class=\"blocks-gallery-item\"><figure><a href=\"https:\/\/blog.museunacional.cat\/wp-content\/uploads\/Enriqueta-Corominas-Cots-Francesc-Pausas.jpg\"><img loading=\"lazy\" decoding=\"async\" width=\"396\" height=\"595\" src=\"https:\/\/blog.museunacional.cat\/wp-content\/uploads\/Enriqueta-Corominas-Cots-Francesc-Pausas.jpg\" alt=\"\" data-id=\"16298\" data-link=\"https:\/\/blog.museunacional.cat\/?attachment_id=16298\" class=\"wp-image-16298\" srcset=\"https:\/\/blog.museunacional.cat\/wp-content\/uploads\/Enriqueta-Corominas-Cots-Francesc-Pausas.jpg 396w, https:\/\/blog.museunacional.cat\/wp-content\/uploads\/Enriqueta-Corominas-Cots-Francesc-Pausas-200x300.jpg 200w\" sizes=\"auto, (max-width: 396px) 100vw, 396px\" \/><\/a><figcaption>Francesc Pausas,  <br \/><em><a href=\"https:\/\/www.museunacional.cat\/en\/colleccio\/portrait-enriqueta-corominas-i-cots\/francesc-pausas\/113707-000\">Portrait of Enriqueta Corominas Cots<\/a><\/em>, 1934<\/figcaption><\/figure><\/li><li class=\"blocks-gallery-item\"><figure><a href=\"https:\/\/blog.museunacional.cat\/wp-content\/uploads\/Eug\u00e8nia-Roig-Francesc-Pausas-2.jpg\"><img loading=\"lazy\" decoding=\"async\" width=\"396\" height=\"595\" src=\"https:\/\/blog.museunacional.cat\/wp-content\/uploads\/Eug\u00e8nia-Roig-Francesc-Pausas-2.jpg\" alt=\"\" data-id=\"16311\" data-link=\"https:\/\/blog.museunacional.cat\/?attachment_id=16311\" class=\"wp-image-16311\" srcset=\"https:\/\/blog.museunacional.cat\/wp-content\/uploads\/Eug\u00e8nia-Roig-Francesc-Pausas-2.jpg 396w, https:\/\/blog.museunacional.cat\/wp-content\/uploads\/Eug\u00e8nia-Roig-Francesc-Pausas-2-200x300.jpg 200w\" sizes=\"auto, (max-width: 396px) 100vw, 396px\" \/><\/a><figcaption> <br \/>Francesc Pausas,  <br \/><em><a href=\"https:\/\/www.museunacional.cat\/en\/colleccio\/portrait-eugenia-ordeig\/francesc-pausas\/114816-000\">Portrait of Eug\u00e8nia Ordeig<\/a><\/em>, 1930-1944 <\/figcaption><\/figure><\/li><\/ul>\n\n\n\n<p>Furthermore, the museum conserves two more oil paintings &#8211; <em><a href=\"https:\/\/www.museunacional.cat\/en\/colleccio\/portrait-enriqueta-corominas-i-cots\/francesc-pausas\/113707-000\">Portrait of Enriqueta Corominas Cots<\/a><\/em> and <em><a href=\"https:\/\/www.museunacional.cat\/en\/colleccio\/portrait-eugenia-ordeig\/francesc-pausas\/114816-000\">Portrait of Eug\u00e8nia Ordeig<\/a><\/em>, and three drawings &#8211; <em><a href=\"https:\/\/www.museunacional.cat\/en\/colleccio\/portrait-little-girl\/francesc-pausas\/068837-d\">Portrait of a littler girl<\/a>, <a href=\"https:\/\/www.museunacional.cat\/en\/colleccio\/portrait-carlos-enrique-ordeig\/francesc-pausas\/114817-d\">Portrait of Carlos Enrique Ordeig<\/a> <\/em>and another<em> <a href=\"https:\/\/www.museunacional.cat\/en\/colleccio\/portrait-eugenia-ordeig\/francesc-pausas\/114818-d\">Portrait of Eug\u00e8nia Ordeig<\/a><\/em>. We would love these works to be exhibited in public soon, as well as the painting <em>Tomas Moran&#8217;s studio<\/em> (1911), from the collection of the Banc de Sabadell.<\/p>\n\n\n\n<ul class=\"wp-block-gallery columns-3 is-cropped wp-block-gallery-3 is-layout-flex wp-block-gallery-is-layout-flex\"><li class=\"blocks-gallery-item\"><figure><a href=\"https:\/\/blog.museunacional.cat\/wp-content\/uploads\/Carlos-Enrique-Ordeig-Francesc-Pausas-721x1024.jpg\"><img loading=\"lazy\" decoding=\"async\" width=\"721\" height=\"1024\" src=\"https:\/\/blog.museunacional.cat\/wp-content\/uploads\/Carlos-Enrique-Ordeig-Francesc-Pausas-721x1024.jpg\" alt=\"\" data-id=\"16289\" data-link=\"https:\/\/blog.museunacional.cat\/?attachment_id=16289\" class=\"wp-image-16289\" srcset=\"https:\/\/blog.museunacional.cat\/wp-content\/uploads\/Carlos-Enrique-Ordeig-Francesc-Pausas-721x1024.jpg 721w, https:\/\/blog.museunacional.cat\/wp-content\/uploads\/Carlos-Enrique-Ordeig-Francesc-Pausas-211x300.jpg 211w, https:\/\/blog.museunacional.cat\/wp-content\/uploads\/Carlos-Enrique-Ordeig-Francesc-Pausas-768x1091.jpg 768w, https:\/\/blog.museunacional.cat\/wp-content\/uploads\/Carlos-Enrique-Ordeig-Francesc-Pausas.jpg 1000w\" sizes=\"auto, (max-width: 721px) 100vw, 721px\" \/><\/a><figcaption>Francesc Pausas,  <br \/><em><a href=\"https:\/\/www.museunacional.cat\/en\/colleccio\/portrait-carlos-enrique-ordeig\/francesc-pausas\/114817-d\">Portrait of Carlos Enrique Ordeig<\/a><\/em><em>,<\/em>1934<\/figcaption><\/figure><\/li><li class=\"blocks-gallery-item\"><figure><a href=\"https:\/\/blog.museunacional.cat\/wp-content\/uploads\/Francesc-Pausas-Coll-dibuix-721x1024.jpg\"><img loading=\"lazy\" decoding=\"async\" width=\"721\" height=\"1024\" src=\"https:\/\/blog.museunacional.cat\/wp-content\/uploads\/Francesc-Pausas-Coll-dibuix-721x1024.jpg\" alt=\"\" data-id=\"16290\" data-link=\"https:\/\/blog.museunacional.cat\/?attachment_id=16290\" class=\"wp-image-16290\" srcset=\"https:\/\/blog.museunacional.cat\/wp-content\/uploads\/Francesc-Pausas-Coll-dibuix-721x1024.jpg 721w, https:\/\/blog.museunacional.cat\/wp-content\/uploads\/Francesc-Pausas-Coll-dibuix-211x300.jpg 211w, https:\/\/blog.museunacional.cat\/wp-content\/uploads\/Francesc-Pausas-Coll-dibuix-768x1091.jpg 768w, https:\/\/blog.museunacional.cat\/wp-content\/uploads\/Francesc-Pausas-Coll-dibuix.jpg 1000w\" sizes=\"auto, (max-width: 721px) 100vw, 721px\" \/><\/a><figcaption>Francesc Pausas,  <br \/><em><a href=\"https:\/\/www.museunacional.cat\/en\/colleccio\/portrait-eugenia-ordeig\/francesc-pausas\/114818-d\">Portrait of Eug\u00e8nia Ordeig<\/a><\/em>, 1934<\/figcaption><\/figure><\/li><li class=\"blocks-gallery-item\"><figure><a href=\"https:\/\/blog.museunacional.cat\/wp-content\/uploads\/Retrat-de-nena-Francesc-Pausas-721x1024.jpg\"><img loading=\"lazy\" decoding=\"async\" width=\"721\" height=\"1024\" src=\"https:\/\/blog.museunacional.cat\/wp-content\/uploads\/Retrat-de-nena-Francesc-Pausas-721x1024.jpg\" alt=\"\" data-id=\"16291\" data-link=\"https:\/\/blog.museunacional.cat\/?attachment_id=16291\" class=\"wp-image-16291\" srcset=\"https:\/\/blog.museunacional.cat\/wp-content\/uploads\/Retrat-de-nena-Francesc-Pausas-721x1024.jpg 721w, https:\/\/blog.museunacional.cat\/wp-content\/uploads\/Retrat-de-nena-Francesc-Pausas-211x300.jpg 211w, https:\/\/blog.museunacional.cat\/wp-content\/uploads\/Retrat-de-nena-Francesc-Pausas-768x1091.jpg 768w, https:\/\/blog.museunacional.cat\/wp-content\/uploads\/Retrat-de-nena-Francesc-Pausas.jpg 1000w\" sizes=\"auto, (max-width: 721px) 100vw, 721px\" \/><\/a><figcaption>Francesc Pausas,  <br \/><em><a href=\"https:\/\/www.museunacional.cat\/en\/colleccio\/portrait-little-girl\/francesc-pausas\/068837-d\">Portrait of a littler girl<\/a>,<\/em>  1930-1944<\/figcaption><\/figure><\/li><\/ul>\n\n\n\n<h3 class=\"wp-block-heading\">Pausas, a little-known artist<\/h3>\n\n\n\n<p>The majority of the works of Pausas, that you can see in the website of&nbsp; <a href=\"https:\/\/www.uv.es\/jgpausas\/francesc_pausas_en.htm\">Francesc Pausas Coll (1877-1944), universal and unknown painter<\/a>, produced due to the persistence of one of his great nephews, the ecologist Juli G. Pausas, can be found in private homes of relatives and descendants of friends of the painter. Because in his home, he began to taste prestige in the time of the Republic. It was erased at the end of the damned Uncivil War. And the beginning of the postwar period did not give him the opportunity to redraw it.<\/p>\n\n\n\n<figure class=\"wp-block-image is-resized\"><a href=\"https:\/\/blog.museunacional.cat\/wp-content\/uploads\/silvia-lanecta-i-el-familiar-de-la-persona-retratada-2.jpg\"><img loading=\"lazy\" decoding=\"async\" src=\"https:\/\/blog.museunacional.cat\/wp-content\/uploads\/silvia-lanecta-i-el-familiar-de-la-persona-retratada-2-650x1024.jpg\" alt=\"lvia Lanceta, autora del blog, amb Juli G. Pausas \" class=\"wp-image-16286\" width=\"252\" height=\"396\" srcset=\"https:\/\/blog.museunacional.cat\/wp-content\/uploads\/silvia-lanecta-i-el-familiar-de-la-persona-retratada-2-650x1024.jpg 650w, https:\/\/blog.museunacional.cat\/wp-content\/uploads\/silvia-lanecta-i-el-familiar-de-la-persona-retratada-2-191x300.jpg 191w, https:\/\/blog.museunacional.cat\/wp-content\/uploads\/silvia-lanecta-i-el-familiar-de-la-persona-retratada-2-768x1209.jpg 768w, https:\/\/blog.museunacional.cat\/wp-content\/uploads\/silvia-lanecta-i-el-familiar-de-la-persona-retratada-2.jpg 1286w\" sizes=\"auto, (max-width: 252px) 100vw, 252px\" \/><\/a><figcaption>Silvia Lanceta, the author of this text, with Juli G. Pausas <\/figcaption><\/figure>\n\n\n\n<p>Recently, in 2016, the book <a href=\"https:\/\/ccuc.csuc.cat\/record=b1359868~S34*cat\"><em>Modernist painting<\/em><\/a>, published by <em>Enciclop\u00e8dia Catalana<\/em> and directed by\nFrancesc Fontbona, dedicated an entry to Francesc Pausas, with a text by the\nart historian Llu\u00efsa Sala, which included a comment, precisely about this\nportrait, where she identifies her as the artist\u2019s wife.<\/p>\n\n\n\n<p>Currently, little else is known about him other than his name, Francesc\nPausas i Coll, recognized discreetly in some of the voluminous modernist\npainting books such as the one mentioned above, and the years between brackets\nthat frame his life (Barcelona, 1877-1944). But what interests us is not the\nframe, but the script that contains what he lived and painted. Therefore, we\ncontinue researching so as to enlarge this tiny script, until the retina\nfocuses on the oil portrait of his sixty-seven years.<\/p>\n\n\n\n<p>On another occasion, if you allow me to do so, we will talk about the silences that explain so many things about Pausas.<\/p>\n\n\n\n<h3 class=\"wp-block-heading\">Related links<\/h3>\n\n\n\n<p><a href=\"https:\/\/www.uv.es\/jgpausas\/francesc_pausas.htm\">F<\/a><a href=\"https:\/\/www.uv.es\/jgpausas\/francesc_pausas_en.htm\">Francesc Pausas Coll (1877-1944), universal and unknown painter<\/a><\/p>\n\n\n\n<p>&#8220;<a href=\"https:\/\/ccuc.csuc.cat\/record=b1081023~S34*cat\">Modernism in Spain<\/a>&#8220;, 1969, catalogue of the exhibition<a href=\"https:\/\/ccuc.csuc.cat\/record=b1081023~S34*cat\"><em>E<\/em><\/a><\/p>\n\n\n\n<p><em><a href=\"https:\/\/www.jstor.org\/stable\/25590703\">American Art News<\/a><\/em>, Vol. 9, 1911<\/p>\n\n\n\n<h6 class=\"wp-block-heading\"><strong>S\u00edlvia Lanceta<\/strong><\/h6>\n","protected":false},"excerpt":{"rendered":"<p>S\u00edlvia Lanceta It is surprising, or at least a little bit, that after the fascination caused by this female portrait, the fact is we know almost nothing about the author of this painting, Francesc Pausas i Coll. The woman of the portrait, who appears from within the darkness with a closed smile, disturbing and with&#8230;<\/p>\n","protected":false},"author":47,"featured_media":16314,"comment_status":"open","ping_status":"open","sticky":false,"template":"","format":"standard","meta":{"_jetpack_memberships_contains_paid_content":false,"footnotes":""},"categories":[13,15],"tags":[395,268],"class_list":["post-16313","post","type-post","status-publish","format-standard","has-post-thumbnail","hentry","category-colleccio","category-collection","tag-modern-art","tag-painting","author-guest"],"jetpack_featured_media_url":"https:\/\/blog.museunacional.cat\/wp-content\/uploads\/maria-sampere-i-francesc-pausas.jpg","jetpack_sharing_enabled":true,"jetpack_shortlink":"https:\/\/wp.me\/p4tWCI-4f7","_links":{"self":[{"href":"https:\/\/blog.museunacional.cat\/en\/wp-json\/wp\/v2\/posts\/16313","targetHints":{"allow":["GET"]}}],"collection":[{"href":"https:\/\/blog.museunacional.cat\/en\/wp-json\/wp\/v2\/posts"}],"about":[{"href":"https:\/\/blog.museunacional.cat\/en\/wp-json\/wp\/v2\/types\/post"}],"author":[{"embeddable":true,"href":"https:\/\/blog.museunacional.cat\/en\/wp-json\/wp\/v2\/users\/47"}],"replies":[{"embeddable":true,"href":"https:\/\/blog.museunacional.cat\/en\/wp-json\/wp\/v2\/comments?post=16313"}],"version-history":[{"count":6,"href":"https:\/\/blog.museunacional.cat\/en\/wp-json\/wp\/v2\/posts\/16313\/revisions"}],"predecessor-version":[{"id":23683,"href":"https:\/\/blog.museunacional.cat\/en\/wp-json\/wp\/v2\/posts\/16313\/revisions\/23683"}],"wp:featuredmedia":[{"embeddable":true,"href":"https:\/\/blog.museunacional.cat\/en\/wp-json\/wp\/v2\/media\/16314"}],"wp:attachment":[{"href":"https:\/\/blog.museunacional.cat\/en\/wp-json\/wp\/v2\/media?parent=16313"}],"wp:term":[{"taxonomy":"category","embeddable":true,"href":"https:\/\/blog.museunacional.cat\/en\/wp-json\/wp\/v2\/categories?post=16313"},{"taxonomy":"post_tag","embeddable":true,"href":"https:\/\/blog.museunacional.cat\/en\/wp-json\/wp\/v2\/tags?post=16313"}],"curies":[{"name":"wp","href":"https:\/\/api.w.org\/{rel}","templated":true}]}}